{"id":156081,"date":"2025-06-06T08:43:09","date_gmt":"2025-06-06T08:43:09","guid":{"rendered":"https:\/\/www.europesays.com\/fr\/156081\/"},"modified":"2025-06-06T08:43:09","modified_gmt":"2025-06-06T08:43:09","slug":"eco-responsabilite-et-securite-peuvent-rimer-avec-festivites","status":"publish","type":"post","link":"https:\/\/www.europesays.com\/fr\/156081\/","title":{"rendered":"\u00e9co-responsabilit\u00e9 et s\u00e9curit\u00e9 peuvent rimer avec festivit\u00e9s"},"content":{"rendered":"<p>C\u2019est avec la conviction de devoir \u00ab\u00a0r\u00e9sister par les festivals\u00a0\u00bb, que Christoph Wiesner, directeur des <a href=\"https:\/\/www.rencontres-arles.com\/fr\" target=\"_blank\" rel=\"noopener\">Rencontres photographiques d\u2019Arles<\/a>, qualifiait la n\u00e9cessit\u00e9 de faire vivre la culture sur notre territoire, lors de la conf\u00e9rence de presse des festivals d\u2019\u00e9t\u00e9\u00a02025 donn\u00e9e par la R\u00e9gion Paca ce mercredi 5\u00a0juin \u00e0 Marseille. La saison s\u2019ouvre le 6\u00a0juin alors que les annonces de l\u2019\u00c9tat de f\u00e9vrier\u00a02025, pr\u00e9voyant une baisse de 150\u00a0millions d\u2019euros du budget culturel, ont une r\u00e9percussion \u00e0 l\u2019\u00e9chelle r\u00e9gionale.<\/p>\n","protected":false},"excerpt":{"rendered":"C\u2019est avec la conviction de devoir \u00ab\u00a0r\u00e9sister par les festivals\u00a0\u00bb, que Christoph Wiesner, directeur des Rencontres photographiques d\u2019Arles,&hellip;\n","protected":false},"author":2,"featured_media":156082,"comment_status":"","ping_status":"","sticky":false,"template":"","format":"standard","meta":{"footnotes":""},"categories":[2814],"tags":[17,1111,11,251,27744,28676,1777,674,3337,1011,27,884,12,883,10936,882,25,656],"class_list":{"0":"post-156081","1":"post","2":"type-post","3":"status-publish","4":"format-standard","5":"has-post-thumbnail","7":"category-marseille","8":"tag-17","9":"tag-actu","10":"tag-actualites","11":"tag-culture","12":"tag-dete","13":"tag-eco-responsabilite","14":"tag-eu","15":"tag-europe","16":"tag-festivals","17":"tag-fr","18":"tag-france","19":"tag-marseille","20":"tag-news","21":"tag-paca","22":"tag-peuvent","23":"tag-provence-alpes-cote-dazur","24":"tag-republique-francaise","25":"tag-securite"},"share_on_mastodon":{"url":"https:\/\/pubeurope.com\/@fr\/114635538748962182","error":""},"_links":{"self":[{"href":"https:\/\/www.europesays.com\/fr\/wp-json\/wp\/v2\/posts\/156081","targetHints":{"allow":["GET"]}}],"collection":[{"href":"https:\/\/www.europesays.com\/fr\/wp-json\/wp\/v2\/posts"}],"about":[{"href":"https:\/\/www.europesays.com\/fr\/wp-json\/wp\/v2\/types\/post"}],"author":[{"embeddable":true,"href":"https:\/\/www.europesays.com\/fr\/wp-json\/wp\/v2\/users\/2"}],"replies":[{"embeddable":true,"href":"https:\/\/www.europesays.com\/fr\/wp-json\/wp\/v2\/comments?post=156081"}],"version-history":[{"count":0,"href":"https:\/\/www.europesays.com\/fr\/wp-json\/wp\/v2\/posts\/156081\/revisions"}],"wp:featuredmedia":[{"embeddable":true,"href":"https:\/\/www.europesays.com\/fr\/wp-json\/wp\/v2\/media\/156082"}],"wp:attachment":[{"href":"https:\/\/www.europesays.com\/fr\/wp-json\/wp\/v2\/media?parent=156081"}],"wp:term":[{"taxonomy":"category","embeddable":true,"href":"https:\/\/www.europesays.com\/fr\/wp-json\/wp\/v2\/categories?post=156081"},{"taxonomy":"post_tag","embeddable":true,"href":"https:\/\/www.europesays.com\/fr\/wp-json\/wp\/v2\/tags?post=156081"}],"curies":[{"name":"wp","href":"https:\/\/api.w.org\/{rel}","templated":true}]}}