{"id":156083,"date":"2025-06-06T08:44:23","date_gmt":"2025-06-06T08:44:23","guid":{"rendered":"https:\/\/www.europesays.com\/fr\/156083\/"},"modified":"2025-06-06T08:44:23","modified_gmt":"2025-06-06T08:44:23","slug":"marseille-the-art-of-the-brick-une-exposition-lego-incontournable","status":"publish","type":"post","link":"https:\/\/www.europesays.com\/fr\/156083\/","title":{"rendered":"Marseille : The Art of the brick, une exposition Lego incontournable"},"content":{"rendered":"<p><img loading=\"lazy\" decoding=\"async\" alt=\"A.Z. - The Art of brick consacre une partie de son exposition marseillaise \u00e0 la reproduction d'\u0153uvre d'art, comme ici le David de Michel-Ange.\" data-zoom-src=\"https:\/\/www.europesays.com\/fr\/wp-content\/uploads\/2025\/06\/initial-david-lego-marseille.jpg\" data-zoomable=\"\" height=\"702\" src=\"https:\/\/www.europesays.com\/fr\/wp-content\/uploads\/2025\/06\/initial-david-lego-marseille.jpg\" width=\"1248\"\/>  <\/p>\n<p class=\"article-desc\">A.Z. &#8211; The Art of brick consacre une partie de son exposition marseillaise \u00e0 la reproduction d&rsquo;\u0153uvre d&rsquo;art, comme ici le David de Michel-Ange. <\/p>\n<p>R\u00e9alis\u00e9e en collaboration avec la <a href=\"https:\/\/mesinfos.fr\/13330-pelissanne\/aurore-et-johann-vivent-de-la-passion-des-lego-r-a-pelissanne-211013.html\" rel=\"noopener\" target=\"_blank\">marque Lego<\/a>, <a href=\"https:\/\/theartofthebrickexpo.com\/marseille\" rel=\"noopener\" target=\"_blank\">The Art of the brick <\/a>a d\u00e9j\u00e0 conquis quelque 10 millions de personnes \u00e0 travers le monde. Cette <strong>exposition <\/strong>de l\u2019am\u00e9ricain <a href=\"https:\/\/nathansawaya.com\/\" rel=\"noopener\" target=\"_blank\">Nathan Sawaya <\/a>a pris ses quartiers rue Saint-Ferr\u00e9ol. Une tr\u00e8s bonne nouvelle pour le c\u0153ur de ville de Marseille.<\/p>\n<p> <img decoding=\"async\" alt=\"\" data-zoomable=\"\" height=\"1500\" loading=\"lazy\" src=\"https:\/\/www.europesays.com\/fr\/wp-content\/uploads\/2025\/06\/the-art-of-brick-marseille.jpg\" width=\"2000\"\/> \u00a9 A.Z. &#8211; Plus d\u2019une centaine d\u2019\u0153uvres sont expos\u00e9es sur deux niveaux, avec pour chacune, une notice explicative pr\u00e9cisant notamment le nombre de briques Lego utilis\u00e9es.  Que voir \u00e0 l\u2019exposition Lego \u00e0 Marseille ? <\/p>\n<p>Pr\u00e9sent\u00e9e par Exhibition Hub et Fever (d\u00e9j\u00e0 organisatrice des expos autour de Van Gogh ou Vivaldi), The Art of the brick est une belle r\u00e9ussite, qui <strong>tourne depuis 15 ans dans le monde<\/strong>. Sur 1 000 m2, plusieurs espaces th\u00e9matiques vous attendent : les \u0153uvres d\u2019art, les animaux, les humains, les ic\u00f4nes de la musique et du pop art\u2026 avec un espace tout sp\u00e9cialement pens\u00e9 pour Marseille.<\/p>\n<p> <img decoding=\"async\" alt=\"\" class=\"img-align-center img-size-limited\" data-zoomable=\"\" height=\"1500\" loading=\"lazy\" src=\"https:\/\/www.europesays.com\/fr\/wp-content\/uploads\/2025\/06\/the-art-of-brick-marseille-humain.jpg\" width=\"2000\"\/> \u00a9 A.Z.- L&rsquo;artiste a pass\u00e9 trois semaines \u00e0 r\u00e9aliser cette \u0153uvre \u00e0 l&rsquo;aide de 9 000 briques Lego. <\/p>\n<p>Nathan Sawaya y pr\u00e9sente non seulement ses cr\u00e9ations en brique, mais aussi les photos du photographe Dean West, associ\u00e9es \u00e0 des \u00e9l\u00e9ments en Lego (tong, nuage\u2026). Cet <strong>ancien avocat d\u2019affaires new-yorkais<\/strong> est le premier artiste \u00e0 avoir introduit le Lego dans le monde de l\u2019art.<\/p>\n<p>Nos coups de c\u0153ur ? Forc\u00e9ment \u00ab\u00a0Le David\u00a0\u00bb de Marseille, \u00ab\u00a0Le Cri\u00a0\u00bb de Munch et tout l\u2019espace o\u00f9 l\u2019artiste donne \u00e0 voir sa vision de l\u2019humain. <\/p>\n<p> Les bonus de The Art of the brick <\/p>\n<p>Bien s\u00fbr, \u00e0 la sortie de l\u2019exposition, une petite boutique vous attend, mais aussi une piscine \u00e0 Lego\u2026 et un <strong>photomaton <\/strong>qui saura vous transformer en personnage de Lego. C&rsquo;est plus ou moins ressemblant mais le r\u00e9sultat est marrant, dans un esprit tr\u00e8s pop art.<\/p>\n<p> <img decoding=\"async\" alt=\"\" class=\"img-align-center img-size-limited\" data-zoomable=\"\" height=\"1500\" loading=\"lazy\" src=\"https:\/\/www.europesays.com\/fr\/wp-content\/uploads\/2025\/06\/boutique-the-art-of-brick-marseille.jpg\" width=\"2000\"\/> \u00a9 A.Z. &#8211; L\u2019exposition The Art of the brick, de Nathan Sawaya, a \u00e9t\u00e9 qualifi\u00e9e par CNN comme l\u2019une des dix expos immanquables au monde.\u00a0 <\/p>\n<p>La photo co\u00fbte 10 \u20ac, mais nous vous conseillons fortement de prendre l\u2019option photo lors de votre r\u00e9servation en ligne, ce qui vous donne droit \u00e0 2\u20ac de r\u00e9duction. Compte tenu de l\u2019affluence attendue, la <strong>r\u00e9servation est de toute fa\u00e7on fortement conseill\u00e9e.<\/strong> En fonction de son succ\u00e8s, l&rsquo;exposition pourra \u00eatre prolong\u00e9e par les organisateurs au-del\u00e0 de l&rsquo;\u00e9t\u00e9. <\/p>\n<p>The Art of the brick, 45, rue Saint-Ferr\u00e9ol, Marseille 1er. Tous les jours sauf le mardi. De 10 h \u00e0 19 h 30. Tarifs \u00e0 partir de 10,90 \u20ac pour les enfants, 13,90 \u20ac pour les adultes. Gratuit pour les moins de 4 ans. <\/p>\n","protected":false},"excerpt":{"rendered":"A.Z. &#8211; The Art of brick consacre une partie de son exposition marseillaise \u00e0 la reproduction d&rsquo;\u0153uvre d&rsquo;art,&hellip;\n","protected":false},"author":2,"featured_media":156084,"comment_status":"","ping_status":"","sticky":false,"template":"","format":"standard","meta":{"footnotes":""},"categories":[2814],"tags":[1111,11,3734,2937,1777,674,1011,27,28677,884,12,882,25],"class_list":{"0":"post-156083","1":"post","2":"type-post","3":"status-publish","4":"format-standard","5":"has-post-thumbnail","7":"category-marseille","8":"tag-actu","9":"tag-actualites","10":"tag-art","11":"tag-artistes","12":"tag-eu","13":"tag-europe","14":"tag-fr","15":"tag-france","16":"tag-lu00e9go","17":"tag-marseille","18":"tag-news","19":"tag-provence-alpes-cote-dazur","20":"tag-republique-francaise"},"share_on_mastodon":{"url":"https:\/\/pubeurope.com\/@fr\/114635542754886809","error":""},"_links":{"self":[{"href":"https:\/\/www.europesays.com\/fr\/wp-json\/wp\/v2\/posts\/156083","targetHints":{"allow":["GET"]}}],"collection":[{"href":"https:\/\/www.europesays.com\/fr\/wp-json\/wp\/v2\/posts"}],"about":[{"href":"https:\/\/www.europesays.com\/fr\/wp-json\/wp\/v2\/types\/post"}],"author":[{"embeddable":true,"href":"https:\/\/www.europesays.com\/fr\/wp-json\/wp\/v2\/users\/2"}],"replies":[{"embeddable":true,"href":"https:\/\/www.europesays.com\/fr\/wp-json\/wp\/v2\/comments?post=156083"}],"version-history":[{"count":0,"href":"https:\/\/www.europesays.com\/fr\/wp-json\/wp\/v2\/posts\/156083\/revisions"}],"wp:featuredmedia":[{"embeddable":true,"href":"https:\/\/www.europesays.com\/fr\/wp-json\/wp\/v2\/media\/156084"}],"wp:attachment":[{"href":"https:\/\/www.europesays.com\/fr\/wp-json\/wp\/v2\/media?parent=156083"}],"wp:term":[{"taxonomy":"category","embeddable":true,"href":"https:\/\/www.europesays.com\/fr\/wp-json\/wp\/v2\/categories?post=156083"},{"taxonomy":"post_tag","embeddable":true,"href":"https:\/\/www.europesays.com\/fr\/wp-json\/wp\/v2\/tags?post=156083"}],"curies":[{"name":"wp","href":"https:\/\/api.w.org\/{rel}","templated":true}]}}