{"id":156085,"date":"2025-06-06T08:45:08","date_gmt":"2025-06-06T08:45:08","guid":{"rendered":"https:\/\/www.europesays.com\/fr\/156085\/"},"modified":"2025-06-06T08:45:08","modified_gmt":"2025-06-06T08:45:08","slug":"tcl-a-lyon-un-voyageur-au-comportement-inadmissible-arrete-dans-le-tramway","status":"publish","type":"post","link":"https:\/\/www.europesays.com\/fr\/156085\/","title":{"rendered":"TCL \u00e0 Lyon. Un voyageur au comportement inadmissible arr\u00eat\u00e9 dans le tramway"},"content":{"rendered":"<p>            Par<br \/>\n        <strong><br \/>\n            <a href=\"https:\/\/actu.fr\/auteur\/julien-damboise\" title=\"Consulter tous les articles de Julien Damboise\" target=\"_blank\" rel=\"noopener\">Julien Damboise<\/a><br \/>\n        <\/strong><\/p>\n<p>        Publi\u00e9 le<\/p>\n<p>            6 juin 2025 \u00e0 10h21<br \/>\n        ; mis \u00e0 jour le 6 juin 2025 \u00e0 10h22    <\/p>\n<p>Les policiers du Rh\u00f4ne \u00e9taient <strong>au bon endroit, au bon moment<\/strong> ce lundi 2 juin 2025, sur la commune de <a href=\"https:\/\/actu.fr\/auvergne-rhone-alpes\/villeurbanne_69266\" target=\"_blank\" rel=\"noopener\">Villeurbanne<\/a>, dans la m\u00e9tropole de <a href=\"https:\/\/actu.fr\/auvergne-rhone-alpes\/lyon_69123\" target=\"_blank\" rel=\"noopener\">Lyon<\/a>.<\/p>\n<p class=\" wall-content\">En patrouille de s\u00e9curisation dans le tramway T1 du r\u00e9seau <a href=\"https:\/\/actu.fr\/tag\/transports-en-commun-lyonnais-tcl\" target=\"_blank\" rel=\"noopener\">TCL<\/a>, les agents ont surpris<strong> un frotteur<\/strong> en pleine agression sexuelle sur une jeune femme. Le suspect, un alg\u00e9rien en <strong>situation irr\u00e9guli\u00e8re,<\/strong> a \u00e9t\u00e9 imm\u00e9diatement interpell\u00e9.<\/p>\n<p>Il collait les jeunes femmes<\/p>\n<p class=\" wall-content\">Vers 18 h, le mis en cause a coll\u00e9 volontairement des jeunes femmes au sein m\u00eame de la rame de tramway. Apr\u00e8s plusieurs minutes de surveillance, les fonctionnaires ont vu l\u2019homme se rapprocher d\u2019une femme assise. Avec une main dans le cale\u00e7on,<strong> il frottait son sexe<\/strong> en \u00e9rection \u00e0 travers son pantalon contre le bras de la victime.<\/p>\n<p class=\" wall-content\">Cette derni\u00e8re tentait tant bien que mal de s\u2019\u00e9carter pour \u00e9chapper au <strong>frotteur<\/strong>. Les policiers sont imm\u00e9diatement intervenus pour mettre fin \u00e0 cette <a href=\"https:\/\/actu.fr\/auvergne-rhone-alpes\/lyon_69123\/info-actu-lyon-un-enfant-de-13-ans-victime-d-un-viol-dans-une-piscine-municipale_62529253.html\" target=\"_blank\" rel=\"noopener\">agression sexuelle<\/a>, en interpellant l\u2019individu au niveau de la station Charpennes.<\/p>\n<p class=\" wall-content\">La victime, <strong>choqu\u00e9e<\/strong>, a d\u00e9pos\u00e9 plainte.<\/p>\n<p>Un suspect bien trop connu<\/p>\n<p class=\" wall-content\">Le mis en cause, un <strong>Alg\u00e9rien<\/strong> d\u00e9j\u00e0 d\u00e9favorablement connu des services de police, notamment pour une proc\u00e9dure en cours pour des faits similaires datant de juin 2024, a ni\u00e9 les faits lors de son audition au commissariat.<\/p>\n<p class=\" wall-content\">En <strong>situation irr\u00e9guli\u00e8re<\/strong> sur le territoire fran\u00e7ais, l\u2019homme a \u00e9t\u00e9 notifi\u00e9 d\u2019une obligation de quitter le territoire fran\u00e7ais (OQTF) avec interdiction de retour d\u2019une dur\u00e9e de trois ans, ainsi qu\u2019une assignation \u00e0 r\u00e9sidence.<\/p>\n<p class=\" wall-content\">Pr\u00e9sent\u00e9 au parquet de Lyon mercredi 4 juin, il a \u00e9t\u00e9 plac\u00e9 sous <strong>mandat de d\u00e9p\u00f4t<\/strong> et condamn\u00e9 \u00e0 18 mois d\u2019emprisonnement d\u00e9lictuel.<\/p>\n<p class=\" wall-content\">Suivez toute l\u2019actualit\u00e9 de vos villes et m\u00e9dias favoris en vous inscrivant \u00e0 <a href=\"https:\/\/moncompte.actu.fr\" title=\"D\u00e9couvez Mon Actu\" rel=\"nofollow noopener\" data-trk=\"{&quot;cta&quot;:{&quot;action&quot;:&quot;https:\\\/\\\/moncompte.actu.fr&quot;,&quot;category&quot;:&quot;mon compte&quot;,&quot;from&quot;:&quot;article footer&quot;,&quot;name&quot;:&quot;Mon actu&quot;,&quot;type&quot;:&quot;cta&quot;}}\" target=\"_blank\">Mon Actu<\/a>.<\/p>\n","protected":false},"excerpt":{"rendered":"Par Julien Damboise Publi\u00e9 le 6 juin 2025 \u00e0 10h21 ; mis \u00e0 jour le 6 juin 2025&hellip;\n","protected":false},"author":2,"featured_media":156086,"comment_status":"","ping_status":"","sticky":false,"template":"","format":"standard","meta":{"footnotes":""},"categories":[1889],"tags":[1111,11,2430,1777,674,118,1011,27,2825,2428,12,1072,25,5787],"class_list":{"0":"post-156085","1":"post","2":"type-post","3":"status-publish","4":"format-standard","5":"has-post-thumbnail","7":"category-lyon","8":"tag-actu","9":"tag-actualites","10":"tag-auvergne-rhone-alpes","11":"tag-eu","12":"tag-europe","13":"tag-faits-divers","14":"tag-fr","15":"tag-france","16":"tag-insecurite","17":"tag-lyon","18":"tag-news","19":"tag-police","20":"tag-republique-francaise","21":"tag-transports-en-commun-lyonnais-tcl"},"share_on_mastodon":{"url":"https:\/\/pubeurope.com\/@fr\/114635546765084589","error":""},"_links":{"self":[{"href":"https:\/\/www.europesays.com\/fr\/wp-json\/wp\/v2\/posts\/156085","targetHints":{"allow":["GET"]}}],"collection":[{"href":"https:\/\/www.europesays.com\/fr\/wp-json\/wp\/v2\/posts"}],"about":[{"href":"https:\/\/www.europesays.com\/fr\/wp-json\/wp\/v2\/types\/post"}],"author":[{"embeddable":true,"href":"https:\/\/www.europesays.com\/fr\/wp-json\/wp\/v2\/users\/2"}],"replies":[{"embeddable":true,"href":"https:\/\/www.europesays.com\/fr\/wp-json\/wp\/v2\/comments?post=156085"}],"version-history":[{"count":0,"href":"https:\/\/www.europesays.com\/fr\/wp-json\/wp\/v2\/posts\/156085\/revisions"}],"wp:featuredmedia":[{"embeddable":true,"href":"https:\/\/www.europesays.com\/fr\/wp-json\/wp\/v2\/media\/156086"}],"wp:attachment":[{"href":"https:\/\/www.europesays.com\/fr\/wp-json\/wp\/v2\/media?parent=156085"}],"wp:term":[{"taxonomy":"category","embeddable":true,"href":"https:\/\/www.europesays.com\/fr\/wp-json\/wp\/v2\/categories?post=156085"},{"taxonomy":"post_tag","embeddable":true,"href":"https:\/\/www.europesays.com\/fr\/wp-json\/wp\/v2\/tags?post=156085"}],"curies":[{"name":"wp","href":"https:\/\/api.w.org\/{rel}","templated":true}]}}