{"id":156091,"date":"2025-06-06T08:49:09","date_gmt":"2025-06-06T08:49:09","guid":{"rendered":"https:\/\/www.europesays.com\/fr\/156091\/"},"modified":"2025-06-06T08:49:09","modified_gmt":"2025-06-06T08:49:09","slug":"trois-hommes-incarceres-des-soupcons-sur-la-russie","status":"publish","type":"post","link":"https:\/\/www.europesays.com\/fr\/156091\/","title":{"rendered":"trois hommes incarc\u00e9r\u00e9s, des soup\u00e7ons sur la Russie"},"content":{"rendered":"<p>            Par<br \/>\n        <strong><br \/>\n            <a href=\"https:\/\/actu.fr\/auteur\/emilie-salabelle\" title=\"Consulter tous les articles de Emilie Salabelle\" target=\"_blank\" rel=\"noopener\">Emilie Salabelle<\/a><br \/>\n        <\/strong><\/p>\n<p>        Publi\u00e9 le<\/p>\n<p>            6 juin 2025 \u00e0 10h26        <\/p>\n<p>La th\u00e8se d\u2019une<a href=\"https:\/\/actu.fr\/ile-de-france\/paris_75056\/lieux-juifs-asperges-de-peinture-verte-a-paris-une-nouvelle-tentative-de-destabilisation-etrangere_62724888.html\" target=\"_blank\" rel=\"noopener\"> tentative de d\u00e9stabilisation venue de Russie<\/a> se renforce. Apr\u00e8s<a href=\"https:\/\/actu.fr\/ile-de-france\/paris_75056\/on-sait-ou-ca-commence-a-paris-jets-de-peinture-verte-sur-deux-synagogues-et-le-memorial-de-la-shoah_62711653.html\" target=\"_blank\" rel=\"noopener\"> les jets de peinture verte<\/a> d\u00e9couverts sur le <a href=\"https:\/\/actu.fr\/tag\/memorial-de-la-shoah\" target=\"_blank\" rel=\"noopener\">M\u00e9morial de la Shoah<\/a>, plusieurs synagogues et un restaurant de la capitale, <strong>trois hommes de nationalit\u00e9 serbe<\/strong> ont \u00e9t\u00e9 inculp\u00e9s et \u00e9crou\u00e9s \u00e0 <a href=\"https:\/\/actu.fr\/paris\/\" target=\"_blank\" rel=\"noopener\">Paris<\/a> jeudi 5\u00a0juin 2025 dans la soir\u00e9e. Ils sont suspect\u00e9s d\u2019avoir d\u00e9grad\u00e9 les lieux juifs avec de la peinture verte le week-end dernier \u00ab\u2009dans le but de <strong>servir les int\u00e9r\u00eats d\u2019une puissance \u00e9trang\u00e8re<\/strong>\u2009\u00bb, a appris l\u2019AFP de source judiciaire vendredi 6\u00a0juin.<\/p>\n<p>Des commanditaires sans conscience des enjeux politiques<\/p>\n<p class=\" wall-content\">Selon une source proche du dossier, les enqu\u00eateurs <strong>suspectent la Russie<\/strong> d\u2019avoir instigu\u00e9 ces actions. Des messages auraient \u00e9t\u00e9 \u00e9chang\u00e9s par les mis en cause sur Telegram avec d\u2019autres protagonistes qui n\u2019auraient pas \u00e9t\u00e9 interpell\u00e9s \u00e0 ce stade, selon cette source.<\/p>\n<p class=\" wall-content\">Les trois hommes, pr\u00e9sent\u00e9s par la source proche du dossier comme des <strong>ex\u00e9cutants<\/strong> simplement motiv\u00e9s par l\u2019argent mais sans conscience des enjeux g\u00e9opolitiques, avaient \u00e9t\u00e9 interpell\u00e9s lundi 2\u00a0juin 2025 dans le sud-est de la France alors qu\u2019ils s\u2019appr\u00eataient \u00e0 quitter le territoire.<\/p>\n<p class=\" wall-content\">Dans la nuit de vendredi\u00a030 au samedi 31\u00a0mai 2025, ils sont suspect\u00e9s d\u2019avoir <strong>asperg\u00e9 de peinture verte<\/strong> le <a href=\"https:\/\/actu.fr\/ile-de-france\/paris_75056\/le-memorial-de-la-shoah-a-paris-ajoute-94-nouveaux-noms-sur-le-mur-des-justes_51337376.html\" target=\"_blank\" rel=\"noopener\">Mur des Justes<\/a> du M\u00e9morial de la Shoah, trois synagogues et un restaurant de la communaut\u00e9 juive dans la capitale.<\/p>\n<p class=\" wall-content\">Les trois Serbes, n\u00e9s en 1995 pour deux d\u2019entre eux et en 2003 pour le troisi\u00e8me, ont \u00e9t\u00e9 inculp\u00e9s, pour d\u00e9gradations sur biens priv\u00e9s, d\u2019un bien class\u00e9 et d\u2019un \u00e9difice de culte, ces trois infractions ayant \u00e9t\u00e9 commises en r\u00e9union, en raison de la religion ou de l\u2019ethnie suppos\u00e9e, et dans le but de<strong> servir les int\u00e9r\u00eats d\u2019une puissance \u00e9trang\u00e8re<\/strong>, a pr\u00e9cis\u00e9 la source judiciaire. Deux d\u2019entre eux ont \u00e9t\u00e9 plac\u00e9s en d\u00e9tention provisoire, le troisi\u00e8me a sollicit\u00e9 un d\u00e9bat diff\u00e9r\u00e9 qui aura lieu en milieu de semaine prochaine. Selon la source proche du dossier, il s\u2019agit de deux fr\u00e8res et d\u2019un troisi\u00e8me homme qui vivait lui en France d\u00e9j\u00e0 depuis plusieurs ann\u00e9es.<\/p>\n<p>Vid\u00e9os : en ce moment sur ActuUne affaire qui rappelle celle des \u00ab\u2009mains rouges\u2009\u00bb<\/p>\n<p class=\" wall-content\">La piste d\u2019une op\u00e9ration de d\u00e9stabilisation venue de l\u2019\u00e9tranger avait rapidement \u00e9t\u00e9 envisag\u00e9e par les enqu\u00eateurs, selon une autre source proche du dossier, \u00e0 l\u2019image de l\u2019<a href=\"https:\/\/actu.fr\/ile-de-france\/paris_75056\/memorial-de-la-shoah-tague-a-paris-les-services-secrets-russes-derriere-les-graffitis_61096876.html\" target=\"_blank\" rel=\"noopener\">affaire dite des \u00ab\u2009mains rouges\u2009\u00bb<\/a> de mai\u00a02024.<\/p>\n<p class=\" wall-content\">Dans cette affaire, trois Bulgares, soup\u00e7onn\u00e9s de les avoir peintes, ont \u00e9t\u00e9 <a href=\"https:\/\/actu.fr\/ile-de-france\/paris_75056\/mains-rouges-taguees-sur-le-memorial-de-la-shoah-a-paris-une-personne-incarceree_61708188.html\" target=\"_blank\" rel=\"noopener\">inculp\u00e9s et plac\u00e9s en d\u00e9tention provisoire<\/a> en fin d\u2019ann\u00e9e derni\u00e8re. Les <strong>tags de \u00ab\u2009mains rouges\u2009\u00bb<\/strong>, symbole pouvant \u00eatre li\u00e9 au lynchage de soldats isra\u00e9liens \u00e0 Ramallah en 2000, ont \u00e9t\u00e9 analys\u00e9s par les services de s\u00e9curit\u00e9 comme une op\u00e9ration d\u2019ing\u00e9rence de la part de Russophones.<\/p>\n<p class=\" wall-content\"><strong>Avec AFP<\/strong><\/p>\n<p class=\" wall-content\">Suivez toute l\u2019actualit\u00e9 de vos villes et m\u00e9dias favoris en vous inscrivant \u00e0 <a href=\"https:\/\/moncompte.actu.fr\" title=\"D\u00e9couvez Mon Actu\" rel=\"nofollow noopener\" data-trk=\"{&quot;cta&quot;:{&quot;action&quot;:&quot;https:\\\/\\\/moncompte.actu.fr&quot;,&quot;category&quot;:&quot;mon compte&quot;,&quot;from&quot;:&quot;article footer&quot;,&quot;name&quot;:&quot;Mon actu&quot;,&quot;type&quot;:&quot;cta&quot;}}\" target=\"_blank\">Mon Actu<\/a>.<\/p>\n","protected":false},"excerpt":{"rendered":"Par Emilie Salabelle Publi\u00e9 le 6 juin 2025 \u00e0 10h26 La th\u00e8se d\u2019une tentative de d\u00e9stabilisation venue de&hellip;\n","protected":false},"author":2,"featured_media":156092,"comment_status":"","ping_status":"","sticky":false,"template":"","format":"standard","meta":{"footnotes":""},"categories":[1888],"tags":[1111,1928,11,1927,6155,1777,674,1011,27,303,17056,12,1926,626,1925,25,104],"class_list":{"0":"post-156091","1":"post","2":"type-post","3":"status-publish","4":"format-standard","5":"has-post-thumbnail","7":"category-paris","8":"tag-actu","9":"tag-actu-paris","10":"tag-actualites","11":"tag-actualites-paris","12":"tag-antisemitisme","13":"tag-eu","14":"tag-europe","15":"tag-fr","16":"tag-france","17":"tag-justice","18":"tag-memorial-de-la-shoah","19":"tag-news","20":"tag-news-paris","21":"tag-paris","22":"tag-paris-news","23":"tag-republique-francaise","24":"tag-societe"},"share_on_mastodon":{"url":"https:\/\/pubeurope.com\/@fr\/114635562252909067","error":""},"_links":{"self":[{"href":"https:\/\/www.europesays.com\/fr\/wp-json\/wp\/v2\/posts\/156091","targetHints":{"allow":["GET"]}}],"collection":[{"href":"https:\/\/www.europesays.com\/fr\/wp-json\/wp\/v2\/posts"}],"about":[{"href":"https:\/\/www.europesays.com\/fr\/wp-json\/wp\/v2\/types\/post"}],"author":[{"embeddable":true,"href":"https:\/\/www.europesays.com\/fr\/wp-json\/wp\/v2\/users\/2"}],"replies":[{"embeddable":true,"href":"https:\/\/www.europesays.com\/fr\/wp-json\/wp\/v2\/comments?post=156091"}],"version-history":[{"count":0,"href":"https:\/\/www.europesays.com\/fr\/wp-json\/wp\/v2\/posts\/156091\/revisions"}],"wp:featuredmedia":[{"embeddable":true,"href":"https:\/\/www.europesays.com\/fr\/wp-json\/wp\/v2\/media\/156092"}],"wp:attachment":[{"href":"https:\/\/www.europesays.com\/fr\/wp-json\/wp\/v2\/media?parent=156091"}],"wp:term":[{"taxonomy":"category","embeddable":true,"href":"https:\/\/www.europesays.com\/fr\/wp-json\/wp\/v2\/categories?post=156091"},{"taxonomy":"post_tag","embeddable":true,"href":"https:\/\/www.europesays.com\/fr\/wp-json\/wp\/v2\/tags?post=156091"}],"curies":[{"name":"wp","href":"https:\/\/api.w.org\/{rel}","templated":true}]}}