{"id":156097,"date":"2025-06-06T08:52:09","date_gmt":"2025-06-06T08:52:09","guid":{"rendered":"https:\/\/www.europesays.com\/fr\/156097\/"},"modified":"2025-06-06T08:52:09","modified_gmt":"2025-06-06T08:52:09","slug":"paris-confie-le-lifting-de-la-place-du-louvre-au-musee-pour-mieux-lintegrer-a-son-paysage","status":"publish","type":"post","link":"https:\/\/www.europesays.com\/fr\/156097\/","title":{"rendered":"Paris confie le lifting de la place du Louvre au mus\u00e9e pour \u00ab\u00a0mieux l\u2019int\u00e9grer \u00e0 son paysage\u00a0\u00bb"},"content":{"rendered":"<p class=\"paragraph text_align_left\">Le r\u00e9am\u00e9nagement de la <a href=\"https:\/\/www.leparisien.fr\/paris-75\/concertations-futur-cahier-des-charges-le-reamenagement-de-la-place-du-louvre-en-bonne-voie-10-10-2024-HIBVUYW6DNFZJGIGQIRPZP3R4Y.php\" target=\"_blank\" rel=\"noreferrer nofollow noopener\">place du Louvre<\/a> (Ier), situ\u00e9e \u00e0 l\u2019est du c\u00e9l\u00e8bre mus\u00e9e parisien, franchit une nouvelle \u00e9tape. Ce vendredi, le Conseil de Paris a vot\u00e9 une d\u00e9lib\u00e9ration afin de confier les cl\u00e9s du projet \u00e0 l\u2019\u00c9tablissement public du mus\u00e9e du Louvre (EPML). Un tournant dans la m\u00e9tamorphose de ce lieu historique de la capitale et \u00ab l\u2019aboutissement d\u2019un combat que je m\u00e8ne depuis ma campagne de 2020 \u00bb, se r\u00e9jouit Ariel Weil, maire (PS) de Paris Centre.<\/p>\n<p class=\"paragraph text_align_left\">Lui qui r\u00eavait \u00e0 l\u2019\u00e9poque de \u00ab lib\u00e9rer les foss\u00e9s du Louvre de ces baraques \u00bb &#8211; retir\u00e9es il y a quelques mois &#8211; pr\u00e9sentait une \u00e9tude historique command\u00e9e en 2022 par la Ville au Grahal (Groupe de recherche art histoire architecture litt\u00e9rature) puis des <a href=\"https:\/\/www.leparisien.fr\/paris-75\/destructuree-illisible-la-place-du-louvre-est-elle-devenue-une-place-parisienne-comme-les-autres-23-05-2023-TR5VXKHSW5BJZHZUQRYS6YJQPI.php\" target=\"_blank\" rel=\"noreferrer nofollow noopener\">premiers visuels<\/a> traduisant l\u2019ambition municipale d\u2019un r\u00e9am\u00e9nagement global de la place. En 2024, plus de 70 % des participants \u00e0 la votation citoyenne de Paris Centre se pronon\u00e7aient pour la transformation de \u00ab ce terrain vague \u00bb en un \u00ab grand projet patrimonial, pi\u00e9tonnis\u00e9 et v\u00e9g\u00e9talis\u00e9 \u00bb.<\/p>\n<p>V\u00e9g\u00e9talisation, travers\u00e9es pi\u00e9tonnes\u2026<\/p>\n<p class=\"paragraph text_align_left\">D\u00e9sormais, par cette d\u00e9lib\u00e9ration, la <a href=\"https:\/\/www.leparisien.fr\/paris-75\/renaissance-du-louvre-la-ville-de-paris-va-plancher-sur-la-transformation-des-abords-du-musee-28-01-2025-4VBP5S32KRDFXDNW4WYPTRB3UM.php\" target=\"_blank\" rel=\"noreferrer nofollow noopener\">municipalit\u00e9<\/a> donne son accord pour un \u00ab transfert de la ma\u00eetrise d\u2019ouvrage de l\u2019am\u00e9nagement de la place du Louvre et de ses abords \u00bb \u00e0 l\u2019\u00e9tablissement public. Cela se traduit par une \u00ab fusion \u00bb des deux projets qui sont celui interne au Louvre baptis\u00e9 \u00ab Nouvelle Renaissance \u00bb et celui de la place \u00e9ponyme. \u00ab L\u2019un ne va pas sans l\u2019autre \u00bb, souligne Ariel Weil qui salue des \u00ab \u00e9changes constructifs entre l\u2019\u00c9lys\u00e9e, le Louvre et la Ville \u00bb.<\/p>\n<p class=\"paragraph text_align_left\">Le transfert de la ma\u00eetrise d\u2019ouvrage \u00e0 l\u2019\u00e9tablissement public \u00e0 caract\u00e8re administratif plac\u00e9 sous tutelle du minist\u00e8re charg\u00e9 de la culture et cr\u00e9\u00e9 en 1992, constitue une \u00ab nouvelle illustration de la collaboration entre la Ville et l\u2019\u00c9tat, apr\u00e8s les succ\u00e8s des Jeux de Paris 2024 et du chantier de <a href=\"https:\/\/www.leparisien.fr\/paris-75\/reouverture-de-notre-dame-de-paris-decouvrez-les-tresors-de-la-cathedrale-renovee-07-12-2024-BRES6YHVJZF4LA2OYRXI6OWUYM.php\" target=\"_blank\" rel=\"noreferrer nofollow noopener\">restauration de la cath\u00e9drale Notre-Dame de Paris<\/a> (IVe), insiste Ariel Weil, et leur capacit\u00e9 \u00e0 travailler ensemble \u00bb.<\/p>\n<p class=\"paragraph text_align_left\">Si la Ville d\u00e9l\u00e8gue la r\u00e9alisation du projet, elle voudra rester \u00e9troitement associ\u00e9e \u00e0 sa conception. D\u2019autant que les deux tiers de la place appartiennent au domaine municipal. \u00ab Dans le cahier des charges, nous avons plusieurs axes majeurs : une v\u00e9g\u00e9talisation importante, des travers\u00e9es pi\u00e9tonnes s\u00e9curis\u00e9es, une voie de bus sanctuaris\u00e9e, des am\u00e9nagements cyclables \u00bb, liste l\u2019\u00e9lu local.<\/p>\n<p>\u00ab Une r\u00e9flexion globale \u00bb<\/p>\n<p class=\"paragraph text_align_left\">Cette actualit\u00e9 marque une nouvelle \u00e9tape dans l\u2019<a href=\"https:\/\/www.leparisien.fr\/politique\/musee-du-louvre-nouvel-espace-pour-la-joconde-acces-modifie-extension-ce-quil-faut-retenir-des-annonces-de-macron-28-01-2025-C3YCTCBDTRBUJMIGBC6JN2OTNU.php\" target=\"_blank\" rel=\"noreferrer nofollow noopener\">immense projet annonc\u00e9 par Emmanuel Macron le 28 janvier dernier<\/a> et estim\u00e9 entre <a href=\"https:\/\/www.leparisien.fr\/culture-loisirs\/800-millions-deuros-de-travaux-au-musee-du-louvre-qui-va-payer-la-facture-28-01-2025-AKTSRXLINRB2LAG5ONNYKKV5TQ.php\" target=\"_blank\" rel=\"noreferrer nofollow noopener\">700 et 800 millions d\u2019euros<\/a>. Un projet historique qui, dans les grandes lignes, pr\u00e9voit d\u2019offrir au public de nouveaux acc\u00e8s au mus\u00e9e du Louvre, de d\u00e9sengorger l\u2019espace de la Pyramide, de concevoir des espaces sous la Cour Carr\u00e9e afin d\u2019y accueillir la Joconde et de mettre en valeur et pr\u00e9server la Colonnade de Perrault, chef-d\u2019\u0153uvre du XVIIe si\u00e8cle.<\/p>\n<p class=\"paragraph text_align_left\">Projet qui \u00ab implique par cons\u00e9quent une r\u00e9flexion globale sur l\u2019ouverture du mus\u00e9e vers la ville, et plus particuli\u00e8rement sur sa fa\u00e7ade orientale en requalifiant les espaces ext\u00e9rieurs p\u00e9riph\u00e9riques, qu\u2019il s\u2019agisse de l\u2019esplanade Saint-Germain l\u2019Auxerrois et la place du Louvre ou des jardins de la ceinture verte \u00bb, remarque la Mairie de Paris dans sa pr\u00e9sentation faite lors du conseil municipal.<\/p>\n<p class=\"paragraph text_align_left\">\u00ab Nous nous r\u00e9jouissons de la volont\u00e9 de la Mairie de Paris de s\u2019associer au projet Louvre \u2013 Nouvelle Renaissance, commente le mus\u00e9e. Ce projet a notamment pour objectif de mieux int\u00e9grer le Louvre \u00e0 son paysage urbain imm\u00e9diat et \u00e0 la g\u00e9ographie culturelle dense et dynamique qui l\u2019entoure. \u00bb<\/p>\n<p>Un concours d\u2019architecture lanc\u00e9 en juin<\/p>\n<p class=\"paragraph text_align_left\">En effet, \u00ab le projet du Grand Louvre (NDLR, dans les ann\u00e9es 1980 et 1990) a tourn\u00e9 le mus\u00e9e vers l\u2019ouest. Il s\u2019agit aujourd\u2019hui de l\u2019ouvrir vers l\u2019est via la Grande Colonnade et de contribuer \u00e0 la transformation de la physionomie urbaine de ce quartier embl\u00e9matique de Paris (Rivoli &#8211; St Germain l\u2019Auxerrois \u2013 Pont Neuf) \u00bb, poursuivent les \u00e9quipes du mus\u00e9e.<\/p>\n<p class=\"paragraph text_align_left\">Et de conclure : \u00ab Il est donc logique et coh\u00e9rent que les \u00e9quipes du Louvre et de la Ville travaillent ensemble dans le cadre de la pr\u00e9paration du concours d\u2019architecture international qui sera prochainement lanc\u00e9 (d\u00e8s la fin juin 2025 d\u2019apr\u00e8s la d\u00e9lib\u00e9ration de la Ville de Paris). Nos \u00e9changes avec les services de la Ville ont \u00e9t\u00e9 tr\u00e8s constructifs et productifs. \u00bb Le transfert de ma\u00eetrise d\u2019ouvrage sera act\u00e9 ult\u00e9rieurement par la signature d\u2019une convention (en cours de r\u00e9daction) par les deux parties. <\/p>\n","protected":false},"excerpt":{"rendered":"Le r\u00e9am\u00e9nagement de la place du Louvre (Ier), situ\u00e9e \u00e0 l\u2019est du c\u00e9l\u00e8bre mus\u00e9e parisien, franchit une nouvelle&hellip;\n","protected":false},"author":2,"featured_media":156098,"comment_status":"","ping_status":"","sticky":false,"template":"","format":"standard","meta":{"footnotes":""},"categories":[1888],"tags":[11,1777,674,1011,27,1944,12,626,25],"class_list":{"0":"post-156097","1":"post","2":"type-post","3":"status-publish","4":"format-standard","5":"has-post-thumbnail","7":"category-paris","8":"tag-actualites","9":"tag-eu","10":"tag-europe","11":"tag-fr","12":"tag-france","13":"tag-ma-ville","14":"tag-news","15":"tag-paris","16":"tag-republique-francaise"},"share_on_mastodon":{"url":"https:\/\/pubeurope.com\/@fr\/114635574054601553","error":""},"_links":{"self":[{"href":"https:\/\/www.europesays.com\/fr\/wp-json\/wp\/v2\/posts\/156097","targetHints":{"allow":["GET"]}}],"collection":[{"href":"https:\/\/www.europesays.com\/fr\/wp-json\/wp\/v2\/posts"}],"about":[{"href":"https:\/\/www.europesays.com\/fr\/wp-json\/wp\/v2\/types\/post"}],"author":[{"embeddable":true,"href":"https:\/\/www.europesays.com\/fr\/wp-json\/wp\/v2\/users\/2"}],"replies":[{"embeddable":true,"href":"https:\/\/www.europesays.com\/fr\/wp-json\/wp\/v2\/comments?post=156097"}],"version-history":[{"count":0,"href":"https:\/\/www.europesays.com\/fr\/wp-json\/wp\/v2\/posts\/156097\/revisions"}],"wp:featuredmedia":[{"embeddable":true,"href":"https:\/\/www.europesays.com\/fr\/wp-json\/wp\/v2\/media\/156098"}],"wp:attachment":[{"href":"https:\/\/www.europesays.com\/fr\/wp-json\/wp\/v2\/media?parent=156097"}],"wp:term":[{"taxonomy":"category","embeddable":true,"href":"https:\/\/www.europesays.com\/fr\/wp-json\/wp\/v2\/categories?post=156097"},{"taxonomy":"post_tag","embeddable":true,"href":"https:\/\/www.europesays.com\/fr\/wp-json\/wp\/v2\/tags?post=156097"}],"curies":[{"name":"wp","href":"https:\/\/api.w.org\/{rel}","templated":true}]}}