{"id":156106,"date":"2025-06-06T08:57:19","date_gmt":"2025-06-06T08:57:19","guid":{"rendered":"https:\/\/www.europesays.com\/fr\/156106\/"},"modified":"2025-06-06T08:57:19","modified_gmt":"2025-06-06T08:57:19","slug":"lallemagne-promet-de-retablir-les-aides-a-lachat-pour-les-flottes-electriques","status":"publish","type":"post","link":"https:\/\/www.europesays.com\/fr\/156106\/","title":{"rendered":"L&rsquo;Allemagne promet de r\u00e9tablir les aides \u00e0 l\u2019achat pour les flottes \u00e9lectriques"},"content":{"rendered":"<p>\nL&rsquo;arr\u00eat du bonus \u00e9cologique en <a href=\"https:\/\/www.auto-infos.fr\/allemagne\/\" target=\"_blank\" rel=\"noopener\"><strong>Allemagne<\/strong><\/a><b>\u00a0<\/b>a mis \u00e0 mal <strong>le march\u00e9 automobile <\/strong>national et tout particuli\u00e8rement le sous-march\u00e9 du <strong>v\u00e9hicule 100<\/strong>\u00a0<strong>% \u00e9lectrique<\/strong>. Un commerce essentiellement tir\u00e9 par la demande des <strong>clients professionnels<\/strong> que sont <strong>les flottes d&rsquo;entreprise.\u00a0<\/strong><\/p>\n<p>\nDans son tout premier projet de loi d\u00e9pos\u00e9 au Bundestag, le nouveau ministre des Finances allemand \u2013\u00a0<strong>Lars Klingbeil<\/strong>\u00a0\u2013 a inscrit une kyrielle d&rsquo;all\u00e8gements fiscaux pour les entreprises [de l&rsquo;ordre de 45,8\u00a0milliards d&rsquo;euros sur la p\u00e9riode 2025-2029, ndlr] destin\u00e9s \u00e0 relancer l&rsquo;investissement. Une s\u00e9rie de mesures qui doit\u00a0\u00ab\u00a0envoyer un signal clair en faveur de la force \u00e9conomique et de la comp\u00e9titivit\u00e9 du pays\u00a0\u00bb,\u00a0 esp\u00e8re-t-il.<\/p>\n<p>Le bonus \u00e9cologique pour les v\u00e9hicules 100 % \u00e9lectriques remplac\u00e9 par des exon\u00e9rations d\u2019imp\u00f4ts<\/p>\n<p>\nEntre diverses dispositions portant sur la r\u00e9duction de l&rsquo;imp\u00f4t sur les soci\u00e9t\u00e9s ou l&rsquo;amortissement de leurs investissements, le texte pr\u00e9sent\u00e9 ne\u00a0cr\u00e9e pas une nouvelle ligne de d\u00e9penses d\u00e9di\u00e9e \u00e0 un m\u00e9canisme \u00e9quivalent au <strong>bonus \u00e9cologique<\/strong> mais consacre l&rsquo;id\u00e9e que l&rsquo;ex\u00e9cutif entend volontiers se passer de certaines ressources fiscales.<\/p>\n<p>\nLe projet de loi pr\u00e9voit que\u00a0\u00ab\u00a0<strong>l\u2019achat de v\u00e9hicules \u00e9lectriques<\/strong> d\u2019entreprises, entre 2025 et 2027, <strong>sera exon\u00e9r\u00e9 d\u2019imp\u00f4ts<\/strong> d\u2019au moins 75\u00a0%\u00a0\u00bb. Il est \u00e9galement pr\u00e9vu que le prix maximal des v\u00e9hicules \u00e9ligibles \u00e0 cette mesure soit relev\u00e9 de 70\u00a0000 \u00e0 100\u00a0000\u00a0euros. De quoi largement couvrir les segments sup\u00e9rieurs du march\u00e9 (premium et luxe) domin\u00e9s par\u2026 <strong>les constructeurs automobiles allemands<\/strong>.<\/p>\n<p>\nDans un communiqu\u00e9, <strong>la F\u00e9d\u00e9ration de l\u2019industrie automobile allemande (VDA)<\/strong> estime que \u00ab\u00a0cette mesure renforcera par la suite <strong>le march\u00e9 des voitures d\u2019occasion<\/strong> \u00e9lectriques\u00a0\u00bb.<\/p>\n","protected":false},"excerpt":{"rendered":"L&rsquo;arr\u00eat du bonus \u00e9cologique en Allemagne\u00a0a mis \u00e0 mal le march\u00e9 automobile national et tout particuli\u00e8rement le sous-march\u00e9&hellip;\n","protected":false},"author":2,"featured_media":156107,"comment_status":"","ping_status":"","sticky":false,"template":"","format":"standard","meta":{"footnotes":""},"categories":[1587],"tags":[11,28679,28681,28682,28687,28691,672,28690,28688,28680,1804,28686,1805,23776,1803,2105,28689,7665,28685,28695,1777,674,526,28081,1801,28699,28692,28678,28698,12,1802,28700,28693,28684,28683,28696,4426,9983,28697,28694],"class_list":{"0":"post-156106","1":"post","2":"type-post","3":"status-publish","4":"format-standard","5":"has-post-thumbnail","7":"category-allemagne","8":"tag-actualites","9":"tag-aides-a-l-achat-de-vehicules-electriques","10":"tag-aides-a-l-achat-de-voitures-electriques","11":"tag-aides-a-l-achat-vehicule-electrique","12":"tag-aides-a-l-acquisition","13":"tag-aides-financieres","14":"tag-allemagne","15":"tag-b2b","16":"tag-bonus-ecologique","17":"tag-bonus-environnemental-en-allemagne","18":"tag-bundesrepublik-deutschland","19":"tag-clients-professionnels","20":"tag-de","21":"tag-decarbonation","22":"tag-deutschland","23":"tag-distribution","24":"tag-ecobonus","25":"tag-electrification","26":"tag-electrification-des-flottes","27":"tag-electrification-du-parc-automobile","28":"tag-eu","29":"tag-europe","30":"tag-fiscalite","31":"tag-flottes","32":"tag-germany","33":"tag-gestion-de-flotte","34":"tag-marche-des-flottes","35":"tag-marche-flottes","36":"tag-mobilite-durable","37":"tag-news","38":"tag-republique-federale-dallemagne","39":"tag-solutions-d-electrification","40":"tag-strategie-d-electrification","41":"tag-subventions-gouvernementales","42":"tag-subventions-vehicules-electriques","43":"tag-suppression-du-bonus-ecologique-pour-les-entreprises","44":"tag-transition-energetique","45":"tag-vehicules-electriques","46":"tag-ventes-vehicules-electriques-en-allemagne","47":"tag-verdissement-des-flottes"},"share_on_mastodon":{"url":"","error":"Validation failed: Text character limit of 500 exceeded"},"_links":{"self":[{"href":"https:\/\/www.europesays.com\/fr\/wp-json\/wp\/v2\/posts\/156106","targetHints":{"allow":["GET"]}}],"collection":[{"href":"https:\/\/www.europesays.com\/fr\/wp-json\/wp\/v2\/posts"}],"about":[{"href":"https:\/\/www.europesays.com\/fr\/wp-json\/wp\/v2\/types\/post"}],"author":[{"embeddable":true,"href":"https:\/\/www.europesays.com\/fr\/wp-json\/wp\/v2\/users\/2"}],"replies":[{"embeddable":true,"href":"https:\/\/www.europesays.com\/fr\/wp-json\/wp\/v2\/comments?post=156106"}],"version-history":[{"count":0,"href":"https:\/\/www.europesays.com\/fr\/wp-json\/wp\/v2\/posts\/156106\/revisions"}],"wp:featuredmedia":[{"embeddable":true,"href":"https:\/\/www.europesays.com\/fr\/wp-json\/wp\/v2\/media\/156107"}],"wp:attachment":[{"href":"https:\/\/www.europesays.com\/fr\/wp-json\/wp\/v2\/media?parent=156106"}],"wp:term":[{"taxonomy":"category","embeddable":true,"href":"https:\/\/www.europesays.com\/fr\/wp-json\/wp\/v2\/categories?post=156106"},{"taxonomy":"post_tag","embeddable":true,"href":"https:\/\/www.europesays.com\/fr\/wp-json\/wp\/v2\/tags?post=156106"}],"curies":[{"name":"wp","href":"https:\/\/api.w.org\/{rel}","templated":true}]}}