{"id":156108,"date":"2025-06-06T08:58:09","date_gmt":"2025-06-06T08:58:09","guid":{"rendered":"https:\/\/www.europesays.com\/fr\/156108\/"},"modified":"2025-06-06T08:58:09","modified_gmt":"2025-06-06T08:58:09","slug":"leurope-prete-a-raboter-les-droits-des-passagers-aeriens","status":"publish","type":"post","link":"https:\/\/www.europesays.com\/fr\/156108\/","title":{"rendered":"l\u2019Europe pr\u00eate \u00e0 raboter les droits des passagers a\u00e9riens"},"content":{"rendered":"<p>L\u2019Union europ\u00e9enne acte un rabotage des droits des passagers a\u00e9riens. Le seuil d\u2019indemnisation est relev\u00e9, les montants diminu\u00e9s. En coulisses, compagnies et consommateurs se renvoient la responsabilit\u00e9.<\/p>\n<p class=\"fig-paragraph\">Apr\u00e8s plus de dix ans de blocages, l\u2019Europe tourne une page. Ce jeudi 6 juin, au terme d\u2019une journ\u00e9e de discussions tendues \u00e0 Bruxelles, les ministres des Transports des Vingt-Sept ont adopt\u00e9 un texte de compromis sur la r\u00e9forme des droits des passagers a\u00e9riens. Un document tr\u00e8s attendu par les compagnies, r\u00e9clam\u00e9 depuis 2013, qui remet en question le r\u00e8glement 261\/2004 fixant les indemnit\u00e9s en cas de retard ou d\u2019annulation de vol. Son contenu\u00a0? Une nette r\u00e9duction des indemnit\u00e9s accord\u00e9es aux voyageurs, en \u00e9change de droits nouveaux encadrant davantage la relation entre le passager et le transporteur.<\/p>\n<p>Des indemnit\u00e9s revues \u00e0 la baisse<\/p>\n<p class=\"fig-paragraph\">Jusqu\u2019ici, un passager pouvait percevoir jusqu\u2019\u00e0 600 euros pour un retard de plus de trois heures. D\u00e9sormais, pour les vols jusqu\u2019\u00e0 3.500 km et tous les trajets intra-europ\u00e9ens, le montant sera plafonn\u00e9 \u00e0 300 euros, mais seulement \u00e0 partir de 4 heures de retard.<\/p>\n<p class=\"fig-paragraph\">Pour les vols plus longs, il faudra attendre six heures pour pr\u00e9tendre \u00e0 une indemnit\u00e9 de 500 euros. \u00abLes nouveaux seuils d\u2019\u00e9ligibilit\u00e9 priveront la majorit\u00e9 des passagers de leurs droits d\u2019indemnisation, \u00e9tant donn\u00e9 que la plupart des retards se situent entre 2 heures et 4 heures\u00bb, d\u00e9nonce le Bureau europ\u00e9en des unions de consommateurs (BEUC).<\/p>\n<p class=\"fig-paragraph\">L\u2019argument mis en avant par les \u00c9tats membres favorables au texte\u00a0? Le co\u00fbt jug\u00e9 excessif des indemnisations pour les compagnies. Il est estim\u00e9 \u00e0 8,1 milliards d\u2019euros par an par la Commission. Dans ce bras de fer, la France a jou\u00e9 le jeu du compromis. \u00abCe texte aurait pu \u00eatre plus ambitieux, mais il est une \u00e9tape importante pour continuer \u00e0 am\u00e9liorer la qualit\u00e9 du service offert aux usagers du transport a\u00e9rien\u00bb, a d\u00e9clar\u00e9 Philippe Tabarot, ministre fran\u00e7ais des Transports.<\/p>\n<p class=\"fig-body-link\">\n            \u00c0 lire aussi<br \/>\n        <a class=\"fig-body-link__link\" href=\"http:\/\/www.lefigaro.fr\/voyages\/conseils\/pres-d-un-francais-sur-deux-ne-connait-pas-ses-droits-en-matiere-de-transport-aerien-20240327\" data-fig-type=\"Article\" data-gtm-custom-categorie=\"navigation\" data-gtm-custom-action=\"crossclick\" data-gtm-custom-label=\"Contextuel\" data-gtm-event=\"customEventSPE\" data-fig-domain=\"LEFIGARO\" target=\"_blank\" rel=\"noopener\">Un Fran\u00e7ais sur deux les ignore: retard d\u2019avion, annulation&#8230; Quels sont vos droits en mati\u00e8re de transport a\u00e9rien?<br \/>\n    <\/a>\n<\/p>\n<p>De nouveaux droits promis aux voyageurs<\/p>\n<p class=\"fig-paragraph\">Pour faire passer la pilule, la pr\u00e9sidence polonaise de l\u2019UE, tr\u00e8s active dans la r\u00e9forme, a introduit des contreparties. Parmi elles\u00a0: le pr\u00e9-remplissage automatique des formulaires de r\u00e9clamation, un d\u00e9lai maximal de 14 jours pour verser l\u2019indemnit\u00e9 ; un meilleur encadrement de l\u2019information pr\u00e9contractuelle ; ou une prise en charge accrue des passagers en situation de handicap ou \u00e0 mobilit\u00e9 r\u00e9duite. En tout, \u00abla Commission revendique plus de 30 nouveaux droits, applicables d\u00e8s la r\u00e9servation et jusqu\u2019\u00e0 l\u2019arriv\u00e9e \u00e0 destination\u00bb, s\u2019est f\u00e9licit\u00e9 le ministre polonais Dariusz Klimczak.<\/p>\n<p class=\"fig-paragraph\">Les passagers dont le vol est annul\u00e9 devraient aussi b\u00e9n\u00e9ficier d\u2019une indemnit\u00e9 automatique, sans avoir \u00e0 entamer des d\u00e9marches longues et parfois opaques. \u00abIl faut faire en sorte que les voyageurs soient mieux inform\u00e9s sur leurs droits pour pouvoir mieux les faire valoir\u00bb, a d\u00e9fendu Philippe Tabarot.<\/p>\n<p>Une r\u00e9forme qui ne satisfait ni les compagnies ni les voyageurs<\/p>\n<p>    Fini l\u2019indemnisation automatique en cas de retard de trois heures. Le nouveau texte rel\u00e8ve le seuil \u00e0 quatre heures pour les vols intra-europ\u00e9ens.<br \/>\n                belyaaa \/ stock.adobe.com<\/p>\n<p class=\"fig-paragraph\">Malgr\u00e9 ces am\u00e9nagements, le texte est attaqu\u00e9 de toutes parts. Les associations de consommateurs d\u00e9noncent une r\u00e9gression. Flightright, plateforme de d\u00e9fense des voyageurs, a r\u00e9agi imm\u00e9diatement\u00a0: \u00abCe n\u2019est pas une r\u00e9forme, c\u2019est un d\u00e9mant\u00e8lement cibl\u00e9 et massif. Si cette version r\u00e9vis\u00e9e entre en vigueur, jusqu\u2019\u00e0 60 % des cas d\u2019indemnisation actuels dispara\u00eetraient\u00bb, affirme son PDG Jan-Frederik Arnold. Et une perte de chiffre d\u2019affaires pour cette entreprise qui per\u00e7oit g\u00e9n\u00e9ralement une commission de 27% (plus la TVA) sur l\u2019indemnisation obtenue.<\/p>\n<p class=\"fig-paragraph\">Autre changement de taille\u00a0: la liste des \u00abcirconstances extraordinaires\u00bb permettant aux compagnies d\u2019\u00e9chapper \u00e0 l\u2019indemnisation sera \u00e9largie. En clair, un probl\u00e8me technique ou une gr\u00e8ve interne pourraient demain justifier l\u2019absence de compensation pour le voyageur bloqu\u00e9.<\/p>\n<p class=\"fig-paragraph\">Mais le compromis n\u2019a pas pour autant satisfait les compagnies a\u00e9riennes. L\u2019association Airlines for Europe (A4E) regroupant les compagnies Air France-KLM, Lufthansa, Ryanair ou encore easyJet reproche au texte d\u2019introduire \u00abencore plus de complexit\u00e9\u00bb par rapport \u00e0 la proposition initiale de la Commission europ\u00e9enne.<\/p>\n<p>Prochaine \u00e9tape\u00a0: le trilogue<\/p>\n<p class=\"fig-paragraph\">Cet accord politique n\u2019est qu\u2019une \u00e9tape. Le texte doit d\u00e9sormais passer en trilogue, c\u2019est-\u00e0-dire faire l\u2019objet de n\u00e9gociations entre le Conseil, le Parlement et la Commission. Une phase cruciale, car plusieurs eurod\u00e9put\u00e9s se sont d\u00e9j\u00e0 insurg\u00e9s contre la proc\u00e9dure, estimant que le Parlement a \u00e9t\u00e9 mis devant le fait accompli. Rien ne dit que l\u2019esprit du texte changera, mais la bataille institutionnelle est relanc\u00e9e.<\/p>\n<p class=\"fig-paragraph\">Reste \u00e0 savoir si ce document, pens\u00e9 pour clarifier les droits des voyageurs, ne finira pas par leur faire perdre ce qu\u2019ils pensaient avoir gagn\u00e9\u00a0: le droit d\u2019arriver en retard\u2026 mais d\u00e9dommag\u00e9s.<\/p>\n","protected":false},"excerpt":{"rendered":"L\u2019Union europ\u00e9enne acte un rabotage des droits des passagers a\u00e9riens. Le seuil d\u2019indemnisation est relev\u00e9, les montants diminu\u00e9s.&hellip;\n","protected":false},"author":2,"featured_media":156109,"comment_status":"","ping_status":"","sticky":false,"template":"","format":"standard","meta":{"footnotes":""},"categories":[1586],"tags":[11,5955,1667,130,1777,674,1011,27,5952,5953,5956,12,5954,25,602,2445,586],"class_list":{"0":"post-156108","1":"post","2":"type-post","3":"status-publish","4":"format-standard","5":"has-post-thumbnail","7":"category-europe","8":"tag-actualites","9":"tag-astuce-voyage","10":"tag-conseils-voyage","11":"tag-consommation","12":"tag-eu","13":"tag-europe","14":"tag-fr","15":"tag-france","16":"tag-guide-pratique-voyage","17":"tag-info-pratique","18":"tag-infos-voyage","19":"tag-news","20":"tag-preparer-voyage","21":"tag-republique-francaise","22":"tag-tourisme","23":"tag-transport-aerien","24":"tag-voyage"},"share_on_mastodon":{"url":"https:\/\/pubeurope.com\/@fr\/114635597790996586","error":""},"_links":{"self":[{"href":"https:\/\/www.europesays.com\/fr\/wp-json\/wp\/v2\/posts\/156108","targetHints":{"allow":["GET"]}}],"collection":[{"href":"https:\/\/www.europesays.com\/fr\/wp-json\/wp\/v2\/posts"}],"about":[{"href":"https:\/\/www.europesays.com\/fr\/wp-json\/wp\/v2\/types\/post"}],"author":[{"embeddable":true,"href":"https:\/\/www.europesays.com\/fr\/wp-json\/wp\/v2\/users\/2"}],"replies":[{"embeddable":true,"href":"https:\/\/www.europesays.com\/fr\/wp-json\/wp\/v2\/comments?post=156108"}],"version-history":[{"count":0,"href":"https:\/\/www.europesays.com\/fr\/wp-json\/wp\/v2\/posts\/156108\/revisions"}],"wp:featuredmedia":[{"embeddable":true,"href":"https:\/\/www.europesays.com\/fr\/wp-json\/wp\/v2\/media\/156109"}],"wp:attachment":[{"href":"https:\/\/www.europesays.com\/fr\/wp-json\/wp\/v2\/media?parent=156108"}],"wp:term":[{"taxonomy":"category","embeddable":true,"href":"https:\/\/www.europesays.com\/fr\/wp-json\/wp\/v2\/categories?post=156108"},{"taxonomy":"post_tag","embeddable":true,"href":"https:\/\/www.europesays.com\/fr\/wp-json\/wp\/v2\/tags?post=156108"}],"curies":[{"name":"wp","href":"https:\/\/api.w.org\/{rel}","templated":true}]}}