{"id":156114,"date":"2025-06-06T09:01:09","date_gmt":"2025-06-06T09:01:09","guid":{"rendered":"https:\/\/www.europesays.com\/fr\/156114\/"},"modified":"2025-06-06T09:01:09","modified_gmt":"2025-06-06T09:01:09","slug":"roland-garros-john-mcenroe-avant-la-demi-finale-entre-novak-djokovic-et-jannik-sinner-croyez-le-ou-non-je-pense-que-si-le-match-va-jusquau-cinquieme-set-je-donnerais-lavantage-au-serbe-de-38","status":"publish","type":"post","link":"https:\/\/www.europesays.com\/fr\/156114\/","title":{"rendered":"Roland Garros > John McEnroe, avant la demi-finale entre Novak Djokovic et Jannik Sinner : \u00ab\u00a0Croyez-le ou non, je pense que si le match va jusqu&rsquo;au cinqui\u00e8me set, je donnerais l&rsquo;avantage au Serbe de 38 ans\u00a0\u00bb"},"content":{"rendered":"<p>Consultant pour <a href=\"https:\/\/www.tntsports.co.uk\/tennis\/roland-garros\/2025\/french-open-john-mcenroe-novak-djokovic-jannik-sinner-final_sto23189953\/story.shtml\" data-wpel-link=\"external\" target=\"_blank\" rel=\"nofollow external noopener\">TNT Sports<\/a>, la l\u00e9gende John McEnroe a partag\u00e9 une r\u00e9flexion sur la demi\u2010finale de Roland\u2010Garros qui oppo\u00adsera Novak Djokovic \u00e0 Jannik Sinner, <a href=\"https:\/\/www.welovetennis.fr\/roland-garros\/bartoli-sur-la-limite-de-sinner-cest-un-petit-peu-la-barre-fatidique-pour-lui\" data-wpel-link=\"internal\" target=\"_blank\" rel=\"noopener\">connu pour souf\u00adfrir lorsque le match s\u2019approche des cinq heures de\u00a0jeu<\/a>. <\/p>\n<p><strong>\u00ab\u202fCroyez\u2010le ou non, je pense que si le match va jusqu\u2019au cinqui\u00e8me set, je donne\u00adrais l\u2019avan\u00adtage \u00e0 Novak, m\u00eame s\u2019il est plus \u00e2g\u00e9, car Sinner n\u2019a pas beau\u00adcoup jou\u00e9 ces derniers temps. Je pense qu\u2019il y a un petit point d\u2019in\u00adter\u00adro\u00adga\u00adtion sur sa capa\u00adcit\u00e9 \u00e0 tenir physi\u00adque\u00adment et menta\u00adle\u00adment, n\u2019ayant pas disput\u00e9 beau\u00adcoup de matchs ces derniers temps <\/strong>(avec sa suspen\u00adsion, ndlr)<strong>, ce qui est assez incroyable quand on y pense, quand l\u2019un a 38 ans et l\u2019autre 23. Novak ne sera pas facile \u00e0 battre, je peux vous le promettre. Il sait qu\u2019il n\u2019a plus beau\u00adcoup d\u2019oc\u00adca\u00adsions, \u00e0 moins qu\u2019il ne soit Superman. Peut\u2010\u00eatre qu\u2019il l\u2019est. Mais Sinner sera plus agressif que Zverev. Il ne se lais\u00adsera pas\u00a0faire.\u202f\u00bb<\/strong><\/p>\n<p class=\"post-published-date\" style=\"color: silver; font-size: 75%; text-align: left;\">Publi\u00e9 le vendredi 6 juin 2025 \u00e0 08:36<\/p>\n","protected":false},"excerpt":{"rendered":"Consultant pour TNT Sports, la l\u00e9gende John McEnroe a partag\u00e9 une r\u00e9flexion sur la demi\u2010finale de Roland\u2010Garros qui&hellip;\n","protected":false},"author":2,"featured_media":156115,"comment_status":"","ping_status":"","sticky":false,"template":"","format":"standard","meta":{"footnotes":""},"categories":[2],"tags":[11,105,1011,27,12,25,2127,4542],"class_list":{"0":"post-156114","1":"post","2":"type-post","3":"status-publish","4":"format-standard","5":"has-post-thumbnail","7":"category-actualites","8":"tag-actualites","9":"tag-djokovic","10":"tag-fr","11":"tag-france","12":"tag-news","13":"tag-republique-francaise","14":"tag-sinner","15":"tag-zverev"},"share_on_mastodon":{"url":"https:\/\/pubeurope.com\/@fr\/114635609604348067","error":""},"_links":{"self":[{"href":"https:\/\/www.europesays.com\/fr\/wp-json\/wp\/v2\/posts\/156114","targetHints":{"allow":["GET"]}}],"collection":[{"href":"https:\/\/www.europesays.com\/fr\/wp-json\/wp\/v2\/posts"}],"about":[{"href":"https:\/\/www.europesays.com\/fr\/wp-json\/wp\/v2\/types\/post"}],"author":[{"embeddable":true,"href":"https:\/\/www.europesays.com\/fr\/wp-json\/wp\/v2\/users\/2"}],"replies":[{"embeddable":true,"href":"https:\/\/www.europesays.com\/fr\/wp-json\/wp\/v2\/comments?post=156114"}],"version-history":[{"count":0,"href":"https:\/\/www.europesays.com\/fr\/wp-json\/wp\/v2\/posts\/156114\/revisions"}],"wp:featuredmedia":[{"embeddable":true,"href":"https:\/\/www.europesays.com\/fr\/wp-json\/wp\/v2\/media\/156115"}],"wp:attachment":[{"href":"https:\/\/www.europesays.com\/fr\/wp-json\/wp\/v2\/media?parent=156114"}],"wp:term":[{"taxonomy":"category","embeddable":true,"href":"https:\/\/www.europesays.com\/fr\/wp-json\/wp\/v2\/categories?post=156114"},{"taxonomy":"post_tag","embeddable":true,"href":"https:\/\/www.europesays.com\/fr\/wp-json\/wp\/v2\/tags?post=156114"}],"curies":[{"name":"wp","href":"https:\/\/api.w.org\/{rel}","templated":true}]}}