{"id":156126,"date":"2025-06-06T09:10:09","date_gmt":"2025-06-06T09:10:09","guid":{"rendered":"https:\/\/www.europesays.com\/fr\/156126\/"},"modified":"2025-06-06T09:10:09","modified_gmt":"2025-06-06T09:10:09","slug":"emmanuel-brunet-quitte-la-ffc-pour-un-nouveau-poste-actualite","status":"publish","type":"post","link":"https:\/\/www.europesays.com\/fr\/156126\/","title":{"rendered":"Emmanuel Brunet quitte la FFC pour un nouveau poste &#8211; Actualit\u00e9"},"content":{"rendered":"<p style=\"text-align: justify;\">Emmanuel Brunet va quitter la F\u00e9d\u00e9ration fran\u00e7aise de cyclisme en ao\u00fbt prochain. Le Rhodanien de 44 ans va devenir Senior manager de l\u2019\u00e9quipement \u00e0 l\u2019Union cycliste internationale \u00e0 partir du 1er septembre, a appris DirectVelo.<\/p>\n<p>\u201cC\u2019est un nouveau challenge qui est tr\u00e8s excitant et stimulant, indique-t-il \u00e0 DirectVelo. Il y a beaucoup de questionnements sur le mat\u00e9riel, que ce soit pour la performance, ce qui m\u2019a fortement anim\u00e9 jusqu\u2019ici, mais \u00e9galement sur les questions d\u2019\u00e9quit\u00e9 entre les coureurs et les \u00e9quipes, l\u00e0 o\u00f9 l\u2019on attend g\u00e9n\u00e9ralement l\u2019UCI pour r\u00e9glementer et contr\u00f4ler, mais aussi sur les enjeux de s\u00e9curit\u00e9 et d\u2019universalit\u00e9 de notre sport. En parall\u00e8le de ces enjeux, il y a une volont\u00e9 d\u2019aller plus loin sur l\u2019\u00e9tude des \u00e9quipements et cela constitue donc un challenge \u00e0 relever. Pour tous ces aspects, cela implique des discussions permanentes avec les industriels et diff\u00e9rentes parties, comme notamment safeR qui s\u2019est constitu\u00e9 r\u00e9cemment sur les enjeux de s\u00e9curit\u00e9. C\u2019est \u00e0 la crois\u00e9e des chemins de tout ce que j\u2019ai pu faire jusqu\u2019\u00e0 pr\u00e9sent et l\u2019exp\u00e9rience acquise \u00e0 la FFC ces 10 derni\u00e8res ann\u00e9es me sera tr\u00e8s utile\u201d.<\/p>\n<p>Emmanuel Brunet aura pass\u00e9 20 ans \u00e0 la F\u00e9d\u00e9ration fran\u00e7aise de cyclisme, huit comme CTR de Bourgogne puis douze au si\u00e8ge de l\u2019instance. \u201cJe n\u2019ai pas vu le temps passer. J\u2019avais \u00e9t\u00e9 admis \u00e0 l\u2019INSEP il y a 20 ans pour \u00eatre prof de sports. Nous \u00e9tions quatre admis, avec Steven Henry, Samuel Monnerais et Sophie Creux. \u00catre CTR a \u00e9t\u00e9 hyper riche en relation, c\u2019est un m\u00e9tier fantastique m\u00eame s\u2019il a \u00e9volu\u00e9\u201d. Depuis 2014, il a notamment \u00e9t\u00e9 manager de la recherche et de la performance. Il a aussi \u00e9t\u00e9 le manager fili\u00e8re route\/cyclo-cross. \u201cJ\u2019ai pu travailler avec des entra\u00eeneurs extra-ordinaires, que je remercie pour leur confiance qu\u2019ils m\u2019ont accord\u00e9e et j\u2019ai c\u00f4toy\u00e9 et accompagn\u00e9 de grands champions dans toutes les disciplines qui ont rendu mon quotidien d\u2019une stimulation permanente. Les JO de Paris, \u00e7a a \u00e9t\u00e9 l\u2019apoth\u00e9ose. Je mesure le privil\u00e8ge que j\u2019ai eu et j\u2019ai aussi le sentiment du devoir accompli et d\u2019avoir sem\u00e9 quelques graines pour le cyclisme fran\u00e7ais. Je n\u2019ai pas encore fait mon pot de d\u00e9part mais il y aura de l\u2019\u00e9motion au moment de faire mes valises\u00a0\u00bb.<\/p>\n","protected":false},"excerpt":{"rendered":"Emmanuel Brunet va quitter la F\u00e9d\u00e9ration fran\u00e7aise de cyclisme en ao\u00fbt prochain. Le Rhodanien de 44 ans va&hellip;\n","protected":false},"author":2,"featured_media":156127,"comment_status":"","ping_status":"","sticky":false,"template":"","format":"standard","meta":{"footnotes":""},"categories":[1411],"tags":[834,828,836,829,837,827,83,826,824,823,1154,207,814,817,815,816,822,821,832,211,839,1011,27,820,818,819,835,831,830,833,838,60,212,208,825],"class_list":{"0":"post-156126","1":"post","2":"type-post","3":"status-publish","4":"format-standard","5":"has-post-thumbnail","7":"category-cyclisme","8":"tag-attaque","9":"tag-belgique","10":"tag-braquet","11":"tag-bretagne","12":"tag-chute","13":"tag-competition","14":"tag-coupe-de-france","15":"tag-coureur","16":"tag-course-cyclisme","17":"tag-course-cycliste","18":"tag-cycling","19":"tag-cyclisme","20":"tag-direct","21":"tag-direct-velo","22":"tag-directvelo","23":"tag-directvelo-com","24":"tag-epreuve","25":"tag-epreuve-cycliste","26":"tag-federation-francaise-de-cyclisme","27":"tag-ffc","28":"tag-flandres","29":"tag-fr","30":"tag-france","31":"tag-live","32":"tag-live-course","33":"tag-live-epreuve","34":"tag-peloton","35":"tag-radio-peloton","36":"tag-radio-tour","37":"tag-ravitaillement","38":"tag-relance","39":"tag-sports","40":"tag-uci","41":"tag-velo","42":"tag-velos"},"share_on_mastodon":{"url":"https:\/\/pubeurope.com\/@fr\/114635644781747332","error":""},"_links":{"self":[{"href":"https:\/\/www.europesays.com\/fr\/wp-json\/wp\/v2\/posts\/156126","targetHints":{"allow":["GET"]}}],"collection":[{"href":"https:\/\/www.europesays.com\/fr\/wp-json\/wp\/v2\/posts"}],"about":[{"href":"https:\/\/www.europesays.com\/fr\/wp-json\/wp\/v2\/types\/post"}],"author":[{"embeddable":true,"href":"https:\/\/www.europesays.com\/fr\/wp-json\/wp\/v2\/users\/2"}],"replies":[{"embeddable":true,"href":"https:\/\/www.europesays.com\/fr\/wp-json\/wp\/v2\/comments?post=156126"}],"version-history":[{"count":0,"href":"https:\/\/www.europesays.com\/fr\/wp-json\/wp\/v2\/posts\/156126\/revisions"}],"wp:featuredmedia":[{"embeddable":true,"href":"https:\/\/www.europesays.com\/fr\/wp-json\/wp\/v2\/media\/156127"}],"wp:attachment":[{"href":"https:\/\/www.europesays.com\/fr\/wp-json\/wp\/v2\/media?parent=156126"}],"wp:term":[{"taxonomy":"category","embeddable":true,"href":"https:\/\/www.europesays.com\/fr\/wp-json\/wp\/v2\/categories?post=156126"},{"taxonomy":"post_tag","embeddable":true,"href":"https:\/\/www.europesays.com\/fr\/wp-json\/wp\/v2\/tags?post=156126"}],"curies":[{"name":"wp","href":"https:\/\/api.w.org\/{rel}","templated":true}]}}