{"id":156130,"date":"2025-06-06T09:12:16","date_gmt":"2025-06-06T09:12:16","guid":{"rendered":"https:\/\/www.europesays.com\/fr\/156130\/"},"modified":"2025-06-06T09:12:16","modified_gmt":"2025-06-06T09:12:16","slug":"guillaume-canet-lacteur-et-sa-fille-trop-mignons-a-roland-garros-ils-font-les-fous-en-tribune","status":"publish","type":"post","link":"https:\/\/www.europesays.com\/fr\/156130\/","title":{"rendered":"Guillaume Canet : l&rsquo;acteur et sa fille trop mignons \u00e0 Roland-Garros, ils font les fous en tribune"},"content":{"rendered":"<p>Papa poule de <a href=\"https:\/\/www.closermag.fr\/people\/des-gens-normaux-guillaume-canet-fait-de-rares-confidences-sur-sa-vie-avec-marion-cotillard-3506587#:~:text=Ensemble%2C%20les%20deux%20artistes%20ont,qui%20a%20d%C3%A9sormais%207%20ans.\" target=\"_blank\" rel=\"noopener\"><br \/>\ndeux enfants, pr\u00e9nomm\u00e9s Marcel et Louise,<\/a> Guillaume Canet adore<br \/>\n<strong>passer du temps avec ses bambins,<\/strong> fruits de son<br \/>\nunion avec Marion Cotillard. A de multiples reprises, l\u2019acteur<br \/>\ns\u2019est d\u00e9j\u00e0 confi\u00e9 sur l\u2019\u00e9ducation et sur sa paternit\u00e9. Alors en ce<br \/>\njeudi 5 juin 2025, il a d\u00e9cid\u00e9 d\u2019amener <strong>sa fille,<br \/>\nLouise,<\/strong> \u00e2g\u00e9e de 8 ans, voir le tournoi de<br \/>\nRoland-Garros.<\/p>\n<p>Dans les tribunes, p\u00e8re et fille ont pass\u00e9 un agr\u00e9able moment.<br \/>\nPour preuve, ces photos prises en direct du tournoi parisien. On<br \/>\npeut y voir la petite fille en train de s\u2019amuser avec son p\u00e8re,<br \/>\n<strong>en lui touchant les cheveux,<\/strong> en lui pin\u00e7ant le<br \/>\nnez, et en regardant son papa avec des yeux tendres.\u00a0<\/p>\n<p>Guillaume Canet et sa fille Louise passent un moment amusant<br \/>\ndans les tribunes de Roland-Garros<\/p>\n<p><a href=\"https:\/\/www.closermag.fr\/people\/guillaume-canet-et-marion-cotillard-voici-a-quoi-ressemble-leur-fils-marcel-13-ans-qui-fait-ses-premiers-pas-de-comedien-3516777\" target=\"_blank\" rel=\"noopener\"><br \/>\nGuillaume Canet<\/a>, qui semble adorer que sa petite le taquine,<br \/>\nn\u2019h\u00e9site pas \u00e0 lui donner de grands sourires sinc\u00e8res et<br \/>\nattendrissants. Une chose est s\u00fbre, le cin\u00e9aste n\u2019a pas h\u00e9sit\u00e9 \u00e0<br \/>\nfaire le petit fou avec sa fille, pour le plus grand bonheur de<br \/>\ncertains spectateurs qui \u00e9taient \u00e0 ses c\u00f4t\u00e9s, <strong>\u00e0 l\u2019image<br \/>\nd\u2019Ary Abittan.<\/strong><\/p>\n<p>Tr\u00e8s attach\u00e9 \u00e0 ces moments de la vie, Guillaume Canet tente de<br \/>\nvivre un quotidien lambda avec ses enfants. Hors de question de<br \/>\nleur faire sentir qu\u2019ils ont des parents tr\u00e8s c\u00e9l\u00e8bres. Interrog\u00e9<br \/>\ndans 50\u2019Inside, le com\u00e9dien \u00e9tait revenu sur cette pression :<br \/>\n<strong>\u00ab\u00a0C&rsquo;est un m\u00e9tier tr\u00e8s difficile,<\/strong> qui demande<br \/>\nsouvent de se remettre en question, \u00e7a peut \u00eatre des fois dur \u00e0<br \/>\nencaisser. En m\u00eame temps, il est \u00e0 la bonne \u00e9cole car il a des<br \/>\nparents qui ont la t\u00eate sur les \u00e9paules. On vit comme des gens<br \/>\nnormaux et \u00e7a je pense que c&rsquo;est la meilleure des \u00e9coles pour lui<br \/>\nje pense\u00a0\u00bb, lance-t-il.<\/p>\n<p>Les douces confidences de l&rsquo;acteur au<br \/>\nsujet de ses bambins<\/p>\n<p>Guillaume Canet est bel et bien conscient que la notori\u00e9t\u00e9 de<br \/>\n<a href=\"https:\/\/www.closermag.fr\/people\/guillaume-canet-ses-rares-et-attendrissantes-confidences-sur-ses-enfants-marcel-et-louise-1686076\" target=\"_blank\" rel=\"noopener\"><br \/>\nMarion Cotillard<\/a> ainsi que la sienne peuvent \u00eatre parfois<br \/>\ndifficiles \u00e0 vivre pour leurs deux enfants : \u00ab\u00a0Je ne pense pas<br \/>\nque ce soit un avantage, plut\u00f4t un inconv\u00e9nient, il peut y avoir<br \/>\nune attente tr\u00e8s forte de la part des gens et ce n&rsquo;est pas certain<br \/>\nqu&rsquo;il aura envie de faire \u00e7a non plus toujours\u201d,<br \/>\nconfie-t-il.<\/p>\n<p>Ainsi, l\u2019acteur essaie de donner le bon exemple \u00e0 ses bambins.<br \/>\n\u201cJe pense que l\u00e0, \u00e7a l&rsquo;amuse, il aura s\u00fbrement envie de faire<br \/>\nautre chose et tant mieux\u00a0\u00bb, conclut-il.<\/p>\n<p>Diaporama<br \/>\n<img decoding=\"async\" class=\"diapo_img img-responsive lazy-load\" loading=\"lazy\" src=\"https:\/\/www.europesays.com\/fr\/wp-content\/uploads\/2025\/06\/bestimage_00709795_000006-1.jpg\"\/><\/p>\n<p>Bestimage<\/p>\n<p>1\/6 Guillaume Canet \u00e9tait pr\u00e9sent \u00e0<br \/>\nRoland-Garros avec sa fille Louise<\/p>\n<p>Papa poule de deux enfants, pr\u00e9nomm\u00e9s Marcel et<br \/>\nLouise, Guillaume Canet adore passer du temps avec ses bambins,<br \/>\nfruits de son union avec Marion Cotillard.\u00a0<\/p>\n<p><img decoding=\"async\" class=\"diapo_img img-responsive lazy-load\" loading=\"lazy\" src=\"https:\/\/www.europesays.com\/fr\/wp-content\/uploads\/2025\/06\/bestimage_00709795_000019-scaled.jpg\"\/><\/p>\n<p>Bestimage<\/p>\n<p>2\/6 Tr\u00e8s proche de son p\u00e8re, Louise n&rsquo;a pas<br \/>\narr\u00eat\u00e9 de le taquiner<\/p>\n<p>A de multiples reprises, l\u2019acteur s\u2019est d\u00e9j\u00e0<br \/>\nconfi\u00e9 sur l\u2019\u00e9ducation et sur sa paternit\u00e9. Alors en ce jeudi 5<br \/>\njuin 2025, il a d\u00e9cid\u00e9 d\u2019amener sa fille, Louise, \u00e2g\u00e9e de 8 ans,<br \/>\nvoir le tournoi de Roland-Garros. Dans les tribunes, p\u00e8re et fille<br \/>\nont pass\u00e9 un agr\u00e9able moment.<\/p>\n<p><img decoding=\"async\" class=\"diapo_img img-responsive lazy-load\" loading=\"lazy\" src=\"https:\/\/www.europesays.com\/fr\/wp-content\/uploads\/2025\/06\/bestimage_00709795_000022.jpg\"\/><\/p>\n<p>Bestimage<\/p>\n<p>3\/6 Et une chose est s\u00fbre, p\u00e8re et fille ont<br \/>\nfait les petits fous<\/p>\n<p>Pour preuve, ces photos prises en direct du<br \/>\ntournoi parisien. On peut y voir la petite fille en train de<br \/>\ns\u2019amuser avec son p\u00e8re, en lui touchant les cheveux, en lui pin\u00e7ant<br \/>\nle nez, et en regardant son papa avec des yeux<br \/>\ntendres.\u00a0<\/p>\n<p><img decoding=\"async\" class=\"diapo_img img-responsive lazy-load\" loading=\"lazy\" src=\"https:\/\/www.europesays.com\/fr\/wp-content\/uploads\/2025\/06\/bestimage_00709795_000024.jpg\"\/><\/p>\n<p>Bestimage<\/p>\n<p>4\/6 La petite fille s&rsquo;est amus\u00e9e avec le nez<br \/>\nde son p\u00e8re<\/p>\n<p>Guillaume Canet, qui semble adorer que sa<br \/>\npetite le taquine, n\u2019h\u00e9site pas \u00e0 lui donner de grands sourires<br \/>\nsinc\u00e8res et attendrissants.\u00a0<\/p>\n<p><img decoding=\"async\" class=\"diapo_img img-responsive lazy-load\" loading=\"lazy\" src=\"https:\/\/www.europesays.com\/fr\/wp-content\/uploads\/2025\/06\/bestimage_00709795_000025.jpg\"\/><\/p>\n<p>Bestimage<\/p>\n<p>5\/6 Guillaume Canet a fait preuve de beaucoup<br \/>\nde patience<\/p>\n<p>Patient, Guillaume Canet n&rsquo;a pas<br \/>\nboug\u00e9.<\/p>\n<p><img decoding=\"async\" class=\"diapo_img img-responsive lazy-load\" loading=\"lazy\" src=\"https:\/\/www.europesays.com\/fr\/wp-content\/uploads\/2025\/06\/bestimage_00709795_000023.jpg\"\/><\/p>\n<p>Bestimage<\/p>\n<p>6\/6 Un moment de grande complicit\u00e9 entre le<br \/>\np\u00e8re et la fille<\/p>\n<p>Une chose est s\u00fbre, le cin\u00e9aste n\u2019a pas h\u00e9sit\u00e9<br \/>\n\u00e0 faire le petit fou avec sa fille, pour le plus grand bonheur de<br \/>\ncertains spectateurs qui \u00e9taient \u00e0 ses c\u00f4t\u00e9s, \u00e0 l\u2019image d\u2019Ary<br \/>\nAbittan.<\/p>\n","protected":false},"excerpt":{"rendered":"Papa poule de deux enfants, pr\u00e9nomm\u00e9s Marcel et Louise, Guillaume Canet adore passer du temps avec ses bambins,&hellip;\n","protected":false},"author":2,"featured_media":156131,"comment_status":"","ping_status":"","sticky":false,"template":"","format":"standard","meta":{"footnotes":""},"categories":[1359],"tags":[58,59,1011,27,12574,1638,973,4171],"class_list":{"0":"post-156130","1":"post","2":"type-post","3":"status-publish","4":"format-standard","5":"has-post-thumbnail","7":"category-people","8":"tag-divertissement","9":"tag-entertainment","10":"tag-fr","11":"tag-france","12":"tag-guillaume-canet","13":"tag-has_diapo","14":"tag-people","15":"tag-roland-garros"},"share_on_mastodon":{"url":"https:\/\/pubeurope.com\/@fr\/114635652928010117","error":""},"_links":{"self":[{"href":"https:\/\/www.europesays.com\/fr\/wp-json\/wp\/v2\/posts\/156130","targetHints":{"allow":["GET"]}}],"collection":[{"href":"https:\/\/www.europesays.com\/fr\/wp-json\/wp\/v2\/posts"}],"about":[{"href":"https:\/\/www.europesays.com\/fr\/wp-json\/wp\/v2\/types\/post"}],"author":[{"embeddable":true,"href":"https:\/\/www.europesays.com\/fr\/wp-json\/wp\/v2\/users\/2"}],"replies":[{"embeddable":true,"href":"https:\/\/www.europesays.com\/fr\/wp-json\/wp\/v2\/comments?post=156130"}],"version-history":[{"count":0,"href":"https:\/\/www.europesays.com\/fr\/wp-json\/wp\/v2\/posts\/156130\/revisions"}],"wp:featuredmedia":[{"embeddable":true,"href":"https:\/\/www.europesays.com\/fr\/wp-json\/wp\/v2\/media\/156131"}],"wp:attachment":[{"href":"https:\/\/www.europesays.com\/fr\/wp-json\/wp\/v2\/media?parent=156130"}],"wp:term":[{"taxonomy":"category","embeddable":true,"href":"https:\/\/www.europesays.com\/fr\/wp-json\/wp\/v2\/categories?post=156130"},{"taxonomy":"post_tag","embeddable":true,"href":"https:\/\/www.europesays.com\/fr\/wp-json\/wp\/v2\/tags?post=156130"}],"curies":[{"name":"wp","href":"https:\/\/api.w.org\/{rel}","templated":true}]}}