{"id":156138,"date":"2025-06-06T09:16:10","date_gmt":"2025-06-06T09:16:10","guid":{"rendered":"https:\/\/www.europesays.com\/fr\/156138\/"},"modified":"2025-06-06T09:16:10","modified_gmt":"2025-06-06T09:16:10","slug":"vanessa-paradis-de-retour-avec-un-nouveau-titre-bouquet-final-en-echo-a-une-rupture-amoureuse","status":"publish","type":"post","link":"https:\/\/www.europesays.com\/fr\/156138\/","title":{"rendered":"Vanessa Paradis de retour avec un nouveau titre, Bouquet Final, en \u00e9cho \u00e0 une rupture amoureuse"},"content":{"rendered":"<p><strong>VID\u00c9O &#8211;<\/strong> Ce morceau compos\u00e9 par \u00c9tienne Daho et Jean-Louis Pi\u00e9rot est le premier single de son huiti\u00e8me album Le retour des beaux jours, attendu pour le 10 octobre. L\u2019interpr\u00e8te de Joe le taxi viendra d\u00e9fendre ce disque sur sc\u00e8ne \u00e0 partir du printemps 2026.<\/p>\n<p class=\"fig-paragraph\">Apr\u00e8s sept ans d\u2019absence,\u00a0<a href=\"http:\/\/www.lefigaro.fr\/musique\/vanessa-paradis-prepare-son-retour-avec-un-nouvel-album-apres-sept-ans-d-absence-20250518\" target=\"_blank\" data-fig-type=\"Article\" rel=\"noopener\" data-gtm-custom-categorie=\"navigation\" data-gtm-custom-action=\"crossclick\" data-gtm-custom-label=\"Contextuel\" data-gtm-event=\"customEventSPE\" data-fig-domain=\"LEFIGARO\">Vanessa Paradis<\/a>\u00a0est de retour en studio. La chanteuse vient de d\u00e9voiler ce vendredi 6 juin un morceau in\u00e9dit, Bouquet Final, qui ne marque pas la fin de sa carri\u00e8re, comme pourrait le sugg\u00e9rer le titre, mais plut\u00f4t le d\u00e9but d\u2019une nouvelle \u00e8re. Le titre, compos\u00e9 par\u00a0<a href=\"http:\/\/www.lefigaro.fr\/actualite-france\/camille-cottin-etienne-daho-marlene-schiappa-eric-trappier-les-recipiendaires-de-la-legion-d-honneur-du-1er-janvier-2025-20250118\" target=\"_blank\" data-fig-type=\"NewsFlash\" rel=\"noopener\" data-gtm-custom-categorie=\"navigation\" data-gtm-custom-action=\"crossclick\" data-gtm-custom-label=\"Contextuel\" data-gtm-event=\"customEventSPE\" data-fig-domain=\"LEFIGARO\">\u00c9tienne Daho\u00a0<\/a>et Jean-Louis Pi\u00e9rot, sert de premier single pour son\u00a0<a href=\"http:\/\/www.lefigaro.fr\/musique\/le-nouvel-album-de-vanessa-paradis-prevu-en-octobre-avec-la-participation-d-etienne-daho-20250528\" target=\"_blank\" data-fig-type=\"Article\" rel=\"noopener\" data-gtm-custom-categorie=\"navigation\" data-gtm-custom-action=\"crossclick\" data-gtm-custom-label=\"Contextuel\" data-gtm-event=\"customEventSPE\" data-fig-domain=\"LEFIGARO\">huiti\u00e8me album,<\/a>\u00a0attendu \u00e0 l\u2019automne.<\/p>\n<p class=\"fig-paragraph\">Avec Bouquet Final, Vanessa Paradis revient avec un titre pop dont les paroles font \u00e9cho \u00e0 une rupture amoureuse. \u00ab\u00a0Juste retour des choses comme une overdose \/ Mais c\u2019est le bouquet final \/ J\u2019avoue, je les ai attendues longtemps \/ Mais les fleurs ne parlent qu\u2019au pr\u00e9sent (&#8230;)Tu aimerais changer les choses, comme on change l\u2019eau des roses. Mon amour, oublie \u00e7a les fleurs, ne triche pas&#8230;\u00a0\u00bb\u00a0<\/p>\n<p class=\"fig-paragraph\">L\u2019interpr\u00e8te de Joe le taxi a annonc\u00e9 son retour \u00e0 la musique sur les r\u00e9seaux sociaux il y a quelques semaines, en partageant des clich\u00e9s d\u2019elle en session d\u2019enregistrement, accompagn\u00e9s de sobres l\u00e9gendes \u00ab\u00a0studio &#8211; avril 2025\u00a0\u00bb et \u00ab\u00a0fin d\u2019enregistrement &#8211; mai 2025\u00a0\u00bb.<\/p>\n<p class=\"fig-paragraph\">Fin mai, Vanessa Paradis a r\u00e9v\u00e9l\u00e9 le nom et la date de sortie de son prochain album tr\u00e8s attendu\u00a0: Le retour des beaux jours, pr\u00e9vu pour le 10 octobre. Un titre qui ne laisse aucun doute\u00a0: cet opus marque un renouveau dans la carri\u00e8re de l\u2019artiste. Pour l\u2019occasion, elle a m\u00eame travaill\u00e9 avec ses deux enfants, Jack et Lily-Rose, le premier ayant travaill\u00e9 sur le titre El\u00e9ments et le second sur I am Alive. Son dernier album Les Sources remontait \u00e0 2018, port\u00e9 par les morceaux Kiev, La Plage, C\u2019est dire, On oubliera\u00a0ou encore Mio cuore.<\/p>\n<p class=\"fig-paragraph\">Et comme une bonne nouvelle n\u2019arrive jamais seule, l\u2019interpr\u00e8te de Sunday Mondays viendra d\u00e9fendre sur sc\u00e8ne son huiti\u00e8me album au printemps 2026. Aussi \u00e0 l\u2019aise devant la cam\u00e9ra, elle sera pr\u00e9sente sur le grand \u00e9cran dans T\u2019as pas chang\u00e9, une com\u00e9die de J\u00e9r\u00f4me Commandeur, o\u00f9 suite \u00e0 la disparition d\u2019un de leur camarade de classe, quatre anciens lyc\u00e9ens d\u00e9cident, 30 ans apr\u00e8s le bac, de r\u00e9unir toute leur promo. Pas plus tard qu\u2019hier, elle a \u00e9t\u00e9 annonc\u00e9e au casting de J\u2019oublierai ton nom, le nouveau film de Yann Gonzalez dont le tournage a d\u00e9j\u00e0 commenc\u00e9.<\/p>\n","protected":false},"excerpt":{"rendered":"VID\u00c9O &#8211; Ce morceau compos\u00e9 par \u00c9tienne Daho et Jean-Louis Pi\u00e9rot est le premier single de son huiti\u00e8me&hellip;\n","protected":false},"author":2,"featured_media":156139,"comment_status":"","ping_status":"","sticky":false,"template":"","format":"standard","meta":{"footnotes":""},"categories":[1355],"tags":[2937,2932,2935,1696,2934,58,2933,59,26021,1011,27,1361,873,2936,1698,10245],"class_list":{"0":"post-156138","1":"post","2":"type-post","3":"status-publish","4":"format-standard","5":"has-post-thumbnail","7":"category-musique","8":"tag-artistes","9":"tag-cd","10":"tag-chansons","11":"tag-chanteur","12":"tag-chason","13":"tag-divertissement","14":"tag-dvd","15":"tag-entertainment","16":"tag-etienne-daho","17":"tag-fr","18":"tag-france","19":"tag-music","20":"tag-musique","21":"tag-musique-classique","22":"tag-musiques","23":"tag-vanessa-paradis"},"share_on_mastodon":{"url":"https:\/\/pubeurope.com\/@fr\/114635668421134964","error":""},"_links":{"self":[{"href":"https:\/\/www.europesays.com\/fr\/wp-json\/wp\/v2\/posts\/156138","targetHints":{"allow":["GET"]}}],"collection":[{"href":"https:\/\/www.europesays.com\/fr\/wp-json\/wp\/v2\/posts"}],"about":[{"href":"https:\/\/www.europesays.com\/fr\/wp-json\/wp\/v2\/types\/post"}],"author":[{"embeddable":true,"href":"https:\/\/www.europesays.com\/fr\/wp-json\/wp\/v2\/users\/2"}],"replies":[{"embeddable":true,"href":"https:\/\/www.europesays.com\/fr\/wp-json\/wp\/v2\/comments?post=156138"}],"version-history":[{"count":0,"href":"https:\/\/www.europesays.com\/fr\/wp-json\/wp\/v2\/posts\/156138\/revisions"}],"wp:featuredmedia":[{"embeddable":true,"href":"https:\/\/www.europesays.com\/fr\/wp-json\/wp\/v2\/media\/156139"}],"wp:attachment":[{"href":"https:\/\/www.europesays.com\/fr\/wp-json\/wp\/v2\/media?parent=156138"}],"wp:term":[{"taxonomy":"category","embeddable":true,"href":"https:\/\/www.europesays.com\/fr\/wp-json\/wp\/v2\/categories?post=156138"},{"taxonomy":"post_tag","embeddable":true,"href":"https:\/\/www.europesays.com\/fr\/wp-json\/wp\/v2\/tags?post=156138"}],"curies":[{"name":"wp","href":"https:\/\/api.w.org\/{rel}","templated":true}]}}