{"id":156140,"date":"2025-06-06T09:17:51","date_gmt":"2025-06-06T09:17:51","guid":{"rendered":"https:\/\/www.europesays.com\/fr\/156140\/"},"modified":"2025-06-06T09:17:51","modified_gmt":"2025-06-06T09:17:51","slug":"9-ans-apres-la-suite-de-ce-film-aux-155-millions-de-dollars-de-recettes-voit-enfin-le-jour-sur-prime-video","status":"publish","type":"post","link":"https:\/\/www.europesays.com\/fr\/156140\/","title":{"rendered":"9 ans apr\u00e8s, la suite de ce film aux 155 millions de dollars de recettes voit enfin le jour sur Prime Video"},"content":{"rendered":"<p>Neuf ans apr\u00e8s la sortie du premier opus au cin\u00e9ma, Mr. Wolff 2 (ou The Accountant 2 en version originale) sort sur la plateforme de streaming Prime Video ce 5 juin. La r\u00e9dac a eu l&rsquo;occasion de le voir et vous d\u00e9livre son avis.<\/p>\n<p>C&rsquo;est le grand retour du thriller d&rsquo;action <a href=\"https:\/\/www.programme-tv.net\/news\/cinema\/247450-ben-affleck-atteint-du-spectre-de-lautisme-dans-mr-wolff-comment-il-a-prepare-son-role\/\" data-api-deeplink=\"teleloisirs:\/\/news\/247450\" target=\"_blank\" rel=\"noopener\">Mr Wolff 2<\/a> avec toujours les deux c\u00e9l\u00e8bres acteurs am\u00e9ricains <a href=\"https:\/\/www.programme-tv.net\/news\/series-tv\/209235-the-walking-dead-saison-9-jon-bernthal-shane-de-retour-on-a-la-reponse\/\" data-api-deeplink=\"teleloisirs:\/\/news\/209235\" target=\"_blank\" rel=\"noopener\">Jon Bernthal<\/a> et <a href=\"https:\/\/www.programme-tv.net\/news\/people\/369200-the-batman-comment-les-problemes-dalcoolisme-de-ben-affleck-lont-empeche-de-realiser-le-film\/\" data-api-deeplink=\"teleloisirs:\/\/news\/369200\" target=\"_blank\" rel=\"noopener\">Ben Affleck<\/a>. Dans le premier opus, nous d\u00e9couvrions le personnage de Christian Wolff (dit The Accountant), interpr\u00e9t\u00e9 par Ben Affleck, un expert-comptable g\u00e9nie des math\u00e9matiques, qui officie sans histoires dans le civil, mais qui travaille en r\u00e9alit\u00e9 pour le compte d&rsquo;organisations maffieuses tr\u00e8s dangereuses. Pour rappel, dans le premier film sorti en 2016, sa situation se compliquait quand la brigade anti-criminalit\u00e9 du minist\u00e8re des Finances d\u00e9cidait de se pencher sur son cas. Accompagn\u00e9 par son fr\u00e8re Braxton, incarn\u00e9 par Jon Bernthal (The Walking Dead), ils manient tous deux les armes d&rsquo;une mani\u00e8re redoutable. Le second film est toujours r\u00e9alis\u00e9 par Gavin O&rsquo;Connor, et dure un peu plus de 2 heures.<\/p>\n<p>Mr. Wolff 2 : de quoi parle la suite du film avec Ben Affleck ?<\/p>\n<p>Christian Wolff reprend du service lorsque l&rsquo;agent f\u00e9d\u00e9ral Marybeth Medina, interpr\u00e9t\u00e9e par <a href=\"https:\/\/www.programme-tv.net\/biographie\/181792-addai-robinson-cynthia\/\" data-link-people=\"9e246bd6-ca81-4d4e-b910-e37925242e0a\" target=\"_blank\" rel=\"noopener\">Cynthia Addai-Robinson<\/a> (qui a jou\u00e9 dans le premier opus, mais aussi dans la s\u00e9rie Power et <a href=\"https:\/\/www.programme-tv.net\/news\/cinema\/345101-shooter-tireur-delite-lactrice-kate-mara-a-t-elle-un-lien-avec-lactrice-rooney-mara\/\" data-api-deeplink=\"teleloisirs:\/\/news\/345101\" target=\"_blank\" rel=\"noopener\">Shooter<\/a>), d\u00e9cide d&rsquo;enqu\u00eater sur un meurtre et fait appel aux services de cet expert-comptable. Cependant pour cette mission, il d\u00e9cide de recontacter son fr\u00e8re Braxton, qu&rsquo;il n&rsquo;a pas vu depuis 8 ans et avec qui il est en froid. Derri\u00e8re cette enqu\u00eate, ils font face \u00e0 une organisation de malfaiteurs qui tient un camp d&rsquo;enfants au Mexique. Un autre personnage important fait son apparition, celui d&rsquo;Ana\u00efs (jou\u00e9e par Daniella Pineda), qui agit seule dans le m\u00eame but qu&rsquo;eux.<\/p>\n<p>                        Mr. Wolff 2 : une suite r\u00e9ussie ?<\/p>\n<p>Rempli de sc\u00e8nes d&rsquo;action, ce second opus contient des moments assez impressionnants, notamment avec la personnalit\u00e9 de Jon Bernthal, un peu similaire \u00e0 son r\u00f4le dans la s\u00e9rie <a href=\"https:\/\/www.programme-tv.net\/news\/series-tv\/224137-the-punisher-netflix-les-cicatrices-de-jigsaw-cascades-decouvrez-les-effets-speciaux-de-la-saison-2-videos\/\" data-api-deeplink=\"teleloisirs:\/\/news\/224137\" target=\"_blank\" rel=\"noopener\">The Punisher<\/a>. Le jeu des acteurs est tr\u00e8s bon, et Ben Affleck tient tout aussi bien son r\u00f4le de Christian Wolff qu&rsquo;en 2016. En revanche, on peut noter parfois quelques moments longs, surtout dans les dialogues, qui rallongent le film pour pas grand chose. Cette suite est donc plut\u00f4t r\u00e9ussie, mais n&rsquo;est pas le film \u00e0 voir \u00e0 tout prix. Si un dimanche vous vous baladez sur Prime Video et que vous ne savez pas quoi regarder, voir Ben Affleck dans un r\u00f4le comme celui-ci peut toujours faire plaisir.<\/p>\n","protected":false},"excerpt":{"rendered":"Neuf ans apr\u00e8s la sortie du premier opus au cin\u00e9ma, Mr. Wolff 2 (ou The Accountant 2 en&hellip;\n","protected":false},"author":2,"featured_media":156141,"comment_status":"","ping_status":"","sticky":false,"template":"","format":"standard","meta":{"footnotes":""},"categories":[1354],"tags":[4225,19333,244,58,59,1346,1011,27,28157,1360,28701,4224,129],"class_list":{"0":"post-156140","1":"post","2":"type-post","3":"status-publish","4":"format-standard","5":"has-post-thumbnail","7":"category-films","8":"tag-amazon-prime-vidu00e9o","9":"tag-ben-affleck","10":"tag-commentaire","11":"tag-divertissement","12":"tag-entertainment","13":"tag-films","14":"tag-fr","15":"tag-france","16":"tag-jon-bernthal","17":"tag-movies","18":"tag-mr-wolff-2","19":"tag-pub-streaming-prime-video","20":"tag-svod"},"share_on_mastodon":{"url":"https:\/\/pubeurope.com\/@fr\/114635676299751778","error":""},"_links":{"self":[{"href":"https:\/\/www.europesays.com\/fr\/wp-json\/wp\/v2\/posts\/156140","targetHints":{"allow":["GET"]}}],"collection":[{"href":"https:\/\/www.europesays.com\/fr\/wp-json\/wp\/v2\/posts"}],"about":[{"href":"https:\/\/www.europesays.com\/fr\/wp-json\/wp\/v2\/types\/post"}],"author":[{"embeddable":true,"href":"https:\/\/www.europesays.com\/fr\/wp-json\/wp\/v2\/users\/2"}],"replies":[{"embeddable":true,"href":"https:\/\/www.europesays.com\/fr\/wp-json\/wp\/v2\/comments?post=156140"}],"version-history":[{"count":0,"href":"https:\/\/www.europesays.com\/fr\/wp-json\/wp\/v2\/posts\/156140\/revisions"}],"wp:featuredmedia":[{"embeddable":true,"href":"https:\/\/www.europesays.com\/fr\/wp-json\/wp\/v2\/media\/156141"}],"wp:attachment":[{"href":"https:\/\/www.europesays.com\/fr\/wp-json\/wp\/v2\/media?parent=156140"}],"wp:term":[{"taxonomy":"category","embeddable":true,"href":"https:\/\/www.europesays.com\/fr\/wp-json\/wp\/v2\/categories?post=156140"},{"taxonomy":"post_tag","embeddable":true,"href":"https:\/\/www.europesays.com\/fr\/wp-json\/wp\/v2\/tags?post=156140"}],"curies":[{"name":"wp","href":"https:\/\/api.w.org\/{rel}","templated":true}]}}