{"id":15615,"date":"2025-04-10T18:36:11","date_gmt":"2025-04-10T18:36:11","guid":{"rendered":"https:\/\/www.europesays.com\/fr\/15615\/"},"modified":"2025-04-10T18:36:11","modified_gmt":"2025-04-10T18:36:11","slug":"alerte-aux-allergiques-comment-faire-de-son-logement-un-refuge-anti-pollen","status":"publish","type":"post","link":"https:\/\/www.europesays.com\/fr\/15615\/","title":{"rendered":"Alerte aux allergiques : comment faire de son logement un refuge anti-pollen ?"},"content":{"rendered":"<p>\t\t\t\t\t Les pollens s\u2019infiltrent plus qu\u2019on ne le pense<\/p>\n<p class=\"\" data-start=\"1026\" data-end=\"1409\">Contrairement \u00e0 une id\u00e9e re\u00e7ue, <strong data-start=\"1058\" data-end=\"1119\">l\u2019air int\u00e9rieur peut \u00eatre plus pollu\u00e9 que l\u2019air ext\u00e9rieur<\/strong>, surtout en p\u00e9riode d\u2019allergie. Les pollens, une fois entr\u00e9s, <strong data-start=\"1182\" data-end=\"1238\">se d\u00e9posent sur les sols, les textiles, les surfaces<\/strong> et peuvent y rester plusieurs jours. <strong data-start=\"1276\" data-end=\"1318\">Aucune pi\u00e8ce n\u2019est r\u00e9ellement \u00e0 l\u2019abri<\/strong>, surtout si l\u2019on ventile mal ou que certains gestes quotidiens favorisent leur dispersion.<\/p>\n<p class=\"\" data-start=\"1411\" data-end=\"1593\">Certaines plantes d\u2019int\u00e9rieur, les tapis, les rideaux ou encore les climatiseurs mal entretenus peuvent aussi <strong data-start=\"1521\" data-end=\"1573\">accumuler et relarguer les particules allerg\u00e8nes<\/strong> dans l\u2019air ambiant.<\/p>\n<p>Cr\u00e9er un environnement int\u00e9rieur apais\u00e9 : les gestes \u00e0 adopter<\/p>\n<p class=\"\" data-start=\"1662\" data-end=\"1881\">Faire de son logement un espace protecteur ne demande pas n\u00e9cessairement de gros travaux. <strong data-start=\"1752\" data-end=\"1848\">Des habitudes simples et r\u00e9guli\u00e8res peuvent transformer consid\u00e9rablement la qualit\u00e9 de l\u2019air<\/strong> et r\u00e9duire la charge pollinique.<\/p>\n<p class=\"\" data-start=\"1883\" data-end=\"1949\">Voici les principales actions recommand\u00e9es par les allergologues :<\/p>\n<ul>\n<li data-start=\"1953\" data-end=\"2150\"><strong data-start=\"1953\" data-end=\"1977\">A\u00e9rez intelligemment<\/strong> : privil\u00e9giez l\u2019a\u00e9ration entre 12h et 15h, moment o\u00f9 le taux de pollen dans l\u2019air est g\u00e9n\u00e9ralement plus bas. \u00c9vitez d\u2019ouvrir les fen\u00eatres t\u00f4t le matin ou en fin de journ\u00e9e.<\/li>\n<li data-start=\"1953\" data-end=\"2150\"><strong data-start=\"2153\" data-end=\"2196\">Lavez fr\u00e9quemment les draps et textiles<\/strong> \u00e0 60\u00b0C pour \u00e9liminer les pollens accumul\u00e9s. Cela concerne aussi les rideaux, coussins et plaids.<\/li>\n<li data-start=\"1953\" data-end=\"2150\"><strong data-start=\"2296\" data-end=\"2350\">Retirez vos v\u00eatements d\u2019ext\u00e9rieur d\u00e8s votre retour<\/strong> \u00e0 la maison et \u00e9vitez de les poser dans les pi\u00e8ces de vie.<\/li>\n<li data-start=\"1953\" data-end=\"2150\"><strong data-start=\"2412\" data-end=\"2469\">Utilisez un purificateur d\u2019air \u00e9quip\u00e9 de filtres HEPA<\/strong>, capable de capturer les particules fines et les allerg\u00e8nes.<\/li>\n<li data-start=\"1953\" data-end=\"2150\"><strong data-start=\"2533\" data-end=\"2590\">Passez r\u00e9guli\u00e8rement l\u2019aspirateur avec un filtre HEPA<\/strong>, en insistant sur les tapis et moquettes. \u00c9vitez le balai qui disperse les allerg\u00e8nes.<\/li>\n<li data-start=\"1953\" data-end=\"2150\"><strong data-start=\"2680\" data-end=\"2728\">Nettoyez les surfaces avec un chiffon humide<\/strong> plut\u00f4t qu\u2019un plumeau pour emprisonner les pollens au lieu de les d\u00e9placer.<\/li>\n<li data-start=\"1953\" data-end=\"2150\"><strong data-start=\"2806\" data-end=\"2846\">Ne faites pas s\u00e9cher le linge dehors<\/strong>, surtout en p\u00e9riode de floraison active.<\/li>\n<li data-start=\"1953\" data-end=\"2150\"><strong data-start=\"2890\" data-end=\"2943\">Limitez les plantes d\u2019int\u00e9rieur \u00e0 feuillage dense<\/strong>, qui retiennent facilement les particules en suspension.<\/li>\n<li data-start=\"1953\" data-end=\"2150\"><strong data-start=\"3003\" data-end=\"3053\">Pensez au lavage du nez au s\u00e9rum physiologique<\/strong> en fin de journ\u00e9e pour \u00e9liminer les pollens accumul\u00e9s dans les voies respiratoires.<\/li>\n<\/ul>\n<p>\u00c9quipements : que valent-ils vraiment ?<\/p>\n<p class=\"\" data-start=\"3183\" data-end=\"3360\">Plusieurs \u00e9quipements se pr\u00e9sentent comme des alli\u00e9s des allergiques, mais tous <strong data-start=\"3263\" data-end=\"3283\">ne se valent pas<\/strong>. Le tableau ci-dessous aide \u00e0 y voir plus clair sur leur efficacit\u00e9 r\u00e9elle :<\/p>\n<tr data-start=\"3362\" data-end=\"3466\">\n\u00c9quipement<br \/>\nEfficacit\u00e9 anti-pollen<br \/>\nFr\u00e9quence d\u2019entretien<br \/>\n\u00c0 privil\u00e9gier ?<br \/>\n<\/tr>\n<tr data-start=\"3574\" data-end=\"3685\">\n<td>Filtre HEPA (purificateur)<\/td>\n<td>Tr\u00e8s \u00e9lev\u00e9e<\/td>\n<td>Tous les 3-6 mois<\/td>\n<td>Oui, filtre les allerg\u00e8nes<\/td>\n<\/tr>\n<tr data-start=\"3686\" data-end=\"3809\">\n<td>Aspirateur HEPA<\/td>\n<td>\u00c9lev\u00e9e<\/td>\n<td>Hebdomadaire<\/td>\n<td>Oui, en compl\u00e9ment d\u2019une bonne a\u00e9ration<\/td>\n<\/tr>\n<tr data-start=\"3810\" data-end=\"3917\">\n<td>Climatisation avec filtre<\/td>\n<td>Moyenne \u00e0 \u00e9lev\u00e9e<\/td>\n<td>Mensuelle (filtre)<\/td>\n<td>Oui, si bien entretenue<\/td>\n<\/tr>\n<tr data-start=\"3918\" data-end=\"4029\">\n<td>Tapis\/moquettes<\/td>\n<td>Faible (r\u00e9servoir \u00e0 pollens)<\/td>\n<td>Nettoyage fr\u00e9quent<\/td>\n<td>Non, \u00e0 limiter<\/td>\n<\/tr>\n<tr data-start=\"4030\" data-end=\"4143\">\n<td>Rideaux lourds<\/td>\n<td>Faible \u00e0 moyenne<\/td>\n<td>Lavage fr\u00e9quent<\/td>\n<td>Oui, s\u2019ils sont lav\u00e9s souvent<\/td>\n<\/tr>\n<p class=\"\" data-start=\"4145\" data-end=\"4287\"><strong data-start=\"4145\" data-end=\"4212\">Investir dans un bon purificateur et entretenir ses \u00e9quipements<\/strong> est souvent plus efficace que de multiplier les petits gadgets peu utiles.<\/p>\n<p> Des zones \u00e0 surveiller plus que d\u2019autres<\/p>\n<p class=\"\" data-start=\"4334\" data-end=\"4615\">Toutes les pi\u00e8ces ne sont pas \u00e9gales face aux pollens. <strong data-start=\"4389\" data-end=\"4437\">La chambre \u00e0 coucher doit rester prioritaire<\/strong>, car c\u2019est l\u00e0 que l\u2019on passe le plus de temps. Il est recommand\u00e9 d\u2019en faire <strong data-start=\"4514\" data-end=\"4572\">une pi\u00e8ce ferm\u00e9e, bien nettoy\u00e9e, sans textile superflu<\/strong>, avec un linge de lit lav\u00e9 chaque semaine.<\/p>\n<p class=\"\" data-start=\"4617\" data-end=\"4866\"><strong data-start=\"4617\" data-end=\"4629\">Le salon<\/strong>, en revanche, accumule souvent les allerg\u00e8nes via les v\u00eatements, les animaux domestiques ou les ouvertures fr\u00e9quentes. <strong data-start=\"4749\" data-end=\"4824\">Un entretien r\u00e9gulier et un purificateur adapt\u00e9 \u00e0 la taille de la pi\u00e8ce<\/strong> sont essentiels pour limiter les risques.<\/p>\n<p class=\"\" data-start=\"4868\" data-end=\"5057\">Enfin, <strong data-start=\"4875\" data-end=\"4895\">la salle de bain<\/strong>, avec son air humide, est un bon endroit pour se laver les cheveux et se d\u00e9barrasser des pollens, \u00e0 condition de ne pas y entreposer les v\u00eatements port\u00e9s dehors.<\/p>\n<p> Un enjeu au quotidien pour des millions de Fran\u00e7ais<\/p>\n<p class=\"\" data-start=\"5115\" data-end=\"5348\">Les allergies aux pollens ne sont pas une fatalit\u00e9 saisonni\u00e8re. En am\u00e9nageant son logement et en adoptant quelques gestes simples, il est possible de <strong data-start=\"5265\" data-end=\"5310\">retrouver un confort respiratoire durable<\/strong>, m\u00eame en pleine p\u00e9riode de floraison.<\/p>\n<p class=\"\" data-start=\"5350\" data-end=\"5510\"><strong data-start=\"5350\" data-end=\"5443\">Transformer sa maison en refuge, ce n\u2019est pas fuir l\u2019ext\u00e9rieur, c\u2019est mieux vivre dedans.<\/strong> Et pour beaucoup d\u2019allergiques, c\u2019est d\u00e9j\u00e0 un immense soulagement.<\/p>\n","protected":false},"excerpt":{"rendered":"Les pollens s\u2019infiltrent plus qu\u2019on ne le pense Contrairement \u00e0 une id\u00e9e re\u00e7ue, l\u2019air int\u00e9rieur peut \u00eatre plus&hellip;\n","protected":false},"author":2,"featured_media":15616,"comment_status":"","ping_status":"","sticky":false,"template":"","format":"standard","meta":{"footnotes":""},"categories":[4],"tags":[11,1011,27,2142,12,6550,4741,56,25,71],"class_list":{"0":"post-15615","1":"post","2":"type-post","3":"status-publish","4":"format-standard","5":"has-post-thumbnail","7":"category-france","8":"tag-actualites","9":"tag-fr","10":"tag-france","11":"tag-maison","12":"tag-news","13":"tag-pollens","14":"tag-proteger","15":"tag-push","16":"tag-republique-francaise","17":"tag-sante"},"share_on_mastodon":{"url":"https:\/\/pubeurope.com\/@fr\/114315118815591015","error":""},"_links":{"self":[{"href":"https:\/\/www.europesays.com\/fr\/wp-json\/wp\/v2\/posts\/15615","targetHints":{"allow":["GET"]}}],"collection":[{"href":"https:\/\/www.europesays.com\/fr\/wp-json\/wp\/v2\/posts"}],"about":[{"href":"https:\/\/www.europesays.com\/fr\/wp-json\/wp\/v2\/types\/post"}],"author":[{"embeddable":true,"href":"https:\/\/www.europesays.com\/fr\/wp-json\/wp\/v2\/users\/2"}],"replies":[{"embeddable":true,"href":"https:\/\/www.europesays.com\/fr\/wp-json\/wp\/v2\/comments?post=15615"}],"version-history":[{"count":0,"href":"https:\/\/www.europesays.com\/fr\/wp-json\/wp\/v2\/posts\/15615\/revisions"}],"wp:featuredmedia":[{"embeddable":true,"href":"https:\/\/www.europesays.com\/fr\/wp-json\/wp\/v2\/media\/15616"}],"wp:attachment":[{"href":"https:\/\/www.europesays.com\/fr\/wp-json\/wp\/v2\/media?parent=15615"}],"wp:term":[{"taxonomy":"category","embeddable":true,"href":"https:\/\/www.europesays.com\/fr\/wp-json\/wp\/v2\/categories?post=15615"},{"taxonomy":"post_tag","embeddable":true,"href":"https:\/\/www.europesays.com\/fr\/wp-json\/wp\/v2\/tags?post=15615"}],"curies":[{"name":"wp","href":"https:\/\/api.w.org\/{rel}","templated":true}]}}