{"id":156157,"date":"2025-06-06T09:26:41","date_gmt":"2025-06-06T09:26:41","guid":{"rendered":"https:\/\/www.europesays.com\/fr\/156157\/"},"modified":"2025-06-06T09:26:41","modified_gmt":"2025-06-06T09:26:41","slug":"firminy-larrivee-de-basic-fit-fait-trembler-les-salles-de-sport-locales","status":"publish","type":"post","link":"https:\/\/www.europesays.com\/fr\/156157\/","title":{"rendered":"FIRMINY : L&rsquo;ARRIV\u00c9E DE BASIC FIT FAIT TREMBLER LES SALLES DE SPORT LOCALES"},"content":{"rendered":"<p>                <a href=\"https:\/\/42info.fr\/gagnez-vos-airpods-pro\/\" target=\"_blank\" aria-label=\"Gagnez Airpod\" rel=\"noopener\"><img loading=\"lazy\" decoding=\"async\" src=\"https:\/\/www.europesays.com\/fr\/wp-content\/uploads\/2025\/05\/Gagnez-Airpod-scaled.jpg\" alt=\"\"   width=\"2560\" height=\"960\"\/><\/a><\/p>\n<p>L\u2019implantation prochaine du g\u00e9ant n\u00e9erlandais Basic Fit rue de la Tour-de-Varan inqui\u00e8te les exploitants locaux, qui redoutent un impact significatif sur leur client\u00e8le dans un march\u00e9 d\u00e9j\u00e0 satur\u00e9.<\/p>\n<p>Un march\u00e9 qui fr\u00f4le la saturation<\/p>\n<p>Avec l\u2019arriv\u00e9e de Basic Fit, le bassin appelou comptera bient\u00f4t sept \u00e9tablissements de fitness, incluant celui de Roche-la-Moli\u00e8re. Cette densit\u00e9 exceptionnelle interpelle les professionnels du secteur, qui s\u2019interrogent sur la viabilit\u00e9 \u00e9conomique d\u2019une telle concentration.<\/p>\n<p>Powergym fitness, Moving, L\u2019Appart, Keep Cool, Izisport et CrossFit L\u2019Ondaine composent actuellement l\u2019offre locale. L\u2019installation du nouveau venu modifie profond\u00e9ment la donne concurrentielle sur un territoire relativement restreint.<\/p>\n<p>Des g\u00e9rants unanimement pr\u00e9occup\u00e9s<\/p>\n<p>Christophe Grange, qui dirige Powergym fitness depuis quinze ans, ne cache pas ses appr\u00e9hensions face \u00e0 cette concurrence d\u2019un nouveau genre. Install\u00e9 \u00e0 quelques dizaines de m\u00e8tres du futur Basic Fit, il anticipe un impact sur l\u2019ensemble des \u00e9tablissements firminois, particuli\u00e8rement sur la client\u00e8le jeune.<\/p>\n<p>Cette inqui\u00e9tude est partag\u00e9e par ses confr\u00e8res. Olivier Remilleux de L\u2019Appart Fitness reconna\u00eet que cette implantation constitue une mauvaise nouvelle pour le secteur, malgr\u00e9 des positionnements diff\u00e9rents. Laura Luciani de Keep Cool, forte de son exp\u00e9rience face aux ouvertures de cha\u00eenes low-cost, confirme l\u2019impact r\u00e9el sur le chiffre d\u2019affaires de ce type de concurrence.<\/p>\n<p>Un report li\u00e9 \u00e0 la pand\u00e9mie<\/p>\n<p>L\u2019arriv\u00e9e de Basic Fit \u00e0 Firminy r\u00e9sulte d\u2019un changement de strat\u00e9gie du groupe. Initialement pr\u00e9vu dans le parc de l\u2019\u00c9toile rue Dorian, le projet avait \u00e9t\u00e9 report\u00e9 en raison de la crise sanitaire. Cette temporisation a finalement men\u00e9 \u00e0 l\u2019implantation actuelle rue de la Tour-de-Varan.<\/p>\n<p>Cette localisation place le futur \u00e9tablissement au c\u0153ur du dispositif existant, renfor\u00e7ant les craintes des exploitants d\u00e9j\u00e0 pr\u00e9sents sur le march\u00e9 local.<\/p>\n<p>La bataille de la diff\u00e9renciation<\/p>\n<p>Face \u00e0 cette menace, les salles locales misent sur leurs sp\u00e9cificit\u00e9s pour se d\u00e9marquer du mod\u00e8le low-cost. L\u2019encadrement personnalis\u00e9, l\u2019ambiance conviviale et les services premium constituent leurs principaux atouts concurrentiels.<\/p>\n<p>Moving revendique son positionnement haut de gamme, tandis que Keep Cool et L\u2019Appart mettent en avant leurs r\u00e9seaux nationaux et leurs programmes d\u2019accompagnement. Powergym insiste sur ses cours collectifs et son atmosph\u00e8re chaleureuse.<\/p>\n<p>Des strat\u00e9gies d\u2019adaptation vari\u00e9es<\/p>\n<p>Pour contrer cette nouvelle concurrence, les \u00e9tablissements locaux multiplient les initiatives. Laura Luciani programme des travaux de r\u00e9novation r\u00e9guliers, Christophe Grange investit dans de nouveaux \u00e9quipements et espaces, notamment un plateau musculation avec des machines exclusives.<\/p>\n<p>L\u2019am\u00e9lioration continue semble \u00eatre la r\u00e8gle : \u00e9clairages sophistiqu\u00e9s, syst\u00e8mes audio performants, \u00e9quipements cardio derni\u00e8re g\u00e9n\u00e9ration avec \u00e9crans int\u00e9gr\u00e9s. Ces investissements visent \u00e0 maintenir l\u2019attractivit\u00e9 face aux tarifs agressifs du nouveau concurrent.<\/p>\n<p>CrossFit : une niche pr\u00e9serv\u00e9e<\/p>\n<p>CrossFit L\u2019Ondaine se montre moins inquiet, consid\u00e9rant que sa sp\u00e9cialisation ultra-technique le prot\u00e8ge de cette concurrence. Thomas Ressicaud et Nicolas Kaluzny, les associ\u00e9s gestionnaires, pr\u00e9voient m\u00eame un agrandissement de 120 m\u00b2 pour accueillir une trentaine d\u2019adh\u00e9rents suppl\u00e9mentaires.<\/p>\n<p>Cette confiance s\u2019appuie sur la sp\u00e9cificit\u00e9 de leur offre, incompatible avec le mod\u00e8le d\u2019auto-service pr\u00f4n\u00e9 par les cha\u00eenes de fitness low-cost.<\/p>\n<p>L\u2019effet boomerang esp\u00e9r\u00e9<\/p>\n<p>Plusieurs g\u00e9rants tablent sur les d\u00e9ceptions futures des nouveaux adh\u00e9rents de Basic Fit. Ils anticipent un retour de clients d\u00e9\u00e7us par l\u2019absence d\u2019encadrement et l\u2019atmosph\u00e8re impersonnelle des grandes cha\u00eenes.<\/p>\n<p>Cette strat\u00e9gie du \u00ab\u00a0retour au bercail\u00a0\u00bb s\u2019appuie sur l\u2019id\u00e9e que certains publics, notamment f\u00e9minins, pr\u00e9f\u00e8rent l\u2019ambiance des structures plus intimistes et encadr\u00e9es.<\/p>\n<p>Une ouverture programm\u00e9e pour l\u2019\u00e9t\u00e9<\/p>\n<p>La date d\u2019inauguration du Basic Fit firminois devrait \u00eatre confirm\u00e9e dans les prochains mois. Les observateurs du secteur redoutent d\u00e9j\u00e0 l\u2019effet domino que pourrait d\u00e9clencher cette implantation.<\/p>\n<p>Selon certaines sources, l\u2019arriv\u00e9e de Basic Fit pr\u00e9c\u00e8de souvent celle de Fitness Park, autre g\u00e9ant du low-cost. Cette perspective d\u2019une nouvelle escalade concurrentielle inqui\u00e8te davantage les professionnels locaux.<\/p>\n","protected":false},"excerpt":{"rendered":"L\u2019implantation prochaine du g\u00e9ant n\u00e9erlandais Basic Fit rue de la Tour-de-Varan inqui\u00e8te les exploitants locaux, qui redoutent un&hellip;\n","protected":false},"author":2,"featured_media":156158,"comment_status":"","ping_status":"","sticky":false,"template":"","format":"standard","meta":{"footnotes":""},"categories":[9653],"tags":[1111,11,2430,28704,1777,674,10282,1011,27,12,25,4001,517],"class_list":{"0":"post-156157","1":"post","2":"type-post","3":"status-publish","4":"format-standard","5":"has-post-thumbnail","7":"category-saint-etienne","8":"tag-actu","9":"tag-actualites","10":"tag-auvergne-rhone-alpes","11":"tag-basic-fit","12":"tag-eu","13":"tag-europe","14":"tag-firminy","15":"tag-fr","16":"tag-france","17":"tag-news","18":"tag-republique-francaise","19":"tag-saint-etienne","20":"tag-sport"},"share_on_mastodon":{"url":"https:\/\/pubeurope.com\/@fr\/114635707765084275","error":""},"_links":{"self":[{"href":"https:\/\/www.europesays.com\/fr\/wp-json\/wp\/v2\/posts\/156157","targetHints":{"allow":["GET"]}}],"collection":[{"href":"https:\/\/www.europesays.com\/fr\/wp-json\/wp\/v2\/posts"}],"about":[{"href":"https:\/\/www.europesays.com\/fr\/wp-json\/wp\/v2\/types\/post"}],"author":[{"embeddable":true,"href":"https:\/\/www.europesays.com\/fr\/wp-json\/wp\/v2\/users\/2"}],"replies":[{"embeddable":true,"href":"https:\/\/www.europesays.com\/fr\/wp-json\/wp\/v2\/comments?post=156157"}],"version-history":[{"count":0,"href":"https:\/\/www.europesays.com\/fr\/wp-json\/wp\/v2\/posts\/156157\/revisions"}],"wp:featuredmedia":[{"embeddable":true,"href":"https:\/\/www.europesays.com\/fr\/wp-json\/wp\/v2\/media\/156158"}],"wp:attachment":[{"href":"https:\/\/www.europesays.com\/fr\/wp-json\/wp\/v2\/media?parent=156157"}],"wp:term":[{"taxonomy":"category","embeddable":true,"href":"https:\/\/www.europesays.com\/fr\/wp-json\/wp\/v2\/categories?post=156157"},{"taxonomy":"post_tag","embeddable":true,"href":"https:\/\/www.europesays.com\/fr\/wp-json\/wp\/v2\/tags?post=156157"}],"curies":[{"name":"wp","href":"https:\/\/api.w.org\/{rel}","templated":true}]}}