{"id":156161,"date":"2025-06-06T09:28:08","date_gmt":"2025-06-06T09:28:08","guid":{"rendered":"https:\/\/www.europesays.com\/fr\/156161\/"},"modified":"2025-06-06T09:28:08","modified_gmt":"2025-06-06T09:28:08","slug":"voici-tout-ce-que-vous-devez-savoir-2","status":"publish","type":"post","link":"https:\/\/www.europesays.com\/fr\/156161\/","title":{"rendered":"voici tout ce que vous devez savoir"},"content":{"rendered":"<p>            Par<br \/>\n        <strong><br \/>\n            <a href=\"https:\/\/actu.fr\/auteur\/amandine-mehl\" title=\"Consulter tous les articles de Amandine Mehl\" target=\"_blank\" rel=\"noopener\">Amandine Mehl<\/a><br \/>\n        <\/strong><\/p>\n<p>        Publi\u00e9 le<\/p>\n<p>            6 juin 2025 \u00e0 11h02        <\/p>\n<p>Outre les <a href=\"https:\/\/actu.fr\/grand-est\/nancy_54395\/nouveaute-horaires-lieux-voici-tout-ce-qu-il-faut-savoir-sur-le-retour-des-guinguettes-cet-ete-a-nancy_62732405.html\" target=\"_blank\" rel=\"noopener\">guinguettes<\/a> et la <a href=\"https:\/\/actu.fr\/grand-est\/nancy_54395\/la-plage-des-deux-rives-revient-cet-ete-a-nancy-ce-qu-il-faut-savoir-de-l-edition-2025_62587188.html#:~:text=Am%C3%A9nag%C3%A9e%20entre%20Nancy%2C%20Tomblaine%20et,On%20fait%20le%20point.&amp;text=Am%C3%A9nag%C3%A9e%20au%20bord%20de%20la,une%20nouvelle%20%C3%A9dition%20en%202025.\" target=\"_blank\" rel=\"noopener\">plage des Deux Rives<\/a>, un <strong>autre rendez-vous incontournable<\/strong> attend les habitants de <strong>Nancy<\/strong> cet \u00e9t\u00e9 : le <a href=\"https:\/\/actu.fr\/grand-est\/nancy_54395\/la-plage-des-deux-rives-revient-cet-ete-a-nancy-ce-qu-il-faut-savoir-de-l-edition-2025_62587188.html#:~:text=Am%C3%A9nag%C3%A9e%20entre%20Nancy%2C%20Tomblaine%20et,On%20fait%20le%20point.&amp;text=Am%C3%A9nag%C3%A9e%20au%20bord%20de%20la,une%20nouvelle%20%C3%A9dition%20en%202025.\" target=\"_blank\" rel=\"noopener\">feu d\u2019artifice<\/a> du <strong>14 juillet<\/strong>.<\/p>\n<p class=\" wall-content\">Tir\u00e9 depuis les Rives de Meurthe en 2024, le <strong>spectacle pyrotechnique<\/strong> de la <a href=\"https:\/\/actu.fr\/grand-est\/nancy_54395\/14-juillet-a-nancy-voici-ou-sera-tire-le-feu-d-artifice-de-la-fete-nationale_62628799.html\" target=\"_blank\" rel=\"noopener\">f\u00eate nationale<\/a> se d\u00e9roulera cette ann\u00e9e au <strong>Plateau de Haye<\/strong>.<\/p>\n<p>Le feu d\u2019artifice du 14 juillet \u00e0 Nancy sera tir\u00e9 \u00e0 22h30<\/p>\n<p class=\" wall-content\">Lors d\u2019une conf\u00e9rence de presse, <strong>Bertrand Masson<\/strong>, adjoint d\u00e9l\u00e9gu\u00e9 \u00e0 la culture, au patrimoine, aux m\u00e9tiers d\u2019art et aux grands \u00e9v\u00e9nements, a indiqu\u00e9 que le site \u00e9tait en capacit\u00e9 d\u2019accueillir <strong>plus de 40 000 personnes<\/strong>. \u00ab\u00a0On travaille avec les communes de Max\u00e9ville et de Laxou pour jalonner le stationnement et orienter le public, m\u00eame si on invite les gens \u00e0 prendre les transports en commun\u00a0\u00bb, a-t-il pr\u00e9cis\u00e9.<\/p>\n<p class=\" wall-content\">Une \u00ab\u00a0<strong>ambiance musicale<\/strong>\u00a0\u00bb sera propos\u00e9e d\u00e8s 20h et il sera possible de se restaurer sur place. Le feu d\u2019artifice sera quant \u00e0 lui tir\u00e9 \u00e0 22h30.<\/p>\n<p class=\" wall-content\">Suivez toute l\u2019actualit\u00e9 de vos villes et m\u00e9dias favoris en vous inscrivant \u00e0 <a href=\"https:\/\/moncompte.actu.fr\" title=\"D\u00e9couvez Mon Actu\" rel=\"nofollow noopener\" data-trk=\"{&quot;cta&quot;:{&quot;action&quot;:&quot;https:\\\/\\\/moncompte.actu.fr&quot;,&quot;category&quot;:&quot;mon compte&quot;,&quot;from&quot;:&quot;article footer&quot;,&quot;name&quot;:&quot;Mon actu&quot;,&quot;type&quot;:&quot;cta&quot;}}\" target=\"_blank\">Mon Actu<\/a>.<\/p>\n","protected":false},"excerpt":{"rendered":"Par Amandine Mehl Publi\u00e9 le 6 juin 2025 \u00e0 11h02 Outre les guinguettes et la plage des Deux&hellip;\n","protected":false},"author":2,"featured_media":156162,"comment_status":"","ping_status":"","sticky":false,"template":"","format":"standard","meta":{"footnotes":""},"categories":[9635],"tags":[1111,11,1777,674,16701,1011,27,775,1652,1702,12,25],"class_list":{"0":"post-156161","1":"post","2":"type-post","3":"status-publish","4":"format-standard","5":"has-post-thumbnail","7":"category-nancy","8":"tag-actu","9":"tag-actualites","10":"tag-eu","11":"tag-europe","12":"tag-feu-dartifice","13":"tag-fr","14":"tag-france","15":"tag-grand-est","16":"tag-loisirs-culture","17":"tag-nancy","18":"tag-news","19":"tag-republique-francaise"},"share_on_mastodon":{"url":"https:\/\/pubeurope.com\/@fr\/114635715658524149","error":""},"_links":{"self":[{"href":"https:\/\/www.europesays.com\/fr\/wp-json\/wp\/v2\/posts\/156161","targetHints":{"allow":["GET"]}}],"collection":[{"href":"https:\/\/www.europesays.com\/fr\/wp-json\/wp\/v2\/posts"}],"about":[{"href":"https:\/\/www.europesays.com\/fr\/wp-json\/wp\/v2\/types\/post"}],"author":[{"embeddable":true,"href":"https:\/\/www.europesays.com\/fr\/wp-json\/wp\/v2\/users\/2"}],"replies":[{"embeddable":true,"href":"https:\/\/www.europesays.com\/fr\/wp-json\/wp\/v2\/comments?post=156161"}],"version-history":[{"count":0,"href":"https:\/\/www.europesays.com\/fr\/wp-json\/wp\/v2\/posts\/156161\/revisions"}],"wp:featuredmedia":[{"embeddable":true,"href":"https:\/\/www.europesays.com\/fr\/wp-json\/wp\/v2\/media\/156162"}],"wp:attachment":[{"href":"https:\/\/www.europesays.com\/fr\/wp-json\/wp\/v2\/media?parent=156161"}],"wp:term":[{"taxonomy":"category","embeddable":true,"href":"https:\/\/www.europesays.com\/fr\/wp-json\/wp\/v2\/categories?post=156161"},{"taxonomy":"post_tag","embeddable":true,"href":"https:\/\/www.europesays.com\/fr\/wp-json\/wp\/v2\/tags?post=156161"}],"curies":[{"name":"wp","href":"https:\/\/api.w.org\/{rel}","templated":true}]}}