{"id":156163,"date":"2025-06-06T09:29:10","date_gmt":"2025-06-06T09:29:10","guid":{"rendered":"https:\/\/www.europesays.com\/fr\/156163\/"},"modified":"2025-06-06T09:29:10","modified_gmt":"2025-06-06T09:29:10","slug":"il-percute-six-fois-un-vehicule-de-police-et-se-fracasse-la-tete-en-voulant-prendre-la-fuite","status":"publish","type":"post","link":"https:\/\/www.europesays.com\/fr\/156163\/","title":{"rendered":"il percute six fois un v\u00e9hicule de police et se \u00ab\u00a0fracasse la t\u00eate\u00a0\u00bb en voulant prendre la fuite"},"content":{"rendered":"<p>            Par<br \/>\n        <strong><br \/>\n            <a href=\"https:\/\/actu.fr\/auteur\/pierre-emile-bouchy-actu-fr\" title=\"Consulter tous les articles de Paul-Emile Bouchy\" rel=\"nofollow noopener\" target=\"_blank\">Paul-Emile Bouchy<\/a><br \/>\n        <\/strong><\/p>\n<p>        Publi\u00e9 le<\/p>\n<p>            6 juin 2025 \u00e0 10h24        <\/p>\n<p>Mercredi 4 juin 2025, un nouveau <a href=\"https:\/\/actu.fr\/tag\/refus-d-obtemperer\" rel=\"nofollow noopener\" target=\"_blank\">refus d\u2019obtemp\u00e9rer<\/a> a eu lieu \u00e0 <a href=\"https:\/\/actu.fr\/grand-est\/nancy_54395\" rel=\"nofollow noopener\" target=\"_blank\">Nancy<\/a> (Meurthe-et-Moselle).<\/p>\n<p class=\" wall-content\"><strong>Un homme de 42 ans a pris la fuite et a percut\u00e9 \u00e0 plusieurs reprises un v\u00e9hicule<\/strong> <strong>de police<\/strong> avant d\u2019\u00eatre interpell\u00e9.<\/p>\n<p>Le conducteur s\u2019\u00e9chappe en percutant le v\u00e9hicule de police<\/p>\n<p class=\" wall-content\">Les faits ont eu lieu \u00e0 8h. Gr\u00e2ce au fichier, une patrouille police secours constate <strong>un v\u00e9hicule en d\u00e9faut d\u2019assurance<\/strong> et d\u00e9cide de le contr\u00f4ler.<\/p>\n<p class=\" wall-content\">\u00ab\u2009Le conducteur prend la fuite et emprunte <strong>plusieurs rues du centre-ville de Nancy \u00e0 contresens<\/strong>\u2009\u00bb, indique la <a href=\"https:\/\/actu.fr\/tag\/police\" rel=\"nofollow noopener\" target=\"_blank\">police<\/a>.<\/p>\n<p class=\" wall-content\">Les forces de l\u2019ordre parviennent \u00e0 bloquer la voiture. C\u2019est alors que <strong>le conducteur percute \u00e0 six reprises le v\u00e9hicule de police et parvient \u00e0 s\u2019\u00e9chapper.<\/strong> \u00ab\u2009Les policiers ont d\u00fb sauter dans leur v\u00e9hicule ou sur le c\u00f4t\u00e9 pour l\u2019esquiver. Heureusement, ils n\u2019ont pas \u00e9t\u00e9 bless\u00e9s\u2009\u00bb, ajoute la police.<\/p>\n<p>Vid\u00e9os : en ce moment sur ActuLe conducteur bless\u00e9 en voulant sauter une haie<\/p>\n<p class=\" wall-content\">Dans sa fuite, le suspect percute \u00e9galement un homme roulant en trottinette. Ce dernier n\u2019a pas \u00e9t\u00e9 bless\u00e9.<\/p>\n<p class=\" wall-content\">Voyant la forte mobilisation polici\u00e8re, le fugitif choisit de stationner son v\u00e9hicule dans une rue et de s\u2019enfuir \u00e0 pied. <strong>En voulant franchir une haie, l\u2019homme \u00ab\u2009se fracasse la t\u00eate\u2009\u00bb<\/strong> et est interpell\u00e9 par les policiers.<\/p>\n<p class=\" wall-content\">Originaire d\u2019\u00c9vry (Essonne), l\u2019homme est connu d\u00e9favorablement de la justice. Il est pr\u00e9sent\u00e9 ce vendredi en comparution imm\u00e9diate.<\/p>\n<p class=\" wall-content\">Suivez toute l\u2019actualit\u00e9 de vos villes et m\u00e9dias favoris en vous inscrivant \u00e0 <a href=\"https:\/\/moncompte.actu.fr\" title=\"D\u00e9couvez Mon Actu\" rel=\"nofollow noopener\" data-trk=\"{&quot;cta&quot;:{&quot;action&quot;:&quot;https:\\\/\\\/moncompte.actu.fr&quot;,&quot;category&quot;:&quot;mon compte&quot;,&quot;from&quot;:&quot;article footer&quot;,&quot;name&quot;:&quot;Mon actu&quot;,&quot;type&quot;:&quot;cta&quot;}}\" target=\"_blank\">Mon Actu<\/a>.<\/p>\n<ul class=\"ac-article-tag wall-content\">\n<li><a href=\"https:\/\/actu.fr\/tag\/police\" data-trk=\"{&quot;cta&quot;:{&quot;action&quot;:&quot;Police&quot;,&quot;category&quot;:&quot;tag&quot;,&quot;from&quot;:&quot;article footer&quot;,&quot;name&quot;:&quot;Police&quot;,&quot;type&quot;:&quot;cta&quot;}}\" rel=\"nofollow noopener\" target=\"_blank\">#Police<\/a><\/li>\n<li><a href=\"https:\/\/actu.fr\/tag\/refus-d-obtemperer\" data-trk=\"{&quot;cta&quot;:{&quot;action&quot;:&quot;Refus d\\u2019obtemp\\u00e9rer&quot;,&quot;category&quot;:&quot;tag&quot;,&quot;from&quot;:&quot;article footer&quot;,&quot;name&quot;:&quot;Refus d\\u2019obtemp\\u00e9rer&quot;,&quot;type&quot;:&quot;cta&quot;}}\" rel=\"nofollow noopener\" target=\"_blank\">#Refus d\u2019obtemp\u00e9rer<\/a><\/li>\n<\/ul>\n","protected":false},"excerpt":{"rendered":"Par Paul-Emile Bouchy Publi\u00e9 le 6 juin 2025 \u00e0 10h24 Mercredi 4 juin 2025, un nouveau refus d\u2019obtemp\u00e9rer&hellip;\n","protected":false},"author":2,"featured_media":26108,"comment_status":"","ping_status":"","sticky":false,"template":"","format":"standard","meta":{"footnotes":""},"categories":[9635],"tags":[1111,11,1777,674,118,1011,27,775,1702,12,1072,2852,25],"class_list":{"0":"post-156163","1":"post","2":"type-post","3":"status-publish","4":"format-standard","5":"has-post-thumbnail","7":"category-nancy","8":"tag-actu","9":"tag-actualites","10":"tag-eu","11":"tag-europe","12":"tag-faits-divers","13":"tag-fr","14":"tag-france","15":"tag-grand-est","16":"tag-nancy","17":"tag-news","18":"tag-police","19":"tag-refus-dobtemperer","20":"tag-republique-francaise"},"share_on_mastodon":{"url":"https:\/\/pubeurope.com\/@fr\/114635719576231535","error":""},"_links":{"self":[{"href":"https:\/\/www.europesays.com\/fr\/wp-json\/wp\/v2\/posts\/156163","targetHints":{"allow":["GET"]}}],"collection":[{"href":"https:\/\/www.europesays.com\/fr\/wp-json\/wp\/v2\/posts"}],"about":[{"href":"https:\/\/www.europesays.com\/fr\/wp-json\/wp\/v2\/types\/post"}],"author":[{"embeddable":true,"href":"https:\/\/www.europesays.com\/fr\/wp-json\/wp\/v2\/users\/2"}],"replies":[{"embeddable":true,"href":"https:\/\/www.europesays.com\/fr\/wp-json\/wp\/v2\/comments?post=156163"}],"version-history":[{"count":0,"href":"https:\/\/www.europesays.com\/fr\/wp-json\/wp\/v2\/posts\/156163\/revisions"}],"wp:featuredmedia":[{"embeddable":true,"href":"https:\/\/www.europesays.com\/fr\/wp-json\/wp\/v2\/media\/26108"}],"wp:attachment":[{"href":"https:\/\/www.europesays.com\/fr\/wp-json\/wp\/v2\/media?parent=156163"}],"wp:term":[{"taxonomy":"category","embeddable":true,"href":"https:\/\/www.europesays.com\/fr\/wp-json\/wp\/v2\/categories?post=156163"},{"taxonomy":"post_tag","embeddable":true,"href":"https:\/\/www.europesays.com\/fr\/wp-json\/wp\/v2\/tags?post=156163"}],"curies":[{"name":"wp","href":"https:\/\/api.w.org\/{rel}","templated":true}]}}