{"id":156189,"date":"2025-06-06T09:44:37","date_gmt":"2025-06-06T09:44:37","guid":{"rendered":"https:\/\/www.europesays.com\/fr\/156189\/"},"modified":"2025-06-06T09:44:37","modified_gmt":"2025-06-06T09:44:37","slug":"avec-scopitone-la-culture-electro-fait-la-fete-jusquau-bout-de-la-nuit-a-nantes","status":"publish","type":"post","link":"https:\/\/www.europesays.com\/fr\/156189\/","title":{"rendered":"Avec Scopitone, la culture \u00e9lectro fait la f\u00eate jusqu\u2019au bout de la nuit \u00e0 Nantes"},"content":{"rendered":"<p><strong>\u00ab\u00a0La joie sera de la partie\u00a0!\u00a0\u00bb<\/strong> Les organisateurs de<a href=\"https:\/\/nantes.maville.com\/actu\/actudet_-trois-idees-pour-profiter-du-festival-scopitone-_52716-6465935_actu.Htm\" target=\"_self\" rel=\"noopener\"> Scopitone,<\/a> autour de l\u2019\u00e9quipe de Stereolux \u00e0 Nantes, l\u2019affirment comme un mantra. Pour sa 23e \u00e9dition, du mercredi\u00a017 au dimanche 21\u00a0septembre 2025, le festival d\u2019\u00e9lectro et arts num\u00e9riques sera tourn\u00e9 vers l\u2019avenir, festif et \u00e9clectique. Avec aussi, bonne nouvelle c\u00f4t\u00e9 pouvoir d\u2019achat, beaucoup de propositions gratuites comme ces concerts et DJ sets aux quatre coins de la ville\u00a0: Garden party electro au manoir de Proc\u00e9, concerts sur le parvis d\u2019Askip (sur l\u2019\u00eele de Nantes), boum electro au food hall\u00a0Magmaa, soir\u00e9e \u00e0 Ohm Town (dans le Bas Chantenay) et final chez le voisin Little Atlantique Brewery\u00a0!<\/p>\n<p>\t<img decoding=\"async\" src=\"https:\/\/www.europesays.com\/fr\/wp-content\/uploads\/2025\/06\/P35272175D6840406G_px_640_.jpg\" alt=\"photo le nantais alan. d en dj set gratuit au manoir de proc\u00e9 le 17\u00a0septembre.  \u00a9  arthur barda\" width=\"640\" title=\" Le Nantais Alan. D en DJ set gratuit au Manoir de Proc\u00e9 le 17\u00a0septembre.   Arthur Barda \"\/><\/p>\n<p class=\"elmt-legende\"> Le Nantais Alan. D en DJ set gratuit au Manoir de Proc\u00e9 le 17\u00a0septembre.   Arthur Barda <\/p>\n<p>Deux Nuits Electro de 22\u00a0h \u00e0 5\u00a0h<\/p>\n<p>Bien s\u00fbr, les traditionnelles Nuits Electro viendront ambiancer Stereolux, les 19 et 20\u00a0septembre, de 22\u00a0h \u00e0 5\u00a0h, avec, aux platines, des artistes \u00e9mergents et quelques noms bien huil\u00e9s (Kiddy Smile, Myd, LB aka Labat, Crystallmess\u2026). Sans oublier les talents du cru dont le trio Fast et Furieuses, <a href=\"https:\/\/nantes.maville.com\/actu\/actudet_-reze.-les-rendez-vous-hors-les-murs-de-la-soufflerie-_8-4813736_actu.Htm\" target=\"_self\" rel=\"noopener\">S8jfou,<\/a> le label Cane Corso Records ou <a href=\"https:\/\/www.ouest-france.fr\/culture\/musiques\/lartiste-coelibri-ancre-sa-musique-electro-dans-le-reel-f6fe3edc-82cc-11ee-9b65-2282e6d4bdd9\" target=\"_self\" rel=\"noopener\">C\u00f8libri.<\/a><\/p>\n<p>\t<img decoding=\"async\" src=\"https:\/\/www.europesays.com\/fr\/wp-content\/uploads\/2025\/06\/P35272176D6840406G_px_640_.jpg\" alt=\"photo les nantaises fast et furieuses \u00e0 la nuit electro du 19\u00a0septembre.  \u00a9  dr\" width=\"640\" title=\" Les Nantaises Fast et Furieuses \u00e0 la Nuit Electro du 19\u00a0septembre.   DR \"\/><\/p>\n<p class=\"elmt-legende\"> Les Nantaises Fast et Furieuses \u00e0 la Nuit Electro du 19\u00a0septembre.   DR <\/p>\n<p>Deux installations dans l\u2019espace public \u00e9merveilleront les noctambules\u00a0: Globoscope, \u0153uvre lumineuse du Collectif Coin dans la cour du Ch\u00e2teau des ducs de Bretagne, ainsi que l\u2019installation cin\u00e9tique Alcove LTD d\u2019Encor Studio sur le parvis Frida Kahlo devant le foodhall Magmaa. Et aussi spectacles, ateliers, masterclass, visites guid\u00e9es\u2026 Les r\u00e9servations ouvrent ce jeudi 5\u00a0juin, \u00e0 17\u00a0h\u00a0: <a href=\"https:\/\/stereolux.org\/scopitone-2025\" target=\"_self\" rel=\"noopener\">stereolux.org\/scopitone-2025.<\/a><\/p>\n<p><strong>Du mercredi\u00a017 au dimanche 21\u00a0septembre 2025,<\/strong> dans diff\u00e9rents lieux de la ville. Plein tarif (en pr\u00e9vente) des Nuits Electro\u00a0: 24\u00a0\u20ac pour un soir, 40\u00a0\u20ac pour les deux.<\/p>\n<p>\u00a0<\/p>\n","protected":false},"excerpt":{"rendered":"\u00ab\u00a0La joie sera de la partie\u00a0!\u00a0\u00bb Les organisateurs de Scopitone, autour de l\u2019\u00e9quipe de Stereolux \u00e0 Nantes, l\u2019affirment&hellip;\n","protected":false},"author":2,"featured_media":156190,"comment_status":"","ping_status":"","sticky":false,"template":"","format":"standard","meta":{"footnotes":""},"categories":[2818],"tags":[1111,11,18139,251,11500,1777,674,21,4768,1011,27,2867,766,12,293,2636,25,28705],"class_list":{"0":"post-156189","1":"post","2":"type-post","3":"status-publish","4":"format-standard","5":"has-post-thumbnail","7":"category-nantes","8":"tag-actu","9":"tag-actualites","10":"tag-bout","11":"tag-culture","12":"tag-electro","13":"tag-eu","14":"tag-europe","15":"tag-fait","16":"tag-fete","17":"tag-fr","18":"tag-france","19":"tag-jusqu","20":"tag-nantes","21":"tag-news","22":"tag-nuit","23":"tag-pays-de-la-loire","24":"tag-republique-francaise","25":"tag-scopitone"},"share_on_mastodon":{"url":"https:\/\/pubeurope.com\/@fr\/114635778590932618","error":""},"_links":{"self":[{"href":"https:\/\/www.europesays.com\/fr\/wp-json\/wp\/v2\/posts\/156189","targetHints":{"allow":["GET"]}}],"collection":[{"href":"https:\/\/www.europesays.com\/fr\/wp-json\/wp\/v2\/posts"}],"about":[{"href":"https:\/\/www.europesays.com\/fr\/wp-json\/wp\/v2\/types\/post"}],"author":[{"embeddable":true,"href":"https:\/\/www.europesays.com\/fr\/wp-json\/wp\/v2\/users\/2"}],"replies":[{"embeddable":true,"href":"https:\/\/www.europesays.com\/fr\/wp-json\/wp\/v2\/comments?post=156189"}],"version-history":[{"count":0,"href":"https:\/\/www.europesays.com\/fr\/wp-json\/wp\/v2\/posts\/156189\/revisions"}],"wp:featuredmedia":[{"embeddable":true,"href":"https:\/\/www.europesays.com\/fr\/wp-json\/wp\/v2\/media\/156190"}],"wp:attachment":[{"href":"https:\/\/www.europesays.com\/fr\/wp-json\/wp\/v2\/media?parent=156189"}],"wp:term":[{"taxonomy":"category","embeddable":true,"href":"https:\/\/www.europesays.com\/fr\/wp-json\/wp\/v2\/categories?post=156189"},{"taxonomy":"post_tag","embeddable":true,"href":"https:\/\/www.europesays.com\/fr\/wp-json\/wp\/v2\/tags?post=156189"}],"curies":[{"name":"wp","href":"https:\/\/api.w.org\/{rel}","templated":true}]}}