{"id":15619,"date":"2025-04-10T18:38:14","date_gmt":"2025-04-10T18:38:14","guid":{"rendered":"https:\/\/www.europesays.com\/fr\/15619\/"},"modified":"2025-04-10T18:38:14","modified_gmt":"2025-04-10T18:38:14","slug":"un-pretre-nomade-a-rennes-le-pere-henri-chesnel-ancien-vicaire-general-est","status":"publish","type":"post","link":"https:\/\/www.europesays.com\/fr\/15619\/","title":{"rendered":"\u00ab\u00a0Un pr\u00eatre nomade\u00a0\u00bb. \u00c0 Rennes, le p\u00e8re Henri Chesnel, ancien vicaire g\u00e9n\u00e9ral, est"},"content":{"rendered":"<p>Il portait une attention particuli\u00e8re aux personnes en situation de pr\u00e9carit\u00e9, aux r\u00e9fugi\u00e9s. <strong>\u00ab\u00a0C\u2019est quand m\u00eame \u00e7a notre mission\u00a0: une \u00e9glise ouverte au plus grand nombre, \u00e0 tous ceux qui veulent le bien, et en particulier aux \u00ab\u00a0petits\u00a0\u00bb<\/strong>, confiait le pr\u00eatre en 2021 alors qu\u2019il venait d\u2019arriver \u00e0 Betton. Le p\u00e8re Henri Chesnel, ancien vicaire g\u00e9n\u00e9ral, est d\u00e9c\u00e9d\u00e9 dimanche dernier, le 6\u00a0avril, \u00e0 l\u2019\u00e2ge de 73\u00a0ans, \u00e0 l\u2019Ehpad de la Maison Notre-Dame des Ch\u00eanes, \u00e0 Saint-Malo. La famille tient d\u2019ailleurs \u00e0 remercier les personnels soignants, ainsi que les s\u0153urs de la communaut\u00e9, <strong>\u00ab\u00a0pour leur soutien et leur d\u00e9vouement\u00a0\u00bb<\/strong>.<\/p>\n<p>Ordonn\u00e9 pr\u00eatre en 1981, il a offici\u00e9 \u00e0 Mordelles, Ch\u00e2teaubourg, Pac\u00e9, Saint-Malo (dans le quartier populaire de la D\u00e9couverte) puis Saint-Jouan-des-Gu\u00e9rets. Il a \u00e9galement \u00e9t\u00e9 responsable d\u2019un service dioc\u00e9sain pendant neuf ans et enfin vicaire g\u00e9n\u00e9ral et proche collaborateur de l\u2019\u00e9v\u00eaque Pierre D\u2019Ornellas pour l\u2019aider dans la conduite du dioc\u00e8se.<\/p>\n<p>Instituteur avant de devenir pr\u00eatre<\/p>\n<p>Natif de Saint-Pierre-de-Plesguen, ce fils d\u2019agriculteurs, ce <strong>\u00ab\u00a0pr\u00eatre nomade\u00a0\u00bb<\/strong> comme il aimait se d\u00e9finir, a baroud\u00e9 en Ille-et-Vilaine et \u00e9vang\u00e9lis\u00e9. Avant d\u2019\u00eatre pr\u00eatre, Henri Chesnel a \u00e9t\u00e9 instituteur. Il a \u00e9tudi\u00e9 \u00e0 Paris pour y suivre des \u00e9tudes en sciences sociales \u00e0 l\u2019Institut catholique, puis \u00e0 l\u2019Institut pastoral, \u00e0 la fin des ann\u00e9es 1980.<\/p>\n<p>Les obs\u00e8ques du p\u00e8re\u00a0Henri Chesnel seront c\u00e9l\u00e9br\u00e9es\u00a0samedi 12\u00a0avril 2025, \u00e0 14\u00a0h\u00a030, \u00e0 Saint-Malo, en l\u2019\u00e9glise Notre-Dame-des-Gr\u00e8ves, dans le quartier de Rocabey.\u00a0Elles seront suivies de l\u2019inhumation \u00e0 Saint-Pierre-de-Plesguen, dans l\u2019intimit\u00e9 familiale. D\u2019ici l\u00e0, le p\u00e8re Henri Chesnel repose \u00e0 l\u2019Ehpad\u00a0Notre-Dame des Ch\u00eanes. Les visites sont possibles de 14\u00a0h \u00e0 18\u00a0h.<\/p>\n<p>\u00a0<\/p>\n","protected":false},"excerpt":{"rendered":"Il portait une attention particuli\u00e8re aux personnes en situation de pr\u00e9carit\u00e9, aux r\u00e9fugi\u00e9s. \u00ab\u00a0C\u2019est quand m\u00eame \u00e7a notre&hellip;\n","protected":false},"author":2,"featured_media":15620,"comment_status":"","ping_status":"","sticky":false,"template":"","format":"standard","meta":{"footnotes":""},"categories":[2821],"tags":[1111,11,4255,829,6554,1762,1777,674,1011,27,6556,6553,12,6551,6552,5969,3086,584,25,6555],"class_list":{"0":"post-15619","1":"post","2":"type-post","3":"status-publish","4":"format-standard","5":"has-post-thumbnail","7":"category-rennes","8":"tag-actu","9":"tag-actualites","10":"tag-ancien","11":"tag-bretagne","12":"tag-chesnel","13":"tag-decede","14":"tag-eu","15":"tag-europe","16":"tag-fr","17":"tag-france","18":"tag-general","19":"tag-henri","20":"tag-news","21":"tag-nomade","22":"tag-pere","23":"tag-pretre","24":"tag-redon","25":"tag-rennes","26":"tag-republique-francaise","27":"tag-vicaire"},"share_on_mastodon":{"url":"https:\/\/pubeurope.com\/@fr\/114315126659478270","error":""},"_links":{"self":[{"href":"https:\/\/www.europesays.com\/fr\/wp-json\/wp\/v2\/posts\/15619","targetHints":{"allow":["GET"]}}],"collection":[{"href":"https:\/\/www.europesays.com\/fr\/wp-json\/wp\/v2\/posts"}],"about":[{"href":"https:\/\/www.europesays.com\/fr\/wp-json\/wp\/v2\/types\/post"}],"author":[{"embeddable":true,"href":"https:\/\/www.europesays.com\/fr\/wp-json\/wp\/v2\/users\/2"}],"replies":[{"embeddable":true,"href":"https:\/\/www.europesays.com\/fr\/wp-json\/wp\/v2\/comments?post=15619"}],"version-history":[{"count":0,"href":"https:\/\/www.europesays.com\/fr\/wp-json\/wp\/v2\/posts\/15619\/revisions"}],"wp:featuredmedia":[{"embeddable":true,"href":"https:\/\/www.europesays.com\/fr\/wp-json\/wp\/v2\/media\/15620"}],"wp:attachment":[{"href":"https:\/\/www.europesays.com\/fr\/wp-json\/wp\/v2\/media?parent=15619"}],"wp:term":[{"taxonomy":"category","embeddable":true,"href":"https:\/\/www.europesays.com\/fr\/wp-json\/wp\/v2\/categories?post=15619"},{"taxonomy":"post_tag","embeddable":true,"href":"https:\/\/www.europesays.com\/fr\/wp-json\/wp\/v2\/tags?post=15619"}],"curies":[{"name":"wp","href":"https:\/\/api.w.org\/{rel}","templated":true}]}}