{"id":156195,"date":"2025-06-06T09:47:10","date_gmt":"2025-06-06T09:47:10","guid":{"rendered":"https:\/\/www.europesays.com\/fr\/156195\/"},"modified":"2025-06-06T09:47:10","modified_gmt":"2025-06-06T09:47:10","slug":"girondins-le-grand-menage-requis-au-milieu-lors-du-mercato-a-bordeaux-pour-le-national-2","status":"publish","type":"post","link":"https:\/\/www.europesays.com\/fr\/156195\/","title":{"rendered":"Girondins : Le grand m\u00e9nage requis au milieu lors du mercato \u00e0 Bordeaux pour le National 2"},"content":{"rendered":"<p><img decoding=\"async\" src=\"https:\/\/www.europesays.com\/fr\/wp-content\/uploads\/2025\/06\/671_daddf8078a8ae4d29c6ba09c55db5d34.jpg\" alt=\"Girondins : Le grand m\u00e9nage requis au milieu lors du mercato \u00e0 Bordeaux pour le National 2\" class=\"img-responsive mt-3\"\/><\/p>\n<p class=\"text-center mb-3\" style=\"font-size: 14px\">\u00a9 Iconsport<\/p>\n<p style=\"text-align: justify;\">\u00c9coutez ses propos ou lisez-les :<\/p>\n<p>\u00a0<\/p>\n<p><strong>Noah Ramon et Diaby : les seuls \u00e0 sauver ?<\/strong><\/p>\n<p style=\"text-align: justify;\">Jonathan d\u2019Agostino dans le <a href=\"https:\/\/www.youtube.com\/watch?v=yvIFAVXtylQ\" target=\"_blank\" rel=\"noopener\">Talk sur WebGirondins<\/a> : \u201cEn tant que joueur de compl\u00e9ment, voire pour jouer R1, je garde Noah Ramon (20 ans et en fin de contrat). Je pense qu&rsquo;il a un potentiel int\u00e9ressant \u00e0 exploiter. Il faut le faire jouer un peu plus bas et voir apr\u00e8s s&rsquo;il peut compl\u00e9ter l&rsquo;effectif de l\u2019\u00e9quipe premi\u00e8re durant la saison. Sa polyvalence pourrait \u00eatre utile. <\/p>\n<p style=\"text-align: justify;\">Je garde aussi N&rsquo;Famady Diaby (fin de contrat) parce que je trouve qu\u2019il est le couteau suisse de cette \u00e9quipe. On l&rsquo;a vu jouer en num\u00e9ro 9, au milieu, en 10, en milieu d\u00e9fensif\u2026 Il n&rsquo;est pas impressionnant techniquement et il a de grosses lacunes, mais, quand on a besoin de d\u00e9panner quelque part, il r\u00e9pond pr\u00e9sent. Il y a toujours une histoire sympa, on sait que ce n&rsquo;est pas le meilleur joueur, mais, quand il faut faire le sale boulot, le mec est l\u00e0. C\u2019est pour cela que je pense qu&rsquo;en R1, il pourrait \u00eatre int\u00e9ressant, surtout qu&rsquo;il est un peu plus \u00e2g\u00e9 (26 ans).\u201d<\/p>\n<p><strong>Adrien Louveau dans le collimateur<\/strong><\/p>\n<p style=\"text-align: justify;\">\u201cPour la N2 je ne garde aucun milieu de terrain. Adrien Louveau avec son salaire (5000 \u20ac mensuels sous contrat jusqu\u2019en 2027) et son statut, je ne peux pas le garder. Si on veut le conserver, il faut qu&rsquo;il bascule en d\u00e9fense et qu\u2019il baisse son salaire. Il n&rsquo;aura pas le statut de leader et je n&rsquo;ai rien contre le \u201cbonhomme\u201d. C&rsquo;\u00e9tait cens\u00e9 \u00eatre le second capitaine, c&rsquo;est l&rsquo;un des plus gros salaires et il dit \u201cje suis milieu de terrain\u201d. Est-ce qu&rsquo;au milieu de terrain il a \u00e9t\u00e9 bon ? Encore une fois, c&rsquo;est cens\u00e9 \u00eatre un leader.\u201d<\/p>\n<p>Le FCGB a fait savoir par l&rsquo;interm\u00e9diaire de Sud Ouest qu&rsquo;il ne <a href=\"https:\/\/www.webgirondins.com\/actualite-girondins-mercato-les-girondins-de-bordeaux-veulent-rompre-plusieurs-contrats-de-joueurs-129307\" target=\"_blank\" rel=\"noopener\">comptait pas sur Thomas Trazi\u00e9 la saison prochaine<\/a>.<\/p>\n<p>Faut-il tout revoir au milieu comme le pr\u00e9conise Jonathan &lsquo;Agostino ? Dites-le nous dans les commentaires.<\/p>\n<p>&gt;&gt; <strong><a href=\"https:\/\/www.webgirondins.com\/actualite-girondins-girondins-les-surprenantes-remunerations-des-administratifs-du-fcgb-karim-saada-john-williams-et-les-autres-129330\" target=\"_blank\" rel=\"noopener\">Les surprenantes r\u00e9mun\u00e9rations des administratifs du FCGB, Karim Saada, John Williams et les autres<\/a><\/strong><\/p>\n<p>\u00a0<\/p>\n","protected":false},"excerpt":{"rendered":"\u00a9 Iconsport \u00c9coutez ses propos ou lisez-les : \u00a0 Noah Ramon et Diaby : les seuls \u00e0 sauver&hellip;\n","protected":false},"author":2,"featured_media":156196,"comment_status":"","ping_status":"","sticky":false,"template":"","format":"standard","meta":{"footnotes":""},"categories":[2817],"tags":[1111,11,28707,14172,7431,28706,1997,3721,1777,674,1011,27,1987,2515,14171,2003,7826,6453,1434,28708,12413,3238,12,2219,5536,471,25,13985,3242,4561,3945,376],"class_list":{"0":"post-156195","1":"post","2":"type-post","3":"status-publish","4":"format-standard","5":"has-post-thumbnail","7":"category-bordeaux","8":"tag-actu","9":"tag-actualites","10":"tag-actuel","11":"tag-agostino","12":"tag-appel","13":"tag-aucun","14":"tag-bordeaux","15":"tag-chroniqueur","16":"tag-eu","17":"tag-europe","18":"tag-fr","19":"tag-france","20":"tag-girondins","21":"tag-grand","22":"tag-jonathan","23":"tag-livre","24":"tag-lors","25":"tag-menage","26":"tag-mercato","27":"tag-meriterait","28":"tag-milieu","29":"tag-national","30":"tag-news","31":"tag-nouvelle-aquitaine","32":"tag-place","33":"tag-pour","34":"tag-republique-francaise","35":"tag-requis","36":"tag-saison","37":"tag-sans","38":"tag-terrain","39":"tag-verdict"},"share_on_mastodon":{"url":"https:\/\/pubeurope.com\/@fr\/114635790362781861","error":""},"_links":{"self":[{"href":"https:\/\/www.europesays.com\/fr\/wp-json\/wp\/v2\/posts\/156195","targetHints":{"allow":["GET"]}}],"collection":[{"href":"https:\/\/www.europesays.com\/fr\/wp-json\/wp\/v2\/posts"}],"about":[{"href":"https:\/\/www.europesays.com\/fr\/wp-json\/wp\/v2\/types\/post"}],"author":[{"embeddable":true,"href":"https:\/\/www.europesays.com\/fr\/wp-json\/wp\/v2\/users\/2"}],"replies":[{"embeddable":true,"href":"https:\/\/www.europesays.com\/fr\/wp-json\/wp\/v2\/comments?post=156195"}],"version-history":[{"count":0,"href":"https:\/\/www.europesays.com\/fr\/wp-json\/wp\/v2\/posts\/156195\/revisions"}],"wp:featuredmedia":[{"embeddable":true,"href":"https:\/\/www.europesays.com\/fr\/wp-json\/wp\/v2\/media\/156196"}],"wp:attachment":[{"href":"https:\/\/www.europesays.com\/fr\/wp-json\/wp\/v2\/media?parent=156195"}],"wp:term":[{"taxonomy":"category","embeddable":true,"href":"https:\/\/www.europesays.com\/fr\/wp-json\/wp\/v2\/categories?post=156195"},{"taxonomy":"post_tag","embeddable":true,"href":"https:\/\/www.europesays.com\/fr\/wp-json\/wp\/v2\/tags?post=156195"}],"curies":[{"name":"wp","href":"https:\/\/api.w.org\/{rel}","templated":true}]}}