{"id":156197,"date":"2025-06-06T09:48:08","date_gmt":"2025-06-06T09:48:08","guid":{"rendered":"https:\/\/www.europesays.com\/fr\/156197\/"},"modified":"2025-06-06T09:48:08","modified_gmt":"2025-06-06T09:48:08","slug":"toulouse-ce-salarie-du-chu-veut-etablir-un-record-en-courant-les-242-km-du-canal-du-midi-en-48-h","status":"publish","type":"post","link":"https:\/\/www.europesays.com\/fr\/156197\/","title":{"rendered":"Toulouse. Ce salari\u00e9 du CHU veut \u00e9tablir un record en courant les 242 km du canal du midi en 48 h"},"content":{"rendered":"<p>            Par<br \/>\n        <strong><br \/>\n            <a href=\"https:\/\/actu.fr\/auteur\/ancelin-emeryhenriot\" title=\"Consulter tous les articles de Ancelin Emery-Henriot\" rel=\"nofollow noopener\" target=\"_blank\">Ancelin Emery-Henriot<\/a><br \/>\n        <\/strong><\/p>\n<p>        Publi\u00e9 le<\/p>\n<p>            6 juin 2025 \u00e0 11h20        <\/p>\n<p>C\u2019est un exploit qui n\u2019a jamais \u00e9t\u00e9 enregistr\u00e9 officiellement. <strong>Lenny Ferrer<\/strong> va se lancer dans l\u2019un des <strong>plus grands d\u00e9fis<\/strong> de sa vie de coureur. Lui qui est faisant-fonction de cadre de sant\u00e9 au sein du CHU de<a href=\"https:\/\/actu.fr\/toulouse\/\" rel=\"nofollow noopener\" target=\"_blank\"> Toulouse<\/a> va tenter de courir <strong>l\u2019enti\u00e8ret\u00e9<\/strong> du Canal du Midi en moins de deux jours. D\u00e9part le 6 juin 2025 \u00e0 18 h du port de l\u2019embouchure. Arriv\u00e9e pr\u00e9vue le 8 juin \u00e0 11 h 10 au phare des Onglous \u00e0 S\u00e8te. Objectif : <strong>r\u00e9colter des fonds<\/strong> pour le don d\u2019organes.<\/p>\n<p>Une pr\u00e9paration r\u00e9ussie<\/p>\n<p class=\" wall-content\">Et \u00e0 quelques heures d\u2019un quasi-sextuple marathon, 242 km, l\u2019athl\u00e8te <strong>se sent bien<\/strong>. \u201cJe suis tr\u00e8s motiv\u00e9, j\u2019ai h\u00e2te d\u2019y \u00eatre\u201d, a-t-il affirm\u00e9. Il continue : \u201cJe suis pr\u00eat mentalement et physiquement. J\u2019ai fait<strong> plus de 1 500 km<\/strong> durant mes six mois de pr\u00e9paration.\u201d Lui qui est d\u2019ailleurs un ancien coureur d\u2019ultra trail a annonc\u00e9 que sa transition hors des sentiers s\u2019est bien pass\u00e9e. \u201cMalgr\u00e9 quelques p\u00e9pins, mon corps s\u2019est <strong>vite adapt\u00e9<\/strong>.\u201d<\/p>\n<p class=\" wall-content\">Qui plus est, il sera <strong>soutenu<\/strong> par plusieurs personnes. \u201cAu d\u00e9part, il y aura beaucoup de monde. On pr\u00e9voit 20 \u00e0 30 personnes sur les 25 premiers kilom\u00e8tres.\u201d Une aide qui <strong>s\u2019amincira<\/strong> au fil du trajet, bien que plusieurs amis le suivront sur certains tron\u00e7ons. Mais cette situation n\u2019affole pas <strong>Lenny Ferrer<\/strong> : \u201cCe sera agr\u00e9able parce que je serai moins dans l\u2019euphorie. Cela va me permettre de me retrouver <strong>en face-\u00e0-face avec moi-m\u00eame<\/strong>.\u201d Il pr\u00e9cise tout de m\u00eame qu\u2019un militaire tentera l\u2019exploit de le suivre tout au long de son parcours.<\/p>\n<p>Courir pour le don d\u2019organes<\/p>\n<p class=\" wall-content\">Outre le challenge sportif, ce projet est n\u00e9 de la volont\u00e9 de contribuer au <strong>don d\u2019organes<\/strong>. Lui qui est \u00e0 l\u2019origine infirmier affirme avoir \u201cvu l\u2019importance et la difficult\u00e9 que cela repr\u00e9sentait.\u201d De fait, il a mis en place <strong>une cagnotte<\/strong> autour du d\u00e9fi. Cette derni\u00e8re profitera \u00e0 l\u2019association Midi Cardio Greffe Occitanie. Elle devrait, pour le moment, permettre \u00e0 <strong>Lenny Ferrer<\/strong> de faire don de <strong>4 000 \u20ac<\/strong>.<\/p>\n<p>Vid\u00e9os : en ce moment sur Actu<\/p>\n<p class=\" wall-content\">Le reste des gains de cet appel au don va servir \u00e0<strong> financer l\u2019aventure<\/strong>. Cette derni\u00e8re sera d\u2019ailleurs document\u00e9e. En effet, en collaboration avec le coureur, le r\u00e9alisateur Albigeois <strong>Nyk\u2019am<\/strong> va produire un film d\u2019environ 45 minutes, diffus\u00e9 sur les r\u00e9seaux sociaux, qui retracera <strong>l\u2019immense challenge<\/strong> de l\u2019athl\u00e8te, de sa gen\u00e8se jusqu\u2019au phare de S\u00e8te.<\/p>\n<p class=\" wall-content\">Suivez toute l\u2019actualit\u00e9 de vos villes et m\u00e9dias favoris en vous inscrivant \u00e0 <a href=\"https:\/\/moncompte.actu.fr\" title=\"D\u00e9couvez Mon Actu\" rel=\"nofollow noopener\" data-trk=\"{&quot;cta&quot;:{&quot;action&quot;:&quot;https:\\\/\\\/moncompte.actu.fr&quot;,&quot;category&quot;:&quot;mon compte&quot;,&quot;from&quot;:&quot;article footer&quot;,&quot;name&quot;:&quot;Mon actu&quot;,&quot;type&quot;:&quot;cta&quot;}}\" target=\"_blank\">Mon Actu<\/a>.<\/p>\n","protected":false},"excerpt":{"rendered":"Par Ancelin Emery-Henriot Publi\u00e9 le 6 juin 2025 \u00e0 11h20 C\u2019est un exploit qui n\u2019a jamais \u00e9t\u00e9 enregistr\u00e9&hellip;\n","protected":false},"author":2,"featured_media":156198,"comment_status":"","ping_status":"","sticky":false,"template":"","format":"standard","meta":{"footnotes":""},"categories":[2816],"tags":[1111,11,4132,4861,1777,674,1011,27,12,2680,25,60,2312],"class_list":{"0":"post-156197","1":"post","2":"type-post","3":"status-publish","4":"format-standard","5":"has-post-thumbnail","7":"category-toulouse","8":"tag-actu","9":"tag-actualites","10":"tag-athletisme","11":"tag-canal-du-midi","12":"tag-eu","13":"tag-europe","14":"tag-fr","15":"tag-france","16":"tag-news","17":"tag-occitanie","18":"tag-republique-francaise","19":"tag-sports","20":"tag-toulouse"},"share_on_mastodon":{"url":"https:\/\/pubeurope.com\/@fr\/114635794403537806","error":""},"_links":{"self":[{"href":"https:\/\/www.europesays.com\/fr\/wp-json\/wp\/v2\/posts\/156197","targetHints":{"allow":["GET"]}}],"collection":[{"href":"https:\/\/www.europesays.com\/fr\/wp-json\/wp\/v2\/posts"}],"about":[{"href":"https:\/\/www.europesays.com\/fr\/wp-json\/wp\/v2\/types\/post"}],"author":[{"embeddable":true,"href":"https:\/\/www.europesays.com\/fr\/wp-json\/wp\/v2\/users\/2"}],"replies":[{"embeddable":true,"href":"https:\/\/www.europesays.com\/fr\/wp-json\/wp\/v2\/comments?post=156197"}],"version-history":[{"count":0,"href":"https:\/\/www.europesays.com\/fr\/wp-json\/wp\/v2\/posts\/156197\/revisions"}],"wp:featuredmedia":[{"embeddable":true,"href":"https:\/\/www.europesays.com\/fr\/wp-json\/wp\/v2\/media\/156198"}],"wp:attachment":[{"href":"https:\/\/www.europesays.com\/fr\/wp-json\/wp\/v2\/media?parent=156197"}],"wp:term":[{"taxonomy":"category","embeddable":true,"href":"https:\/\/www.europesays.com\/fr\/wp-json\/wp\/v2\/categories?post=156197"},{"taxonomy":"post_tag","embeddable":true,"href":"https:\/\/www.europesays.com\/fr\/wp-json\/wp\/v2\/tags?post=156197"}],"curies":[{"name":"wp","href":"https:\/\/api.w.org\/{rel}","templated":true}]}}