{"id":156209,"date":"2025-06-06T09:54:13","date_gmt":"2025-06-06T09:54:13","guid":{"rendered":"https:\/\/www.europesays.com\/fr\/156209\/"},"modified":"2025-06-06T09:54:13","modified_gmt":"2025-06-06T09:54:13","slug":"renover-la-plus-petite-maison-de-la-ville-de-seulement-17-m%c2%b2","status":"publish","type":"post","link":"https:\/\/www.europesays.com\/fr\/156209\/","title":{"rendered":"r\u00e9nover la plus petite maison de la ville, de seulement 17 m\u00b2"},"content":{"rendered":"<p>            Par<br \/>\n        <strong><br \/>\n            <a href=\"https:\/\/actu.fr\/auteur\/julien-damboise\" title=\"Consulter tous les articles de Julien Damboise\" target=\"_blank\" rel=\"noopener\">Julien Damboise<\/a><br \/>\n        <\/strong><\/p>\n<p>        Publi\u00e9 le<\/p>\n<p>            6 juin 2025 \u00e0 11h07        <\/p>\n<p>Fra\u00eechement ch\u00f4meur, Camille a investi<strong> 94 000 euros<\/strong> dans un mini-logement unique en plein centre-ville de <a href=\"https:\/\/actu.fr\/auvergne-rhone-alpes\/lyon_69123\" target=\"_blank\" rel=\"noopener\">Lyon<\/a>. Il s\u2019agit d\u2019une maison de seulement <strong>17 m\u00b2<\/strong>, situ\u00e9e cours Lafayette, \u00e0 quelques pas des quais du Rh\u00f4ne et de la <a href=\"https:\/\/actu.fr\/tag\/presqu-ile\" target=\"_blank\" rel=\"noopener\">Presqu\u2019\u00eele<\/a>. Un pari os\u00e9 pour ce p\u00e8re de famille, \u00e2g\u00e9 de 43 ans, qui s\u2019est lanc\u00e9 dans la <strong>r\u00e9novation seul<\/strong> avant de louer le bien d\u2019ici quelques mois.<\/p>\n<p>    <a href=\"https:\/\/www.google.com\/maps\/embed?pb=!1m18!1m12!1m3!1d2942.850846558275!2d4.839845212028474!3d45.76345187095988!2m3!1f0!2f0!3f0!3m2!1i1024!2i768!4f13.1!3m3!1m2!1s0x47f4ea5878e86507%3A0xc2c1f42d1e43f06e!2s6%20Cr%20Lafayette%2C%2069003%20Lyon!5e1!3m2!1sfr!2sfr!4v1749138127795!5m2!1sfr!2sfr\" title=\"Ouvrie le lien\" target=\"_blank\" rel=\"noopener\">Cliquez ici pour visualiser le contenu<\/a><\/p>\n<p>Seulement 17 m\u00b2<\/p>\n<p class=\" wall-content\">Situ\u00e9e dans un quartier tr\u00e8s recherch\u00e9, la b\u00e2tisse est vraisemblablement la <strong>plus petite maison de la ville<\/strong>. Le nouveau propri\u00e9taire a d\u00e9bours\u00e9 94 000 euros, hors frais de notaire, pour s\u2019offrir le bien trouv\u00e9 sur une petite annonce en ligne.<\/p>\n<p class=\" wall-content\">Depuis moins d\u2019un mois au ch\u00f4mage, Camille passe d\u00e9sormais ses journ\u00e9es \u00e0 r\u00e9aliser les nombreuses r\u00e9novations pr\u00e9vues, de la cuisine \u00e0 la salle de bain en passant par le <strong>lanternon<\/strong> d\u2019\u00e9poque. Une cage vitr\u00e9e encore obstru\u00e9e il y a peu, et qui a \u00e9t\u00e9 d\u00e9gag\u00e9e pour laisser passer la lumi\u00e8re naturelle dans ce qui semble \u00eatre les vestiges d\u2019un <strong>ancien atelier<\/strong>.<\/p>\n<blockquote class=\"tiktok-embed\" cite=\"https:\/\/www.tiktok.com\/@actulyon\/video\/7512750267633306902\" data-video-id=\"7512750267633306902\" data-embed-from=\"oembed\" style=\"max-width:605px; min-width:325px;\"><p>\n<a target=\"_blank\" title=\"@actulyon\" href=\"https:\/\/www.tiktok.com\/@actulyon?refer=embed\" rel=\"noopener\">@actulyon<\/a> <\/p>\n<p>\ud83d\udcaa Camille a achet\u00e9 la plus petite maison de Lyon, d\u2019une taille de seulement 17m2 ! \ud83c\udfe0 Situ\u00e9e cours Lafayette dans le 3e arrondissement, elle est en train d\u2019\u00eatre totalement transform\u00e9e par le nouveau propri\u00e9taire.  \ud83d\udca1Un chantier que nous avons pu visiter en exclusivit\u00e9 pour un reportage.  <a title=\"work\" target=\"_blank\" href=\"https:\/\/www.tiktok.com\/tag\/work?refer=embed\" rel=\"noopener\">#work<\/a> <a title=\"lyon\" target=\"_blank\" href=\"https:\/\/www.tiktok.com\/tag\/lyon?refer=embed\" rel=\"noopener\">#lyon<\/a> <a title=\"tinyhouse\" target=\"_blank\" href=\"https:\/\/www.tiktok.com\/tag\/tinyhouse?refer=embed\" rel=\"noopener\">#tinyhouse<\/a> <a title=\"camille\" target=\"_blank\" href=\"https:\/\/www.tiktok.com\/tag\/camille?refer=embed\" rel=\"noopener\">#camille<\/a> <a title=\"travaux\" target=\"_blank\" href=\"https:\/\/www.tiktok.com\/tag\/travaux?refer=embed\" rel=\"noopener\">#travaux<\/a> <a title=\"maison\" target=\"_blank\" href=\"https:\/\/www.tiktok.com\/tag\/maison?refer=embed\" rel=\"noopener\">#maison<\/a> <a title=\"renovation\" target=\"_blank\" href=\"https:\/\/www.tiktok.com\/tag\/renovation?refer=embed\" rel=\"noopener\">#renovation<\/a> <\/p>\n<p> <a target=\"_blank\" title=\"\u266c original sound - Moody Music \ud83c\udfb6\ud83c\udfb5\ud83d\udd25\" href=\"https:\/\/www.tiktok.com\/music\/original-sound-7427055266322205457?refer=embed\" rel=\"noopener\">\u266c original sound \u2013 Moody Music \ud83c\udfb6\ud83c\udfb5\ud83d\udd25<\/a> <\/p>\n<\/blockquote>\n<p>    <img   decoding=\"async\" loading=\"lazy\" src=\"https:\/\/www.europesays.com\/fr\/wp-content\/uploads\/2025\/06\/plus-petite-maison-lyon-interieur-960x640.jpeg\" alt=\"Le plafond de la plus petite maison de Lyon a \u00e9t\u00e9 d\u00e9gag\u00e9 gr\u00e2ce aux travaux de Camille.\" width=\"960\" height=\"640\"\/><br \/>\n    Le plafond de la plus petite maison de Lyon a \u00e9t\u00e9 d\u00e9gag\u00e9 gr\u00e2ce aux travaux de Camille. (\u00a9Julien Damboise \/ actu Lyon)Rebondir apr\u00e8s un licenciement<\/p>\n<p class=\" wall-content\">Pour Camille, ce projet immobilier est plus qu\u2019un simple placement. Il survient \u00e0 un <strong>tournant personnel<\/strong> : il y a quelques semaines \u00e0 peine, il a perdu son emploi dans le secteur du <a href=\"https:\/\/actu.fr\/tag\/jeux-video\" target=\"_blank\" rel=\"noopener\">jeux-vid\u00e9o<\/a>. Une situation qu\u2019il accueille presque comme un soulagement : \u00ab J\u2019\u00e9tais <strong>au bord du burn-out<\/strong>, je passais mes journ\u00e9es \u00e0 encha\u00eener les r\u00e9unions. C\u2019\u00e9tait devenu invivable \u00bb.<\/p>\n<p class=\" wall-content\">D\u00e9sormais, c\u2019est entre les <strong>tutos<\/strong> trouv\u00e9s sur internet et l\u2019huile de coude qu\u2019il occupe son temps.<\/p>\n<p>    <img   decoding=\"async\" loading=\"lazy\" src=\"https:\/\/www.europesays.com\/fr\/wp-content\/uploads\/2025\/06\/plus-petite-maison-de-lyon-interieur-2-960x640.jpeg\" alt=\"L'int\u00e9rieur de la plus petite maison de Lyon est en plein travaux.\" width=\"960\" height=\"640\"\/><br \/>\n    L\u2019int\u00e9rieur de la plus petite maison de Lyon est en plein chantier. (\u00a9Julien Damboise \/ actu Lyon)Bient\u00f4t en location<\/p>\n<p class=\" wall-content\">Avec environ <strong>20 000 euros de travaux<\/strong> pr\u00e9vus, le p\u00e8re de famille entend proposer le bien \u00e0 la location entre fin juillet et mi-ao\u00fbt. La maison \u00e9tait d\u00e9j\u00e0 lou\u00e9e auparavant, \u00ab\u00a0\u00e0 un prix d\u2019environ 550 euros par mois\u00a0\u00bb, mais dans des conditions moins confortables que ce qui est en train d\u2019\u00eatre r\u00e9alis\u00e9.<\/p>\n<p class=\" wall-content\">Celui qui ne connaissait pas toutes les ficelles du m\u00e9tier peut compter sur l\u2019aide de son \u00ab\u00a0joker secret, un copain dans le b\u00e2timent qui vient me d\u00e9bloquer si besoin\u00a0\u00bb, mais aussi d\u2019autres professionnels qui l\u2019ont d\u00e9couvert sur les r\u00e9seaux sociaux et proposent de l\u2019aide, voire une <strong>collaboration<\/strong> commerciale.<\/p>\n<p class=\" wall-content\">Suivez toute l\u2019actualit\u00e9 de vos villes et m\u00e9dias favoris en vous inscrivant \u00e0 <a href=\"https:\/\/moncompte.actu.fr\" title=\"D\u00e9couvez Mon Actu\" rel=\"nofollow noopener\" data-trk=\"{&quot;cta&quot;:{&quot;action&quot;:&quot;https:\\\/\\\/moncompte.actu.fr&quot;,&quot;category&quot;:&quot;mon compte&quot;,&quot;from&quot;:&quot;article footer&quot;,&quot;name&quot;:&quot;Mon actu&quot;,&quot;type&quot;:&quot;cta&quot;}}\" target=\"_blank\">Mon Actu<\/a>.<\/p>\n<p>                    <script async src=\"\/\/www.tiktok.com\/embed.js\"><\/script><\/p>\n","protected":false},"excerpt":{"rendered":"Par Julien Damboise Publi\u00e9 le 6 juin 2025 \u00e0 11h07 Fra\u00eechement ch\u00f4meur, Camille a investi 94 000 euros&hellip;\n","protected":false},"author":2,"featured_media":156210,"comment_status":"","ping_status":"","sticky":false,"template":"","format":"standard","meta":{"footnotes":""},"categories":[1889],"tags":[1111,11,2430,1777,674,1011,27,1116,1757,2428,2142,12,25],"class_list":{"0":"post-156209","1":"post","2":"type-post","3":"status-publish","4":"format-standard","5":"has-post-thumbnail","7":"category-lyon","8":"tag-actu","9":"tag-actualites","10":"tag-auvergne-rhone-alpes","11":"tag-eu","12":"tag-europe","13":"tag-fr","14":"tag-france","15":"tag-immobilier","16":"tag-insolite","17":"tag-lyon","18":"tag-maison","19":"tag-news","20":"tag-republique-francaise"},"share_on_mastodon":{"url":"https:\/\/pubeurope.com\/@fr\/114635817944118176","error":""},"_links":{"self":[{"href":"https:\/\/www.europesays.com\/fr\/wp-json\/wp\/v2\/posts\/156209","targetHints":{"allow":["GET"]}}],"collection":[{"href":"https:\/\/www.europesays.com\/fr\/wp-json\/wp\/v2\/posts"}],"about":[{"href":"https:\/\/www.europesays.com\/fr\/wp-json\/wp\/v2\/types\/post"}],"author":[{"embeddable":true,"href":"https:\/\/www.europesays.com\/fr\/wp-json\/wp\/v2\/users\/2"}],"replies":[{"embeddable":true,"href":"https:\/\/www.europesays.com\/fr\/wp-json\/wp\/v2\/comments?post=156209"}],"version-history":[{"count":0,"href":"https:\/\/www.europesays.com\/fr\/wp-json\/wp\/v2\/posts\/156209\/revisions"}],"wp:featuredmedia":[{"embeddable":true,"href":"https:\/\/www.europesays.com\/fr\/wp-json\/wp\/v2\/media\/156210"}],"wp:attachment":[{"href":"https:\/\/www.europesays.com\/fr\/wp-json\/wp\/v2\/media?parent=156209"}],"wp:term":[{"taxonomy":"category","embeddable":true,"href":"https:\/\/www.europesays.com\/fr\/wp-json\/wp\/v2\/categories?post=156209"},{"taxonomy":"post_tag","embeddable":true,"href":"https:\/\/www.europesays.com\/fr\/wp-json\/wp\/v2\/tags?post=156209"}],"curies":[{"name":"wp","href":"https:\/\/api.w.org\/{rel}","templated":true}]}}