{"id":15621,"date":"2025-04-10T18:39:38","date_gmt":"2025-04-10T18:39:38","guid":{"rendered":"https:\/\/www.europesays.com\/fr\/15621\/"},"modified":"2025-04-10T18:39:38","modified_gmt":"2025-04-10T18:39:38","slug":"rennes-metropole-reclame-des-centaines-de-documents-a-la-societe-ruths","status":"publish","type":"post","link":"https:\/\/www.europesays.com\/fr\/15621\/","title":{"rendered":"Rennes M\u00e9tropole r\u00e9clame des \u00ab\u00a0centaines\u00a0\u00bb de documents \u00e0 la soci\u00e9t\u00e9 Ruths"},"content":{"rendered":"<p>            Par<br \/>\n        <strong><br \/>\n            <a href=\"https:\/\/actu.fr\/auteur\/redaction-rennes\" title=\"Consulter tous les articles de R\u00e9daction Rennes\" rel=\"nofollow noopener\" target=\"_blank\">R\u00e9daction Rennes<\/a><br \/>\n        <\/strong><\/p>\n<p>        Publi\u00e9 le<\/p>\n<p>            9 avr. 2025 \u00e0 10h48        <\/p>\n<p>Le <strong>feuilleton judiciaire<\/strong> n\u2019en est <strong>qu\u2019\u00e0 son commencement.<\/strong> Mardi 8 avril 2025, Rennes M\u00e9tropole a demand\u00e9 au juge des r\u00e9f\u00e9r\u00e9s du tribunal administratif de Rennes de contraindre l\u2019entreprise italienne <strong>Ruths<\/strong> \u00e0 lui communiquer <strong>des \u00ab\u00a0centaines\u00a0\u00bb de documents<\/strong> relatifs \u00e0 <strong>l\u2019incin\u00e9rateur de Villejean<\/strong> apr\u00e8s la rupture de leur contrat en janvier 2025.<\/p>\n<p>Une situation \u00ab\u00a0urgente\u00a0\u00bb<\/p>\n<p class=\" wall-content\">Le chantier accuse en effet <strong>un retard \u00ab\u00a0catastrophique\u00a0\u00bb<\/strong> : il \u00e9tait \u00ab\u00a0suppos\u00e9 s\u2019arr\u00eater en d\u00e9cembre 2023\u00a0\u00bb et \u00e0 l\u2019heure actuelle, l\u2019usine de \u00ab\u00a0valorisation\u00a0\u00bb des d\u00e9chets est \u00ab\u00a0totalement inachev\u00e9e\u00a0\u00bb. <a href=\"https:\/\/actu.fr\/bretagne\/rennes_35238\/travaux-de-l-usine-d-incineration-a-villejean-avec-le-retard-l-addition-va-etre-salee_60491649.html\" rel=\"nofollow noopener\" target=\"_blank\">Cela co\u00fbte <strong>\u00ab\u00a0plusieurs millions d\u2019euros\u00a0\u00bb<\/strong><\/a> et les d\u00e9lais \u00ab\u00a0ne font que s\u2019allonger\u00a0\u00bb, s\u2019inqui\u00e8te la collectivit\u00e9. Ruths a en effet eu ordre de <strong>stopper<\/strong> <strong>le chantier en<\/strong> <strong>mars 2023.<\/strong><\/p>\n<p class=\" wall-content\">Le 20 janvier 2025, Rennes M\u00e9tropole a donc r\u00e9sili\u00e9 purement et simplement le contrat qui la liait \u00e0 l\u2019entreprise italienne de conception et de fabrication de g\u00e9n\u00e9rateurs de vapeur industriels. Elle lui a demand\u00e9 par la suite de lui <strong>communiquer<\/strong>\u00a0<strong>de nombreux documents,<\/strong> ce que la soci\u00e9t\u00e9 aurait <strong>\u00ab\u00a0refus\u00e9\u00a0\u00bb.<\/strong><\/p>\n<p class=\" wall-content\">Or en l\u2019absence de tels documents, <strong>\u00ab\u00a0le fonctionnement du service public est compromis\u00a0\u00bb,<\/strong> affirme l\u2019avocate de la collectivit\u00e9. \u00ab\u00a0Rennes M\u00e9tropole a besoin de ces donn\u00e9es, ces documents sont pr\u00e9vus dans les contrats\u00a0\u00bb, a-t-elle assur\u00e9 pour convaincre le juge de \u00ab\u00a0l\u2019urgence\u00a0\u00bb de la situation.<\/p>\n<p>Une astreinte de 25 000 euros par jour de retard<\/p>\n<blockquote class=\"ac-article-quote wall-content\">\n<p>Ces \u00e9l\u00e9ments sont indispensables pour le march\u00e9 de substitution, pour les futurs prestataires \u00e9conomiques et pour la mise en place de la future exploitation du service.<\/p>\n<p>    <strong>Avocate repr\u00e9sentant Rennes M\u00e9tropole<\/strong>\n            <\/p><\/blockquote>\n<p class=\" wall-content\">Il y a par exemple \u00ab\u00a0des contrats de sous-traitance\u00a0\u00bb, mais aussi <strong>des documents techniques<\/strong> et relatifs \u00e0 \u00ab\u00a0la conformit\u00e9 des machines\u00a0\u00bb : ils serviront au nouvel op\u00e9rateur pour \u00ab\u00a0certifier\u00a0\u00bb la conformit\u00e9 de l\u2019incin\u00e9rateur et ainsi permettre sa mise en service.<\/p>\n<p class=\" wall-content\">\u00ab\u00a0Rennes M\u00e9tropole a voulu de <strong>mani\u00e8re brutale et autoritaire<\/strong> la r\u00e9siliation, mais elle se donne par contre la possibilit\u00e9 de r\u00e9cup\u00e9rer les documents\u00a0\u00bb, a grinc\u00e9, en r\u00e9plique, l\u2019avocate de la soci\u00e9t\u00e9 italienne. D\u2019autant que la collectivit\u00e9 r\u00e9clame au juge des r\u00e9f\u00e9r\u00e9s de prononcer \u00ab\u00a0une astreinte de 25 000 euros par jour de retard\u00a0\u00bb.<\/p>\n<p>\u00ab\u00a0Tout ce que vous demandez, on vous l\u2019a d\u00e9j\u00e0 donn\u00e9\u00a0\u00bb<\/p>\n<p class=\" wall-content\">\u00ab\u00a0On ne fait <strong>aucune r\u00e9tention d\u2019information\u00a0\u00bb,<\/strong> a aussi tenu \u00e0 souligner le repr\u00e9sentant de Ruths, pr\u00e9sent \u00e0 l\u2019audience. \u00ab\u00a0Tout ce que vous demandez, on vous l\u2019a d\u00e9j\u00e0 donn\u00e9\u00a0\u00bb, a-t-il ajout\u00e9 \u00e0 l\u2019attention de Rennes M\u00e9tropole.<\/p>\n<p class=\" wall-content\">Pour le reste, la soci\u00e9t\u00e9 \u00e9vinc\u00e9e du march\u00e9 soutient, en substance, qu\u2019elle ne peut pas produire de \u00ab\u00a0documents de certification\u00a0\u00bb <strong>alors m\u00eame que les travaux n\u2019ont jamais \u00e9t\u00e9 achev\u00e9s<\/strong> et que <a href=\"https:\/\/actu.fr\/bretagne\/rennes_35238\/usine-d-incineration-rennes-metropole-confie-le-chantier-des-chaudieres-a-une-nouvelle-entreprise_61578683.html\" rel=\"nofollow noopener\" target=\"_blank\">le nouveau titulaire du march\u00e9<\/a> (Est Industries Sentis) a d\u00e9cid\u00e9 <strong>d\u2019utiliser des techniques de construction diff\u00e9rentes<\/strong> des siennes.<\/p>\n<p class=\" wall-content\">\u00ab\u00a0Ruths ne sait pas comment vont \u00eatre remis les \u00e9quipements\u00a0\u00bb, a aussi dit son avocate. Or, certains assemblages sont \u00ab\u00a0brevet\u00e9s\u00a0\u00bb et Est Industries Sentis a \u00ab\u00a0coup\u00e9 les assemblages\u00a0\u00bb qui avaient \u00e9t\u00e9 install\u00e9s par Ruths. \u00ab\u00a0C\u2019est un autre ouvrage qu\u2019on va r\u00e9ceptionner\u00a0\u00bb, r\u00e9sume-t-elle.<\/p>\n<p class=\" wall-content\"><strong>Le juge des r\u00e9f\u00e9r\u00e9s<\/strong> doit se prononcer d\u2019ici \u00e0 la<strong>\u00a0fin de la semaine,<\/strong> mais d\u2019autres recours sont en cours d\u2019examen devant la juridiction administrative.\u00a0<\/p>\n<p class=\" wall-content\"><strong>Claire Besnard \u2013 PressPepper<\/strong><\/p>\n<p class=\" wall-content\">Suivez toute l\u2019actualit\u00e9 de vos villes et m\u00e9dias favoris en vous inscrivant \u00e0 <a href=\"https:\/\/moncompte.actu.fr\" title=\"D\u00e9couvez Mon Actu\" rel=\"nofollow noopener\" data-trk=\"{&quot;cta&quot;:{&quot;action&quot;:&quot;https:\\\/\\\/moncompte.actu.fr&quot;,&quot;category&quot;:&quot;mon compte&quot;,&quot;from&quot;:&quot;article footer&quot;,&quot;name&quot;:&quot;Mon actu&quot;,&quot;type&quot;:&quot;cta&quot;}}\" target=\"_blank\">Mon Actu<\/a>.<\/p>\n","protected":false},"excerpt":{"rendered":"Par R\u00e9daction Rennes Publi\u00e9 le 9 avr. 2025 \u00e0 10h48 Le feuilleton judiciaire n\u2019en est qu\u2019\u00e0 son commencement.&hellip;\n","protected":false},"author":2,"featured_media":15622,"comment_status":"","ping_status":"","sticky":false,"template":"","format":"standard","meta":{"footnotes":""},"categories":[2821],"tags":[1111,11,829,1777,674,1011,27,12,584,25,104,5375],"class_list":{"0":"post-15621","1":"post","2":"type-post","3":"status-publish","4":"format-standard","5":"has-post-thumbnail","7":"category-rennes","8":"tag-actu","9":"tag-actualites","10":"tag-bretagne","11":"tag-eu","12":"tag-europe","13":"tag-fr","14":"tag-france","15":"tag-news","16":"tag-rennes","17":"tag-republique-francaise","18":"tag-societe","19":"tag-villejean"},"share_on_mastodon":{"url":"https:\/\/pubeurope.com\/@fr\/114315130486769210","error":""},"_links":{"self":[{"href":"https:\/\/www.europesays.com\/fr\/wp-json\/wp\/v2\/posts\/15621","targetHints":{"allow":["GET"]}}],"collection":[{"href":"https:\/\/www.europesays.com\/fr\/wp-json\/wp\/v2\/posts"}],"about":[{"href":"https:\/\/www.europesays.com\/fr\/wp-json\/wp\/v2\/types\/post"}],"author":[{"embeddable":true,"href":"https:\/\/www.europesays.com\/fr\/wp-json\/wp\/v2\/users\/2"}],"replies":[{"embeddable":true,"href":"https:\/\/www.europesays.com\/fr\/wp-json\/wp\/v2\/comments?post=15621"}],"version-history":[{"count":0,"href":"https:\/\/www.europesays.com\/fr\/wp-json\/wp\/v2\/posts\/15621\/revisions"}],"wp:featuredmedia":[{"embeddable":true,"href":"https:\/\/www.europesays.com\/fr\/wp-json\/wp\/v2\/media\/15622"}],"wp:attachment":[{"href":"https:\/\/www.europesays.com\/fr\/wp-json\/wp\/v2\/media?parent=15621"}],"wp:term":[{"taxonomy":"category","embeddable":true,"href":"https:\/\/www.europesays.com\/fr\/wp-json\/wp\/v2\/categories?post=15621"},{"taxonomy":"post_tag","embeddable":true,"href":"https:\/\/www.europesays.com\/fr\/wp-json\/wp\/v2\/tags?post=15621"}],"curies":[{"name":"wp","href":"https:\/\/api.w.org\/{rel}","templated":true}]}}