{"id":156213,"date":"2025-06-06T09:56:09","date_gmt":"2025-06-06T09:56:09","guid":{"rendered":"https:\/\/www.europesays.com\/fr\/156213\/"},"modified":"2025-06-06T09:56:09","modified_gmt":"2025-06-06T09:56:09","slug":"les-edv-ile-de-france-mettent-le-cap-sur-les-acores","status":"publish","type":"post","link":"https:\/\/www.europesays.com\/fr\/156213\/","title":{"rendered":"Les EDV Ile-de-France mettent le cap sur les A\u00e7ores"},"content":{"rendered":"<p>\t\t\t\t\t Si le programme n\u2019est pas encore connu, le <b>th\u00e8me du prochain congr\u00e8s sera la transmission<\/b> : transmission d\u2019un message, transmission de valeurs et transmission entre dirigeants, \u00ab alors que 60% des entreprises du secteur sont concern\u00e9es par cette difficult\u00e9 \u00bb rappelle Lionel Rabiet. <\/p>\n<p>Les participants pourront \u00e9galement <b>d\u00e9couvrir les charmes de l\u2019archipel des A\u00e7ores <\/b> surnomm\u00e9 \u00ab le Hawa\u00ef de l\u2019Europe \u00bb, avec des excursions \u00e0 la d\u00e9couverte de ses paysages et <b>volcans<\/b>, et peut-\u00eatre apercevoir <b>les baleines<\/b> qui batifolent au large.&#13;\t\t\t\t\t <\/p>\n<p>Pr\u00e9sente \u00e0 Paris, Maria Joao Gouveia, en charge du march\u00e9 fran\u00e7ais \u00e0 l\u2019office du tourisme des A\u00e7ores, se f\u00e9licite de ce choix qui va <b>contribuer \u00e0 promouvoir l\u2019archipel<\/b>, d\u00e9sormais bien positionn\u00e9 sur le march\u00e9 fran\u00e7ais. &#13;\t\t\t\t\t <\/p>\n<p>\u00ab L\u2019an dernier, nous avons accueilli plus de 71 000 touristes Fran\u00e7ais, soit notre quatri\u00e8me march\u00e9 international apr\u00e8s les Etats-Unis, l\u2019Allemagne et l\u2019Espagne \u00bb pr\u00e9cise-t-elle.\n\t\t\t\t <\/p>\n","protected":false},"excerpt":{"rendered":"Si le programme n\u2019est pas encore connu, le th\u00e8me du prochain congr\u00e8s sera la transmission : transmission d\u2019un&hellip;\n","protected":false},"author":2,"featured_media":156214,"comment_status":"","ping_status":"","sticky":false,"template":"","format":"standard","meta":{"footnotes":""},"categories":[1592],"tags":[28709,1111,11,2697,1777,674,1011,27,662,12,626,25],"class_list":{"0":"post-156213","1":"post","2":"type-post","3":"status-publish","4":"format-standard","5":"has-post-thumbnail","7":"category-ile-de-france","8":"tag-acores","9":"tag-actu","10":"tag-actualites","11":"tag-edv","12":"tag-eu","13":"tag-europe","14":"tag-fr","15":"tag-france","16":"tag-ile-de-france","17":"tag-news","18":"tag-paris","19":"tag-republique-francaise"},"share_on_mastodon":{"url":"https:\/\/pubeurope.com\/@fr\/114635825766650644","error":""},"_links":{"self":[{"href":"https:\/\/www.europesays.com\/fr\/wp-json\/wp\/v2\/posts\/156213","targetHints":{"allow":["GET"]}}],"collection":[{"href":"https:\/\/www.europesays.com\/fr\/wp-json\/wp\/v2\/posts"}],"about":[{"href":"https:\/\/www.europesays.com\/fr\/wp-json\/wp\/v2\/types\/post"}],"author":[{"embeddable":true,"href":"https:\/\/www.europesays.com\/fr\/wp-json\/wp\/v2\/users\/2"}],"replies":[{"embeddable":true,"href":"https:\/\/www.europesays.com\/fr\/wp-json\/wp\/v2\/comments?post=156213"}],"version-history":[{"count":0,"href":"https:\/\/www.europesays.com\/fr\/wp-json\/wp\/v2\/posts\/156213\/revisions"}],"wp:featuredmedia":[{"embeddable":true,"href":"https:\/\/www.europesays.com\/fr\/wp-json\/wp\/v2\/media\/156214"}],"wp:attachment":[{"href":"https:\/\/www.europesays.com\/fr\/wp-json\/wp\/v2\/media?parent=156213"}],"wp:term":[{"taxonomy":"category","embeddable":true,"href":"https:\/\/www.europesays.com\/fr\/wp-json\/wp\/v2\/categories?post=156213"},{"taxonomy":"post_tag","embeddable":true,"href":"https:\/\/www.europesays.com\/fr\/wp-json\/wp\/v2\/tags?post=156213"}],"curies":[{"name":"wp","href":"https:\/\/api.w.org\/{rel}","templated":true}]}}