{"id":156215,"date":"2025-06-06T09:57:11","date_gmt":"2025-06-06T09:57:11","guid":{"rendered":"https:\/\/www.europesays.com\/fr\/156215\/"},"modified":"2025-06-06T09:57:11","modified_gmt":"2025-06-06T09:57:11","slug":"affiche-de-la-marche-des-fiertes-la-region-ile-de-france-finance-ces-associations-qui-appellent-a-la-haine-fustige-marguerite-stern","status":"publish","type":"post","link":"https:\/\/www.europesays.com\/fr\/156215\/","title":{"rendered":"Affiche de la marche des fiert\u00e9s : \u00ab La r\u00e9gion \u00cele-de-France finance ces associations qui appellent \u00e0 la haine \u00bb, fustige Marguerite Stern"},"content":{"rendered":"<p>\tAffiche de la marche des fiert\u00e9s : \u00ab La r\u00e9gion \u00cele-de-France finance ces associations qui appellent \u00e0 la haine \u00bb, fustige Marguerite Stern &#8211; Valeurs actuelles<\/p>\n<p><a href=\"https:\/\/www.valeursactuelles.com\/\" target=\"_blank\" rel=\"noopener\">Accueil<\/a> \u00bb <a href=\"https:\/\/www.valeursactuelles.com\/societe\" target=\"_blank\" rel=\"noopener\">Soci\u00e9t\u00e9<\/a> \u00bb Affiche de la marche des fiert\u00e9s : \u00ab La r\u00e9gion \u00cele-de-France finance ces associations qui appellent \u00e0 la haine \u00bb, fustige Marguerite Stern<\/p>\n","protected":false},"excerpt":{"rendered":"Affiche de la marche des fiert\u00e9s : \u00ab La r\u00e9gion \u00cele-de-France finance ces associations qui appellent \u00e0 la&hellip;\n","protected":false},"author":2,"featured_media":156216,"comment_status":"","ping_status":"","sticky":false,"template":"","format":"standard","meta":{"footnotes":""},"categories":[1592],"tags":[1111,11,1777,674,1011,27,10716,662,2173,9087,24310,28710,12,626,25],"class_list":{"0":"post-156215","1":"post","2":"type-post","3":"status-publish","4":"format-standard","5":"has-post-thumbnail","7":"category-ile-de-france","8":"tag-actu","9":"tag-actualites","10":"tag-eu","11":"tag-europe","12":"tag-fr","13":"tag-france","14":"tag-gay-pride","15":"tag-ile-de-france","16":"tag-interview","17":"tag-lgbt","18":"tag-marche-des-fiertes","19":"tag-marguerite-stern","20":"tag-news","21":"tag-paris","22":"tag-republique-francaise"},"share_on_mastodon":{"url":"https:\/\/pubeurope.com\/@fr\/114635829709713929","error":""},"_links":{"self":[{"href":"https:\/\/www.europesays.com\/fr\/wp-json\/wp\/v2\/posts\/156215","targetHints":{"allow":["GET"]}}],"collection":[{"href":"https:\/\/www.europesays.com\/fr\/wp-json\/wp\/v2\/posts"}],"about":[{"href":"https:\/\/www.europesays.com\/fr\/wp-json\/wp\/v2\/types\/post"}],"author":[{"embeddable":true,"href":"https:\/\/www.europesays.com\/fr\/wp-json\/wp\/v2\/users\/2"}],"replies":[{"embeddable":true,"href":"https:\/\/www.europesays.com\/fr\/wp-json\/wp\/v2\/comments?post=156215"}],"version-history":[{"count":0,"href":"https:\/\/www.europesays.com\/fr\/wp-json\/wp\/v2\/posts\/156215\/revisions"}],"wp:featuredmedia":[{"embeddable":true,"href":"https:\/\/www.europesays.com\/fr\/wp-json\/wp\/v2\/media\/156216"}],"wp:attachment":[{"href":"https:\/\/www.europesays.com\/fr\/wp-json\/wp\/v2\/media?parent=156215"}],"wp:term":[{"taxonomy":"category","embeddable":true,"href":"https:\/\/www.europesays.com\/fr\/wp-json\/wp\/v2\/categories?post=156215"},{"taxonomy":"post_tag","embeddable":true,"href":"https:\/\/www.europesays.com\/fr\/wp-json\/wp\/v2\/tags?post=156215"}],"curies":[{"name":"wp","href":"https:\/\/api.w.org\/{rel}","templated":true}]}}