{"id":156223,"date":"2025-06-06T10:01:10","date_gmt":"2025-06-06T10:01:10","guid":{"rendered":"https:\/\/www.europesays.com\/fr\/156223\/"},"modified":"2025-06-06T10:01:10","modified_gmt":"2025-06-06T10:01:10","slug":"la-procureure-de-paris-defend-le-choix-des-juges-dinstruction","status":"publish","type":"post","link":"https:\/\/www.europesays.com\/fr\/156223\/","title":{"rendered":"la procureure de Paris d\u00e9fend le choix des juges d\u2019instruction"},"content":{"rendered":"<p>La procureure de Paris, Laure Beccuau, a d\u00e9fendu le choix des juges de <a target=\"_self\" href=\"https:\/\/www.lanouvellerepublique.fr\/a-la-une\/extraction-de-mohamed-amra-avis-divergents-entre-bruno-retailleau-et-gerald-darmanin-1749041940\" rel=\"nofollow noopener\">faire venir Mohamed Amra \u00e0 Paris<\/a> pour l\u2019entendre sur <a target=\"_self\" href=\"https:\/\/www.lanouvellerepublique.fr\/a-la-une\/affaire-amra-emmanuel-macron-commemore-l-attaque-sanglante-du-peage-d-incarville-un-an-apres-1747230651\" rel=\"nofollow noopener\">son \u00e9vasion sanglante de 2024<\/a>. Ce choix a suscit\u00e9 des critiques de syndicats p\u00e9nitentiaires et les r\u00e9serves du ministre de l&rsquo;Int\u00e9rieur. \u00ab\u00a0Lorsqu\u2019on parle de Mohamed Amra, l\u2019id\u00e9e qu\u2019on l\u2019extraie pour le faire voyager dans un v\u00e9hicule p\u00e9nitentiaire, c\u2019est la reviviscence de l\u2019attaque effroyable d\u2019Incarville\u00a0\u00bb, a-t-elle reconnu au micro de <a target=\"_blank\" href=\"https:\/\/www.bfmtv.com\/police-justice\/debordements-a-paris-mohamed-amra-prisons-l-interview-de-laure-beccuau-procureure-de-paris_VN-202506060246.html\" rel=\"nofollow noopener\">RMC\/BFMTV<\/a>, vendredi 6\u00a0juin 2025. \u00ab\u00a0C\u2019est, chez les agents p\u00e9nitentiaires, la crainte que les faits se reproduisent.\u00a0\u00bb<\/p>\n<p>Laure Beccuau dit \u00ab\u00a0comprendre\u00a0\u00bb cette crainte, tout comme les juges d\u2019instruction \u00ab\u00a0qui n\u2019ont cess\u00e9 de faire tous les actes utiles pour que Mohamed Amra soit interpell\u00e9, ainsi que l\u2019ensemble de ses comparses\u00a0\u00bb. L\u2019annonce de l\u2019extraction pour un interrogatoire \u00e0 Paris d\u2019Amra, <a target=\"_self\" href=\"https:\/\/www.lanouvellerepublique.fr\/a-la-une\/le-narcotrafiquant-francais-mohamed-amra-arrete-en-roumanie-neuf-mois-apres-son-evasion-en-mai-dernier-1740239806\" rel=\"nofollow noopener\">arr\u00eat\u00e9 en f\u00e9vrier en Roumanie<\/a> et d\u00e9tenu dans une prison ultras\u00e9curis\u00e9e, a suscit\u00e9 des critiques de syndicats p\u00e9nitentiaires et les r\u00e9serves du ministre de l&rsquo;Int\u00e9rieur. Ceux-ci plaidaient plut\u00f4t pour un d\u00e9placement <a target=\"_self\" href=\"https:\/\/www.lanouvellerepublique.fr\/a-la-une\/les-prisons-de-vendin-le-vieil-et-conde-sur-sarthe-vont-accueillir-200-narcotrafiquants-annonce-gerald-darmanin-1741289198\" rel=\"nofollow noopener\">dans la prison de Cond\u00e9-sur-Sarthe (Orne)<\/a> des juges d\u2019instruction de la Juridiction nationale de lutte contre le crime organis\u00e9 (Junalco) ou une audition en visioconf\u00e9rence.<\/p>\n<p>\u00ab\u00a0Les juges veulent que le dossier avance vite\u00a0\u00bb<\/p>\n<p>Si les juges ont choisi de le faire venir la semaine prochaine au tribunal judiciaire de Paris, c\u2019est \u00ab\u00a0parce qu\u2019ils veulent d\u00e9sormais que le dossier avance vite\u00a0\u00bb, a affirm\u00e9 la procureure. \u00ab\u00a0\u00c7a sera la premi\u00e8re audition de Mohamed Amra [\u2026] \u00c7a va \u00eatre le temps de ses premi\u00e8res d\u00e9clarations. On va peut-\u00eatre lui opposer des pi\u00e8ces de proc\u00e9dure, des scell\u00e9s. Il faut qu\u2019il soit enregistr\u00e9\u00a0\u00bb, a-t-elle expliqu\u00e9. \u00ab\u00a0Vous n\u2019imaginez \u00e9videmment pas trois magistrats instructeurs se d\u00e9placer avec l\u2019int\u00e9gralit\u00e9 des scell\u00e9s. Et puis il faut aussi des conditions d\u2019audition sur un interrogatoire qui va durer longtemps\u00a0\u00bb, a-t-elle poursuivi. Il sera escort\u00e9 par le GIGN, unit\u00e9 d\u2019\u00e9lite de la gendarmerie.<\/p>\n<p>Si Mohamed Amra devait, plus tard au cours de l\u2019instruction, \u00eatre confront\u00e9 \u00e0 d\u2019autres mis en examen, il devra peut-\u00eatre \u00eatre extrait \u00e0 nouveau, selon elle. \u00ab\u00a0Il y aura Mohamed Amra (et les autres suspects), leurs avocats, les escortes, les trois juges d\u2019instruction, les greffiers, une cam\u00e9ra qui doit filmer tout le monde\u00a0\u00bb, a-t-elle d\u00e9crit. \u00ab\u00a0Je ne connais pas les conditions d\u2019audition \u00e0 la prison de Cond\u00e9-sur-Sarthe, mais je doute qu\u2019il y ait une pi\u00e8ce qui soit faite \u00e0 cet effet\u00a0\u00bb, a-t-elle ajout\u00e9.<\/p>\n<p>Une quarantaine de personnes, dont le narcotrafiquant, sont mises en examen dans ce dossier tentaculaire. Les derni\u00e8res mises en examen datent du 28\u00a0mai\u00a0: deux suspects ont \u00e9t\u00e9 plac\u00e9s en d\u00e9tention provisoire, la 3e sous contr\u00f4le judiciaire, selon une source judiciaire vendredi, confirmant une information de TF1.<\/p>\n","protected":false},"excerpt":{"rendered":"La procureure de Paris, Laure Beccuau, a d\u00e9fendu le choix des juges de faire venir Mohamed Amra \u00e0&hellip;\n","protected":false},"author":2,"featured_media":156224,"comment_status":"","ping_status":"","sticky":false,"template":"","format":"standard","meta":{"footnotes":""},"categories":[1888],"tags":[328,11,1052,1777,674,274,1011,27,329,12,626,25],"class_list":{"0":"post-156223","1":"post","2":"type-post","3":"status-publish","4":"format-standard","5":"has-post-thumbnail","7":"category-paris","8":"tag-a-la-une","9":"tag-actualites","10":"tag-drogue","11":"tag-eu","12":"tag-europe","13":"tag-faits-divers-justice","14":"tag-fr","15":"tag-france","16":"tag-france-monde","17":"tag-news","18":"tag-paris","19":"tag-republique-francaise"},"share_on_mastodon":{"url":"https:\/\/pubeurope.com\/@fr\/114635845447211407","error":""},"_links":{"self":[{"href":"https:\/\/www.europesays.com\/fr\/wp-json\/wp\/v2\/posts\/156223","targetHints":{"allow":["GET"]}}],"collection":[{"href":"https:\/\/www.europesays.com\/fr\/wp-json\/wp\/v2\/posts"}],"about":[{"href":"https:\/\/www.europesays.com\/fr\/wp-json\/wp\/v2\/types\/post"}],"author":[{"embeddable":true,"href":"https:\/\/www.europesays.com\/fr\/wp-json\/wp\/v2\/users\/2"}],"replies":[{"embeddable":true,"href":"https:\/\/www.europesays.com\/fr\/wp-json\/wp\/v2\/comments?post=156223"}],"version-history":[{"count":0,"href":"https:\/\/www.europesays.com\/fr\/wp-json\/wp\/v2\/posts\/156223\/revisions"}],"wp:featuredmedia":[{"embeddable":true,"href":"https:\/\/www.europesays.com\/fr\/wp-json\/wp\/v2\/media\/156224"}],"wp:attachment":[{"href":"https:\/\/www.europesays.com\/fr\/wp-json\/wp\/v2\/media?parent=156223"}],"wp:term":[{"taxonomy":"category","embeddable":true,"href":"https:\/\/www.europesays.com\/fr\/wp-json\/wp\/v2\/categories?post=156223"},{"taxonomy":"post_tag","embeddable":true,"href":"https:\/\/www.europesays.com\/fr\/wp-json\/wp\/v2\/tags?post=156223"}],"curies":[{"name":"wp","href":"https:\/\/api.w.org\/{rel}","templated":true}]}}