{"id":156227,"date":"2025-06-06T10:03:17","date_gmt":"2025-06-06T10:03:17","guid":{"rendered":"https:\/\/www.europesays.com\/fr\/156227\/"},"modified":"2025-06-06T10:03:17","modified_gmt":"2025-06-06T10:03:17","slug":"un-pompier-retrouve-les-corps-de-sa-femme-sa-fille-et-son-petit-fils-lors-dune-intervention","status":"publish","type":"post","link":"https:\/\/www.europesays.com\/fr\/156227\/","title":{"rendered":"un pompier retrouve les corps de sa femme, sa fille et son petit-fils lors d&rsquo;une intervention"},"content":{"rendered":"<p>La guerre en Ukraine continue de ravager des vies laissant derri\u00e8re elle des sc\u00e8nes d\u2019horreur. Dans la ville de Pryluky, une <a href=\"https:\/\/www.laprovence.com\/article\/france-monde\/68347666635298\/la-russie-bombarde-massivement-lukraine-au-moins-quatre-morts-a-kiev\" target=\"_blank\" rel=\"nofollow noopener\">attaque de drone russe<\/a> a frapp\u00e9 un immeuble r\u00e9sidentiel dans la nuit de mercredi \u00e0 jeudi, causant la mort d\u2019au moins cinq personnes et blessant neuf autres <a href=\"https:\/\/edition.cnn.com\/2025\/06\/05\/world\/ukraine-firefighter-family-russia-attack-intl\" target=\"_blank\" rel=\"nofollow noopener\">selon CNN<\/a>.<\/p>\n<p>Une famille effac\u00e9e<strong\/><\/p>\n<p>Parmi les victimes, trois appartenaient \u00e0 la m\u00eame famille\u00a0: une jeune femme de 25\u00a0ans, son fils \u00e2g\u00e9 d\u2019un an et sa m\u00e8re de 46\u00a0ans. Mais cette histoire prend une dimension encore plus tragique lorsqu\u2019on apprend que le p\u00e8re de la jeune femme, pompier et chef de la brigade locale, \u00e9tait en service au moment de la frappe.<\/p>\n<p>Envoy\u00e9 sur les lieux pour \u00e9teindre les incendies provoqu\u00e9s par l\u2019explosion, c\u2019est lui qui a retrouv\u00e9 les corps de son \u00e9pouse, de sa fille et de son petit-fils sous les restes de leur r\u00e9sidence br\u00fbl\u00e9e.<\/p>\n<p>La jeune femme \u00e9tait polici\u00e8re. Engag\u00e9e dans les forces de l\u2019ordre, elle \u00e9tait reconnue pour son s\u00e9rieux et son engagement. Son mari, \u00e9galement policier n\u2019\u00e9tait pas pr\u00e9sent lors de l\u2019attaque. Les pompiers et les forces de l\u2019ordre locales lui ont rendu hommage, profond\u00e9ment touch\u00e9s par cette perte multiple.<\/p>\n<p>632 enfants ukrainiens tu\u00e9s lors du conflit<strong\/><\/p>\n<p><a href=\"https:\/\/www.laprovence.com\/article\/france-monde\/2909870296323114\/guerre-en-ukraine-trump-serait-pret-a-rencontrer-zelensky-et-poutine-en-turquie\" target=\"_blank\" rel=\"nofollow noopener\">Volodymyr Zelenski<\/a> a confirm\u00e9 la mort du petit gar\u00e7on et a affirm\u00e9 qu\u2019il s\u2019agit du 632\u00e8me enfant tu\u00e9 depuis le d\u00e9but de l\u2019invasion russe en f\u00e9vrier\u00a02022. Il a \u00e9galement d\u00e9nonc\u00e9 une nouvelle frappe massive de plus de cent drones et un missile balistique ayant vis\u00e9 plusieurs r\u00e9gions. Sur Telegram, le pr\u00e9sident ukrainien a d\u00e9clar\u00e9\u00a0: \u00ab\u00a0Il s\u2019agit d\u2019une nouvelle frappe massive de terroristes. Des terroristes russes qui tuent notre peuple chaque nuit \u00ab\u00a0.<\/p>\n<p>\u00c0 travers ce drame, c\u2019est une nouvelle fois la brutalit\u00e9 de ce conflit qui s\u2019impose\u00a0: une famille enti\u00e8re d\u00e9cim\u00e9e en une nuit, symbole de cette guerre.<\/p>\n","protected":false},"excerpt":{"rendered":"La guerre en Ukraine continue de ravager des vies laissant derri\u00e8re elle des sc\u00e8nes d\u2019horreur. Dans la ville&hellip;\n","protected":false},"author":2,"featured_media":156228,"comment_status":"","ping_status":"","sticky":false,"template":"","format":"standard","meta":{"footnotes":""},"categories":[1590],"tags":[17,11,6725,1777,674,1294,329,1146,151,12,4775,4256,220],"class_list":{"0":"post-156227","1":"post","2":"type-post","3":"status-publish","4":"format-standard","5":"has-post-thumbnail","7":"category-ukraine","8":"tag-17","9":"tag-actualites","10":"tag-corps","11":"tag-eu","12":"tag-europe","13":"tag-femme","14":"tag-france-monde","15":"tag-guerre","16":"tag-les","17":"tag-news","18":"tag-pompier","19":"tag-retrouve","20":"tag-ukraine"},"share_on_mastodon":{"url":"https:\/\/pubeurope.com\/@fr\/114635853261748180","error":""},"_links":{"self":[{"href":"https:\/\/www.europesays.com\/fr\/wp-json\/wp\/v2\/posts\/156227","targetHints":{"allow":["GET"]}}],"collection":[{"href":"https:\/\/www.europesays.com\/fr\/wp-json\/wp\/v2\/posts"}],"about":[{"href":"https:\/\/www.europesays.com\/fr\/wp-json\/wp\/v2\/types\/post"}],"author":[{"embeddable":true,"href":"https:\/\/www.europesays.com\/fr\/wp-json\/wp\/v2\/users\/2"}],"replies":[{"embeddable":true,"href":"https:\/\/www.europesays.com\/fr\/wp-json\/wp\/v2\/comments?post=156227"}],"version-history":[{"count":0,"href":"https:\/\/www.europesays.com\/fr\/wp-json\/wp\/v2\/posts\/156227\/revisions"}],"wp:featuredmedia":[{"embeddable":true,"href":"https:\/\/www.europesays.com\/fr\/wp-json\/wp\/v2\/media\/156228"}],"wp:attachment":[{"href":"https:\/\/www.europesays.com\/fr\/wp-json\/wp\/v2\/media?parent=156227"}],"wp:term":[{"taxonomy":"category","embeddable":true,"href":"https:\/\/www.europesays.com\/fr\/wp-json\/wp\/v2\/categories?post=156227"},{"taxonomy":"post_tag","embeddable":true,"href":"https:\/\/www.europesays.com\/fr\/wp-json\/wp\/v2\/tags?post=156227"}],"curies":[{"name":"wp","href":"https:\/\/api.w.org\/{rel}","templated":true}]}}