{"id":156229,"date":"2025-06-06T10:04:25","date_gmt":"2025-06-06T10:04:25","guid":{"rendered":"https:\/\/www.europesays.com\/fr\/156229\/"},"modified":"2025-06-06T10:04:25","modified_gmt":"2025-06-06T10:04:25","slug":"donald-trump-prone-le-made-in-usa-mais-les-etats-unis-en-sont-ils-seulement-capables","status":"publish","type":"post","link":"https:\/\/www.europesays.com\/fr\/156229\/","title":{"rendered":"Donald Trump pr\u00f4ne le \u00ab\u00a0Made in USA\u00a0\u00bb, mais les \u00c9tats-Unis en sont-ils seulement capables?"},"content":{"rendered":"<p>En misant sur des hausses massives des <a href=\"https:\/\/www.geo.fr\/geopolitique\/face-aux-droits-de-douane-de-trump-l-inquietude-des-producteurs-de-tequila-224959\" rel=\"nofollow noopener\" target=\"_blank\">droits de douane<\/a>, Donald Trump esp\u00e8re ramener les usines et les emplois sur le sol am\u00e9ricain. Cette strat\u00e9gie de <a href=\"https:\/\/www.geo.fr\/geopolitique\/stockages-massifs-relocalisations-les-entreprises-americaines-se-preparent-a-la-guerre-douaniere-de-trump-a-la-chine-223287\" rel=\"nofollow noopener\" target=\"_blank\">relocalisation<\/a> s\u00e9duit certains entrepreneurs comme Sanjeev Bahl, patron de l\u2019entreprise Saitex, qui g\u00e8re une usine de jeans \u00e0 Los Angeles, o\u00f9 n\u2019est pourtant produit que 10 \u00e0 20 % de sa production totale. Le reste continue de venir du Vietnam, o\u00f9 son usine principale fabrique 500 000 jeans par mois. \u00ab\u00a0L\u2019Am\u00e9rique peut fabriquer \u00e0 nouveau\u00a0\u00bb, affirme-t-il au <a href=\"https:\/\/www.nytimes.com\/2025\/06\/04\/business\/trump-us-manufacturing.html\" target=\"_blank\" rel=\"nofollow noopener\">New York Times<\/a>, mais cela reste visiblement tr\u00e8s difficile lorsque la cha\u00eene d\u2019approvisionnement compl\u00e8te n&rsquo;est pas pr\u00e9sente sur le territoire.<\/p>\n<p>Le probl\u00e8me est que les \u00c9tats-Unis n\u2019ont plus l\u2019\u00e9cosyst\u00e8me n\u00e9cessaire : pas assez de travailleurs, pas de fournisseurs de boutons ou de fermetures \u00e9clair \u00e0 grande \u00e9chelle et peu de formation industrielle. \u00ab\u00a0Il y a un \u00e9cart entre la vision id\u00e9alis\u00e9e du &lsquo;Made in USA&rsquo; et la r\u00e9alit\u00e9 du march\u00e9\u00a0\u00bb, explique Steve Lamar, directeur de l\u2019American Apparel and Footwear Association, interrog\u00e9 par le journal.<\/p>\n<p>\t\t\t\t\t    <img decoding=\"async\" src=\"https:\/\/www.europesays.com\/fr\/wp-content\/uploads\/2025\/06\/bientot-la-troisieme-mine-de-cuivre-au-monde-2b244.jpg\"  class=\"apply-ratio\" title=\"Bient\u00f4t la troisi\u00e8me mine de cuivre au monde\"\/> \t\t<\/p>\n<p> Mongolie : dans le d\u00e9sert de Gobi, des nomades mongols face \u00e0 un Goliath industr\t<\/p>\n<p>En outre, les ouvriers co\u00fbtent bien plus cher aux <a href=\"https:\/\/www.geo.fr\/geopolitique\/une-revolution-sous-les-mers-les-etats-unis-misent-sur-un-systeme-de-lutte-anti-sous-marins-sans-gps-226709\" rel=\"nofollow noopener\" target=\"_blank\">\u00c9tats-Unis<\/a>. Un op\u00e9rateur gagne environ 4 000 dollars par mois \u00e0 Los Angeles, contre 500 au Vietnam. R\u00e9sultat, beaucoup d\u2019entreprises h\u00e9sitent \u00e0 relocaliser.<\/p>\n<p>Un \u00e9quilibre fragile entre production locale et importations<\/p>\n<p>Les politiques commerciales de l\u2019administration <a href=\"https:\/\/www.geo.fr\/geopolitique\/trump-se-cherche-des-allies-en-europe-pour-essayer-de-demanteler-l-union-europeenne-de-l-interieur-l-alerte-d-un-politologue-francais-226683\" rel=\"nofollow noopener\" target=\"_blank\">Trump<\/a>, notamment les droits de douane ciblant les pays asiatiques producteurs de v\u00eatements, comme le Vietnam, compliquent encore la donne. Ces taxes, jug\u00e9es ill\u00e9gales par un tribunal am\u00e9ricain mais toujours en suspens, fragilisent les mod\u00e8les \u00e9conomiques hybrides. Saitex, par exemple, exp\u00e9die du coton am\u00e9ricain au Vietnam pour y \u00eatre transform\u00e9 en tissu, avant de le r\u00e9importer aux \u00c9tats-Unis pour la confection finale. Impossible de faire tourner l\u2019usine de Los Angeles sans ces \u00e9changes internationaux. La soci\u00e9t\u00e9 se retrouve coinc\u00e9e.<\/p>\n<p>Malgr\u00e9 la volont\u00e9 politique affich\u00e9e, relocaliser la production reste une op\u00e9ration co\u00fbteuse et incertaine. Le patron de Saitex a investi 150 millions de dollars au Vietnam dans une usine performante et \u00e9cologique. En comparaison, seuls 25 millions ont \u00e9t\u00e9 consacr\u00e9s \u00e0 l\u2019usine am\u00e9ricaine, dont la rentabilit\u00e9 est estim\u00e9e \u00e0 sept ans.<\/p>\n<p>Si les taxes sur le Vietnam sont maintenues, Sanjeev Bahl envisage de rediriger sa <a href=\"https:\/\/www.geo.fr\/environnement\/terres-rares-cette-production-hors-de-chine-qui-defie-la-domination-de-pekin-226725\" rel=\"nofollow noopener\" target=\"_blank\">production<\/a> vers l\u2019Europe, qui repr\u00e9sente d\u00e9j\u00e0 une part importante de ses ventes. \u00ab\u00a0Mais alors, que va-t-il advenir de notre usine ici, \u00e0 Los Angeles ?\u00a0\u00bb, demande-t-il. Le retour massif des usines dans le pays de l\u2019Oncle Sam semble encore hors de port\u00e9e.<\/p><\/p>\n","protected":false},"excerpt":{"rendered":"En misant sur des hausses massives des droits de douane, Donald Trump esp\u00e8re ramener les usines et les&hellip;\n","protected":false},"author":2,"featured_media":156230,"comment_status":"","ping_status":"","sticky":false,"template":"","format":"standard","meta":{"footnotes":""},"categories":[1589],"tags":[11,215,312,75,981,73,1866,693,12,316,1864,1865,1863,308],"class_list":{"0":"post-156229","1":"post","2":"type-post","3":"status-publish","4":"format-standard","5":"has-post-thumbnail","7":"category-etats-unis","8":"tag-actualites","9":"tag-commerce","10":"tag-diplomatie","11":"tag-donald-trump","12":"tag-douane","13":"tag-etats-unis","14":"tag-etats-unis-damerique","15":"tag-industrie","16":"tag-news","17":"tag-politique","18":"tag-united-states","19":"tag-united-states-of-america","20":"tag-us","21":"tag-usa"},"share_on_mastodon":{"url":"https:\/\/pubeurope.com\/@fr\/114635858466503679","error":""},"_links":{"self":[{"href":"https:\/\/www.europesays.com\/fr\/wp-json\/wp\/v2\/posts\/156229","targetHints":{"allow":["GET"]}}],"collection":[{"href":"https:\/\/www.europesays.com\/fr\/wp-json\/wp\/v2\/posts"}],"about":[{"href":"https:\/\/www.europesays.com\/fr\/wp-json\/wp\/v2\/types\/post"}],"author":[{"embeddable":true,"href":"https:\/\/www.europesays.com\/fr\/wp-json\/wp\/v2\/users\/2"}],"replies":[{"embeddable":true,"href":"https:\/\/www.europesays.com\/fr\/wp-json\/wp\/v2\/comments?post=156229"}],"version-history":[{"count":0,"href":"https:\/\/www.europesays.com\/fr\/wp-json\/wp\/v2\/posts\/156229\/revisions"}],"wp:featuredmedia":[{"embeddable":true,"href":"https:\/\/www.europesays.com\/fr\/wp-json\/wp\/v2\/media\/156230"}],"wp:attachment":[{"href":"https:\/\/www.europesays.com\/fr\/wp-json\/wp\/v2\/media?parent=156229"}],"wp:term":[{"taxonomy":"category","embeddable":true,"href":"https:\/\/www.europesays.com\/fr\/wp-json\/wp\/v2\/categories?post=156229"},{"taxonomy":"post_tag","embeddable":true,"href":"https:\/\/www.europesays.com\/fr\/wp-json\/wp\/v2\/tags?post=156229"}],"curies":[{"name":"wp","href":"https:\/\/api.w.org\/{rel}","templated":true}]}}