{"id":156241,"date":"2025-06-06T10:10:09","date_gmt":"2025-06-06T10:10:09","guid":{"rendered":"https:\/\/www.europesays.com\/fr\/156241\/"},"modified":"2025-06-06T10:10:09","modified_gmt":"2025-06-06T10:10:09","slug":"gaza-un-genocide-par-lhistorien-robert-hirsch-liberation","status":"publish","type":"post","link":"https:\/\/www.europesays.com\/fr\/156241\/","title":{"rendered":"Gaza, un g\u00e9nocide ? par l\u2019historien Robert Hirsch &#8211; Lib\u00e9ration"},"content":{"rendered":"<ol>\n<li><a href=\"https:\/\/news.google.com\/rss\/articles\/CBMipwFBVV95cUxPTFFnakFUUlBIVHRXTDhCam9yRVBvQ2ItVVNLWDBkcDBzTGZiaFVvdVFvLVRWLUNlcGQtR2ZTSFpFQVQ5OVlMdlNPSncxa0Z2SzFuckhWT3pYOC1QVFBmcHk3TTRPUHVET1JpcUcySlNmWENtSUZzQmdheVMzS3dSdWpEUGd4a1VSMjIxMC0xbld3b0Z4Z3FFX2QwcDdraElPR0o3ZWcyQQ?oc=5\" target=\"_blank\" rel=\"noopener\">Gaza, un g\u00e9nocide ? par l\u2019historien Robert Hirsch<\/a>&nbsp;&nbsp;Lib\u00e9ration<\/li>\n<li><a href=\"https:\/\/news.google.com\/rss\/articles\/CBMiigJBVV95cUxNdFFDVWJmeHlPZkQ5N0U4dHlyTS1HZUo5Vi1iNUdSMHZBcDNQend1LVpwcTFkQUFFYkpvSXVUSlZlRnZ1RVlQdkw1VTl4d2V2cGxTQWoyeTROWWpBV1VNSHhoWUpHT0ZOQ1JMRGNES3RTd1lkdmhXdDZJTHJoUEZzS0xQVHRyZEJhQ3E2TjhTQTNfTlJLTW84MjlvekZRR0FyZGNNYzJTQ2t3aUotOXk3dVdGRmlnV2ZKbWN5cWlwdlBDYXpjczRKcVNZc1lMSGFyb2xVa3RSdkV3azhOcEd6WVFIaEV1WkF5R2FoYmY5cEhCbk50QjJJb0llRHV1ZjBZblZ4b1oxLU9NUQ?oc=5\" target=\"_blank\" rel=\"noopener\">Gaza : \u00ab\u00a0On va vers un nettoyage ethnique aujourd&rsquo;hui\u00a0\u00bb, d\u00e9nonce l&rsquo;ancien ministre des Affaires \u00e9trang\u00e8res Jean-Yves Le Drian<\/a>&nbsp;&nbsp;France Info<\/li>\n<li><a href=\"https:\/\/news.google.com\/rss\/articles\/CBMi8gFBVV95cUxOd2oxdFFVd1VaaWJNQ2U3ZktIX1dBM1lMOGFNcXZMUklZdXFXUjhmX01vdXRCalM2MmxCcXBJbE1NQnZjSnZfYUg1Y1J1N1cwMFR5UXprOWVhYnFjVUNlc2FQSC1WaEYwQVBaS2IyYzhiVlFBbWZHdUs5Sk9SU09oSU53c1IwSGhnZmVZLVVSYTZYVjc5S2pvelRHa0lpNTFUb0VwVVpwNjNEd3RTUHBORDkzMkhtNlBsM2lfWVRmSFJCbzVQUjUyQkNjVzVEaDkyZFZFMzR4MGdSVGFpNlJUVnBJWGZMXzIzRU0xZGV5SkZKZw?oc=5\" target=\"_blank\" rel=\"noopener\">\u00ab\u00a0Vers un nettoyage ethnique\u00a0\u00bb \u00e0 Gaza: Jean-Yves Le Drian estime qu&rsquo;Isra\u00ebl est \u00ab\u00a0en train de devenir un \u00c9tat paria\u00a0\u00bb<\/a>&nbsp;&nbsp;BFMTV<\/li>\n<li><a href=\"https:\/\/news.google.com\/rss\/articles\/CBMiuwFBVV95cUxNdG01WS1Ob1FVazUxMVljTHZyNUs0NWtUOFRYTVk1d2dQSnpZRktlNWkzTEtEX2Vfb0ZXUl9kdFJHWDlXNXhlakI0dXBYUVZDaEZqRTRSeVhkQjZIN0NJMWtxZGpJMzN1a3FjSmxoVkNUZzZnTFUzRm1URTRIdkt1MncxUmMybnFLeVJ5a1pOS205blNaN0t5b0JMUkRDcDByUzU0LUJXekdta01lOGFSREpza0ZmNkRoMFNr?oc=5\" target=\"_blank\" rel=\"noopener\">Laure Mandeville : \u00abIsra\u00ebl isol\u00e9 apr\u00e8s ses victoires militaires sur sept fronts\u00bb<\/a>&nbsp;&nbsp;Le Figaro<\/li>\n<li><a href=\"https:\/\/news.google.com\/rss\/articles\/CBMiwwFBVV95cUxQSmJvWUg2dTRST1Q1bXJWYnNTUVNhRU9wUklJNkxnUG0yZU04SjM2NU5xRF9ndE9vWHVNZy1ZTi1lQlo1VmhPTDItdWVDSVRmZUJkSXB0RmZqTEFNeHZHcGFZb0FHbEg1TzhfNUhxRHhscW1CaTF2OVo3RkVjOUU1M3lieXNNdHBpZmxaRVRBWDdxSkFiSHBsVVRYUERKT3dvWVgyR3R1MGVXYm4xa2lUS2Y0dnVaQ1JKQ0IyYWdkNFBrbTQ?oc=5\" target=\"_blank\" rel=\"noopener\">Ehoud Olmert : \u00ab Isra\u00ebl commet bien des crimes de guerre \u00e0 Gaza \u00bb<\/a>&nbsp;&nbsp;Le Monde.fr<\/li>\n<\/ol>\n","protected":false},"excerpt":{"rendered":"Gaza, un g\u00e9nocide ? par l\u2019historien Robert Hirsch&nbsp;&nbsp;Lib\u00e9ration Gaza : \u00ab\u00a0On va vers un nettoyage ethnique aujourd&rsquo;hui\u00a0\u00bb, d\u00e9nonce&hellip;\n","protected":false},"author":2,"featured_media":156242,"comment_status":"","ping_status":"","sticky":false,"template":"","format":"standard","meta":{"footnotes":""},"categories":[2],"tags":[11,9268,1011,27,3517,664,3523,12,25],"class_list":{"0":"post-156241","1":"post","2":"type-post","3":"status-publish","4":"format-standard","5":"has-post-thumbnail","7":"category-actualites","8":"tag-actualites","9":"tag-droits-humain","10":"tag-fr","11":"tag-france","12":"tag-gaza-l-escalade","13":"tag-israel","14":"tag-israel-palestine-conflit","15":"tag-news","16":"tag-republique-francaise"},"share_on_mastodon":{"url":"https:\/\/pubeurope.com\/@fr\/114635880758263690","error":""},"_links":{"self":[{"href":"https:\/\/www.europesays.com\/fr\/wp-json\/wp\/v2\/posts\/156241","targetHints":{"allow":["GET"]}}],"collection":[{"href":"https:\/\/www.europesays.com\/fr\/wp-json\/wp\/v2\/posts"}],"about":[{"href":"https:\/\/www.europesays.com\/fr\/wp-json\/wp\/v2\/types\/post"}],"author":[{"embeddable":true,"href":"https:\/\/www.europesays.com\/fr\/wp-json\/wp\/v2\/users\/2"}],"replies":[{"embeddable":true,"href":"https:\/\/www.europesays.com\/fr\/wp-json\/wp\/v2\/comments?post=156241"}],"version-history":[{"count":0,"href":"https:\/\/www.europesays.com\/fr\/wp-json\/wp\/v2\/posts\/156241\/revisions"}],"wp:featuredmedia":[{"embeddable":true,"href":"https:\/\/www.europesays.com\/fr\/wp-json\/wp\/v2\/media\/156242"}],"wp:attachment":[{"href":"https:\/\/www.europesays.com\/fr\/wp-json\/wp\/v2\/media?parent=156241"}],"wp:term":[{"taxonomy":"category","embeddable":true,"href":"https:\/\/www.europesays.com\/fr\/wp-json\/wp\/v2\/categories?post=156241"},{"taxonomy":"post_tag","embeddable":true,"href":"https:\/\/www.europesays.com\/fr\/wp-json\/wp\/v2\/tags?post=156241"}],"curies":[{"name":"wp","href":"https:\/\/api.w.org\/{rel}","templated":true}]}}