{"id":156249,"date":"2025-06-06T10:16:08","date_gmt":"2025-06-06T10:16:08","guid":{"rendered":"https:\/\/www.europesays.com\/fr\/156249\/"},"modified":"2025-06-06T10:16:08","modified_gmt":"2025-06-06T10:16:08","slug":"laurore-vitre-dans-lincertitude-apres-son-rendez-vous-a-la-federation","status":"publish","type":"post","link":"https:\/\/www.europesays.com\/fr\/156249\/","title":{"rendered":"l\u2019Aurore Vitr\u00e9 dans l\u2019incertitude apr\u00e8s son rendez-vous \u00e0 la f\u00e9d\u00e9ration"},"content":{"rendered":"<p>            Par<br \/>\n        <strong><br \/>\n            <a href=\"https:\/\/actu.fr\/auteur\/maxime-turberville\" title=\"Consulter tous les articles de Maxime Turberville\" target=\"_blank\" rel=\"noopener\">Maxime Turberville<\/a><br \/>\n        <\/strong><\/p>\n<p>        Publi\u00e9 le<\/p>\n<p>            6 juin 2025 \u00e0 11h14        <\/p>\n<p>L\u2019annonce a surpris, mardi 27\u00a0mai 2025. Ce jour-l\u00e0, la <b>F\u00e9d\u00e9ration fran\u00e7aise de basket-ball<\/b> a annonc\u00e9 la <a href=\"https:\/\/actu.fr\/bretagne\/vitre_35360\/basket-n1m-laurore-vitre-retrogradee-en-regional-le-club-fait-appel_62696324.html\" target=\"_blank\" rel=\"noopener\">r\u00e9trogradation provisoire <\/a>de l<b>\u2019Aurore Vitr\u00e9 Basket Bretagne<\/b>\u00a0en\u00a0<b>championnat r\u00e9gional <\/b>apr\u00e8s une audition de la Commission de contr\u00f4le de gestion.<\/p>\n<p class=\" wall-content\">Une d\u00e9cision lourde pour ce club historique de <b>NM1.<\/b><\/p>\n<p>De nouveaux documents \u00e0 transmettre<\/p>\n<p class=\" wall-content\">Le recours de l\u2019AVBB a \u00e9t\u00e9 \u00e9tudi\u00e9 par la <b>Chambre d\u2019appel <\/b>de la FFBB, jeudi 5 juin. Les dirigeants du club se sont rendus \u00e0 Paris en pr\u00e9sentant des documents.\u00a0<\/p>\n<p class=\" wall-content\">\u00ab\u2009La FFBB a reconnu les <b>efforts importants<\/b> r\u00e9alis\u00e9s pour structurer et p\u00e9renniser le projet du club. Cependant \u00e0 ce stade, <b>aucune d\u00e9cision d\u00e9finitive<\/b> n\u2019a encore \u00e9t\u00e9 rendue\u2009\u00bb, confie Yvan Blin, le pr\u00e9sident de l\u2019AVBB.<\/p>\n<p class=\" wall-content\">Le dirigeant explique que La Chambre d\u2019appel a exprim\u00e9 le besoin d\u2019obtenir des \u00ab<b>\u2009garanties suppl\u00e9mentaires<\/b> en particulier sous forme d\u2019attestations d\u2019engagement\u2009\u00bb de la part de ses partenaires et soutiens.<\/p>\n<p>Vid\u00e9os : en ce moment sur Actu<\/p>\n<p class=\" wall-content\">\u00ab\u2009Pour finaliser notre dossier, nous devons donc transmettre, <b>avant le mercredi 11\u00a0juin,<\/b> un certain nombre d\u2019attestations \u00e9crites mentionnant les intentions de soutien au club\u2009\u00bb, conclut Yvan Blin.<\/p>\n<p class=\" wall-content\">Suivez toute l\u2019actualit\u00e9 de vos villes et m\u00e9dias favoris en vous inscrivant \u00e0 <a href=\"https:\/\/moncompte.actu.fr\" title=\"D\u00e9couvez Mon Actu\" rel=\"nofollow noopener\" data-trk=\"{&quot;cta&quot;:{&quot;action&quot;:&quot;https:\\\/\\\/moncompte.actu.fr&quot;,&quot;category&quot;:&quot;mon compte&quot;,&quot;from&quot;:&quot;article footer&quot;,&quot;name&quot;:&quot;Mon actu&quot;,&quot;type&quot;:&quot;cta&quot;}}\" target=\"_blank\">Mon Actu<\/a>.<\/p>\n","protected":false},"excerpt":{"rendered":"Par Maxime Turberville Publi\u00e9 le 6 juin 2025 \u00e0 11h14 L\u2019annonce a surpris, mardi 27\u00a0mai 2025. Ce jour-l\u00e0,&hellip;\n","protected":false},"author":2,"featured_media":156250,"comment_status":"","ping_status":"","sticky":false,"template":"","format":"standard","meta":{"footnotes":""},"categories":[1414],"tags":[27426,1465,1464,1011,27,60],"class_list":{"0":"post-156249","1":"post","2":"type-post","3":"status-publish","4":"format-standard","5":"has-post-thumbnail","7":"category-basket","8":"tag-aurore-basket","9":"tag-basket","10":"tag-basketball","11":"tag-fr","12":"tag-france","13":"tag-sports"},"share_on_mastodon":{"url":"https:\/\/pubeurope.com\/@fr\/114635904355137570","error":""},"_links":{"self":[{"href":"https:\/\/www.europesays.com\/fr\/wp-json\/wp\/v2\/posts\/156249","targetHints":{"allow":["GET"]}}],"collection":[{"href":"https:\/\/www.europesays.com\/fr\/wp-json\/wp\/v2\/posts"}],"about":[{"href":"https:\/\/www.europesays.com\/fr\/wp-json\/wp\/v2\/types\/post"}],"author":[{"embeddable":true,"href":"https:\/\/www.europesays.com\/fr\/wp-json\/wp\/v2\/users\/2"}],"replies":[{"embeddable":true,"href":"https:\/\/www.europesays.com\/fr\/wp-json\/wp\/v2\/comments?post=156249"}],"version-history":[{"count":0,"href":"https:\/\/www.europesays.com\/fr\/wp-json\/wp\/v2\/posts\/156249\/revisions"}],"wp:featuredmedia":[{"embeddable":true,"href":"https:\/\/www.europesays.com\/fr\/wp-json\/wp\/v2\/media\/156250"}],"wp:attachment":[{"href":"https:\/\/www.europesays.com\/fr\/wp-json\/wp\/v2\/media?parent=156249"}],"wp:term":[{"taxonomy":"category","embeddable":true,"href":"https:\/\/www.europesays.com\/fr\/wp-json\/wp\/v2\/categories?post=156249"},{"taxonomy":"post_tag","embeddable":true,"href":"https:\/\/www.europesays.com\/fr\/wp-json\/wp\/v2\/tags?post=156249"}],"curies":[{"name":"wp","href":"https:\/\/api.w.org\/{rel}","templated":true}]}}