{"id":156266,"date":"2025-06-06T10:25:10","date_gmt":"2025-06-06T10:25:10","guid":{"rendered":"https:\/\/www.europesays.com\/fr\/156266\/"},"modified":"2025-06-06T10:25:10","modified_gmt":"2025-06-06T10:25:10","slug":"didier-barbelivien-au-plus-mal-le-chanteur-hospitalise-durgence-en-soins-intensifs","status":"publish","type":"post","link":"https:\/\/www.europesays.com\/fr\/156266\/","title":{"rendered":"Didier Barbelivien au plus mal ? Le chanteur hospitalis\u00e9 d\u2019urgence en soins intensifs"},"content":{"rendered":"<p>Depuis quelques heures, l\u2019inqui\u00e9tude enfle autour de l\u2019\u00e9tat de<br \/>\nsant\u00e9 de <a href=\"https:\/\/www.closermag.fr\/people\/didier-barbelivien-a-quoi-ressemble-sa-superbe-maison-de-campagne-dans-les-yvelines-3546329\" target=\"_blank\" rel=\"noopener\"><br \/>\nDidier Barbelivien.<\/a> Selon les informations de France Dimanche,<br \/>\nle chanteur embl\u00e9matique aurait \u00e9t\u00e9 hospitalis\u00e9 d\u2019urgence et plac\u00e9<br \/>\n<strong>en soins intensifs.<\/strong> Le chanteur aurait \u00e9prouv\u00e9 de<br \/>\ngrandes difficult\u00e9s \u00e0 respirer. Il aurait souffert d&rsquo;un d\u00e9collement<br \/>\nde la pl\u00e8vre, qui survient en cas de pneumothorax. Cette pathologie<br \/>\ntouche particuli\u00e8rement les fumeurs. Ses jours ne seraient<br \/>\nd\u00e9sormais plus en danger toujours d&rsquo;apr\u00e8s nos confr\u00e8res. Mais<br \/>\n<a href=\"https:\/\/www.closermag.fr\/people\/de-quoi-j-allais-lui-parler-didier-barbelivien-se-livre-sur-laura-sa-femme-beaucoup-plus-jeune-que-lui-1671446#item=1\" target=\"_blank\" rel=\"noopener\"><br \/>\nsa femme, Laure<\/a> et ses deux filles, seraient toujours sous le<br \/>\nchoc.<\/p>\n<p>Pour le moment, les d\u00e9tails de cette hospitalisation restent<br \/>\nflous, et <strong>aucune communication officielle<\/strong> n\u2019a pour<br \/>\nl\u2019instant \u00e9t\u00e9 faite par ses proches ou son entourage professionnel.<br \/>\nFace \u00e0 la situation, les fans de l&rsquo;artiste se sont rapidement<br \/>\nempar\u00e9s des r\u00e9seaux sociaux, alimentant les sp\u00e9culations et<br \/>\nl\u2019inqui\u00e9tude. Ils sont nombreux \u00e0 lui t\u00e9moigner leur soutien et<br \/>\nesp\u00e8rent obtenir des nouvelles rassurantes dans les prochaines<br \/>\nheures.<\/p>\n<p>L&rsquo;hospitalisation de Didier Barbelivien en 2020<\/p>\n<p>En 2020, Didier Barbelivien avait d\u00e9j\u00e0 v\u00e9cu un \u00e9v\u00e8nement<br \/>\nparticuli\u00e8rement traumatisant. Hospitalis\u00e9 pour \u00eatre op\u00e9r\u00e9 des<br \/>\ncordes vocales, <a href=\"https:\/\/www.closermag.fr\/people\/didier-barbelivien-j-ai-perdu-le-controle-de-mes-gestes-son-recit-glacant-du-jour-ou-il-a-failli-mourir-1688469#item=1\" target=\"_blank\" rel=\"noopener\"><br \/>\nil avait failli mourir<\/a> apr\u00e8s <strong>fait une<br \/>\nseptic\u00e9mie<\/strong>. Il s&rsquo;agit d&rsquo;une infection grave qui se propage<br \/>\ndans l&rsquo;organisme par voie sanguine. En janvier 2023, sur le plateau<br \/>\nde \u00c7a commence aujourd&rsquo;hui, sur France 2, il s&rsquo;\u00e9tait<br \/>\nrem\u00e9mor\u00e9 cet \u00e9pisode : \u00ab\u00a0J&rsquo;attendais calmement dans ma chambre<br \/>\nque l&rsquo;infirmi\u00e8re vienne de me dire, &lsquo;Mettez votre tenue, Mr<br \/>\nBarbelivien.&rsquo; Je n&rsquo;ai aucune appr\u00e9hension des op\u00e9rations. J&rsquo;ai<br \/>\nconfiance en la m\u00e9decine, le chirurgien, \u00e0 tout \u00e7a.\u00a0\u00bb<\/p>\n<p>Face \u00e0 Faustine Bollaert, Didier Barbelivien avait pr\u00e9cis\u00e9 :<br \/>\n\u00ab\u00a0Et puis, tout d&rsquo;un coup, j&rsquo;ai perdu le contr\u00f4le de mes gestes,<br \/>\nm\u00eame de ma r\u00e9flexion. Je tremblais de tous mes membres.\u00a0\u00bb<\/p>\n<p>Un artiste incontournable de la chanson<br \/>\nfran\u00e7aise<\/p>\n<p>Didier Barbelivien, figure majeure de la vari\u00e9t\u00e9 fran\u00e7aise, a<br \/>\n<strong>marqu\u00e9 plusieurs g\u00e9n\u00e9rations<\/strong> avec ses textes<br \/>\ninoubliables. Auteur-compositeur prolifique, il a collabor\u00e9 avec de<br \/>\nnombreux artistes et sign\u00e9 des tubes qui r\u00e9sonnent encore<br \/>\naujourd\u2019hui dans la m\u00e9moire collective. Sa carri\u00e8re, jalonn\u00e9e de<br \/>\nsucc\u00e8s, lui a valu une place \u00e0 part dans le c\u0153ur du public<br \/>\nfran\u00e7ais.<\/p>\n<p>Depuis quelques ann\u00e9es, l\u2019artiste, d\u00e9sormais \u00e2g\u00e9 de 71 ans,<br \/>\n<strong>se fait plus discret<\/strong> sur la sc\u00e8ne m\u00e9diatique. Mais<br \/>\nsa passion pour la musique est rest\u00e9e intacte, malgr\u00e9 les \u00e9preuves<br \/>\ndu temps.<\/p>\n","protected":false},"excerpt":{"rendered":"Depuis quelques heures, l\u2019inqui\u00e9tude enfle autour de l\u2019\u00e9tat de sant\u00e9 de Didier Barbelivien. Selon les informations de France&hellip;\n","protected":false},"author":2,"featured_media":156267,"comment_status":"","ping_status":"","sticky":false,"template":"","format":"standard","meta":{"footnotes":""},"categories":[1355],"tags":[548,28714,58,59,1011,27,1361,873],"class_list":{"0":"post-156266","1":"post","2":"type-post","3":"status-publish","4":"format-standard","5":"has-post-thumbnail","7":"category-musique","8":"tag-article-simple","9":"tag-didier-barbelivien","10":"tag-divertissement","11":"tag-entertainment","12":"tag-fr","13":"tag-france","14":"tag-music","15":"tag-musique"},"share_on_mastodon":{"url":"https:\/\/pubeurope.com\/@fr\/114635939862199908","error":""},"_links":{"self":[{"href":"https:\/\/www.europesays.com\/fr\/wp-json\/wp\/v2\/posts\/156266","targetHints":{"allow":["GET"]}}],"collection":[{"href":"https:\/\/www.europesays.com\/fr\/wp-json\/wp\/v2\/posts"}],"about":[{"href":"https:\/\/www.europesays.com\/fr\/wp-json\/wp\/v2\/types\/post"}],"author":[{"embeddable":true,"href":"https:\/\/www.europesays.com\/fr\/wp-json\/wp\/v2\/users\/2"}],"replies":[{"embeddable":true,"href":"https:\/\/www.europesays.com\/fr\/wp-json\/wp\/v2\/comments?post=156266"}],"version-history":[{"count":0,"href":"https:\/\/www.europesays.com\/fr\/wp-json\/wp\/v2\/posts\/156266\/revisions"}],"wp:featuredmedia":[{"embeddable":true,"href":"https:\/\/www.europesays.com\/fr\/wp-json\/wp\/v2\/media\/156267"}],"wp:attachment":[{"href":"https:\/\/www.europesays.com\/fr\/wp-json\/wp\/v2\/media?parent=156266"}],"wp:term":[{"taxonomy":"category","embeddable":true,"href":"https:\/\/www.europesays.com\/fr\/wp-json\/wp\/v2\/categories?post=156266"},{"taxonomy":"post_tag","embeddable":true,"href":"https:\/\/www.europesays.com\/fr\/wp-json\/wp\/v2\/tags?post=156266"}],"curies":[{"name":"wp","href":"https:\/\/api.w.org\/{rel}","templated":true}]}}