{"id":15627,"date":"2025-04-10T18:42:10","date_gmt":"2025-04-10T18:42:10","guid":{"rendered":"https:\/\/www.europesays.com\/fr\/15627\/"},"modified":"2025-04-10T18:42:10","modified_gmt":"2025-04-10T18:42:10","slug":"au-cros-de-cagnes-une-querelle-de-clocher-autour-du-classement-de-la-chapelle-au-titre-des-monuments-historiques","status":"publish","type":"post","link":"https:\/\/www.europesays.com\/fr\/15627\/","title":{"rendered":"Au Cros-de-Cagnes, une querelle de clocher autour du classement de la chapelle au titre des monuments historiques"},"content":{"rendered":"<p>Si, un jour, la chapelle du Cros est class\u00e9e monument historique, \u00e0 qui les Cagnois le devront-ils?<\/p>\n<p>Le d\u00e9put\u00e9 du Rassemblement national, Bryan Masson, vient d\u2019\u00e9crire \u00e0 la ministre de la Culture, Rachida Dati. <\/p>\n<p>\u00ab\u00a0La chapelle Saint-Pierre du Cros-de-Cagnes, et particuli\u00e8rement son clocher, est un \u00e9l\u00e9ment architectural d\u2019une grande importance historique et culturelle pour notre r\u00e9gion. (&#8230;) Le classement de cette chapelle en tant que monument historique contribuerait non seulement \u00e0 sa pr\u00e9servation \u00e0 long terme, mais aussi \u00e0 la promotion de notre patrimoine aupr\u00e8s des g\u00e9n\u00e9rations futures\u00a0\u00bb, \u00e9crit l\u2019\u00e9lu d\u2019extr\u00eame droite.<\/p>\n<p>La premi\u00e8re pierre de cette chapelle &#8211; et non \u00e9glise &#8211; a \u00e9t\u00e9 pos\u00e9e en 1863.<\/p>\n<p>Elle est b\u00e9nie trois ans plus tard. Quant au clocher, qui culmine \u00e0 18m\u00e8tres, il a \u00e9t\u00e9 \u00e9difi\u00e9 en 1900.<\/p>\n<p><strong>En 2023, Renaud Muselier saisi<\/strong><\/p>\n<p>C\u2019est sur le clocher, \u00ab\u00a0v\u00e9ritable symbole du village de p\u00eacheurs qu\u2019est le Cros-de-Cagnes\u00a0\u00bb, et non plus la chapelle dans sa totalit\u00e9, que se concentre d\u00e9sormais Bryan Masson?<\/p>\n<p>\u00ab\u00a0Lors d\u2019une r\u00e9union il y a quelques mois, [le maire de Cagnes-sur-Mer] Louis N\u00e8gre a dit que la demande pour la chapelle avait \u00e9t\u00e9 refus\u00e9e. Je me suis dit que le classement du clocher pourrait \u00eatre une premi\u00e8re \u00e9tape. Et c\u2019est possible puisqu\u2019on le voit de la Nationale 7 qui, elle-m\u00eame, est class\u00e9e\u00a0\u00bb, pr\u00e9cise le d\u00e9put\u00e9 de la 6e circonscription des Alpes-Maritimes.<\/p>\n<p>En f\u00e9vrier 2023, il avait interpell\u00e9 le pr\u00e9sident de R\u00e9gion, Renaud Muselier, au titre de la Drac, la direction r\u00e9gionale des affaires culturelles, au moment m\u00eame o\u00f9 des associations locales entamaient, elles aussi, une proc\u00e9dure pour faire classer leur chapelle.<\/p>\n<p><strong>Trois associations locales ont sonn\u00e9 le tocsin<\/strong><\/p>\n<p>En mars 2024, l\u2019Amicale San Pe\u00efre de\u00ef pescadou dou Cros, la Prud\u2019homie des p\u00eacheurs du port du Cros et la Commune libre avaient sollicit\u00e9 le maire Louis N\u00e8gre.<\/p>\n<p>L\u2019objectif? Obtenir son soutien aupr\u00e8s de la Drac dans leur demande de classement de la chapelle. Ils avaient \u00e9galement envoy\u00e9 une p\u00e9tition, un mois avant, sign\u00e9e par plus de 1.300 personnes, au minist\u00e8re de la Culture. Et r\u00e9dig\u00e9 un dossier truff\u00e9 d\u2019histoire et d\u2019anecdotes sur leur bijou crossois.<\/p>\n<p>\u00c0 ce moment-l\u00e0, la Commune libre du Cros, association pr\u00e9sid\u00e9e par Jean-Pierre Woignier, avait un peu grimac\u00e9 que le d\u00e9put\u00e9 RN surfe sur ce qu\u2019ils assuraient \u00eatre \u00ab\u00a0leur\u00a0\u00bb initiative. \u00ab\u00a0De l\u2019eau a coul\u00e9 sous les ponts\u00a0\u00bb, jure, aujourd\u2019hui, ledit d\u00e9put\u00e9.<\/p>\n<p>Maintenant, ce sont les \u00e9lus qui rivalisent et se disputent la paternit\u00e9 de l\u2019initiative. Apr\u00e8s que Bryan Masson a publi\u00e9 la lettre \u00e0 Rachida Dati, Louis N\u00e8gre a d\u00e9gain\u00e9 sur les r\u00e9seaux sociaux.<\/p>\n<p>\u00ab\u00a0Je note le soutien de M. le d\u00e9put\u00e9 qui nous apporte son concours! Fort heureusement, j\u2019avais d\u00e9j\u00e0 interpell\u00e9 le Conservateur r\u00e9gional des monuments historiques (soit le bon interlocuteur!) &#8211; en mars 2024 &#8211; pour lui demander la protection de la chapelle Saint-Pierre\u00a0\u00bb, jure le maire LR de Cagnes.<\/p>\n<p>Une querelle \u00ab\u00a0de clocher\u00a0\u00bb, historique, entre \u00e9lus\u2026<\/p>\n","protected":false},"excerpt":{"rendered":"Si, un jour, la chapelle du Cros est class\u00e9e monument historique, \u00e0 qui les Cagnois le devront-ils? Le&hellip;\n","protected":false},"author":2,"featured_media":15628,"comment_status":"","ping_status":"","sticky":false,"template":"","format":"standard","meta":{"footnotes":""},"categories":[2819],"tags":[1111,11,1777,674,332,1011,27,12,2401,316,882,25],"class_list":{"0":"post-15627","1":"post","2":"type-post","3":"status-publish","4":"format-standard","5":"has-post-thumbnail","7":"category-nice","8":"tag-actu","9":"tag-actualites","10":"tag-eu","11":"tag-europe","12":"tag-faits-de-societe","13":"tag-fr","14":"tag-france","15":"tag-news","16":"tag-nice","17":"tag-politique","18":"tag-provence-alpes-cote-dazur","19":"tag-republique-francaise"},"share_on_mastodon":{"url":"https:\/\/pubeurope.com\/@fr\/114315142332294644","error":""},"_links":{"self":[{"href":"https:\/\/www.europesays.com\/fr\/wp-json\/wp\/v2\/posts\/15627","targetHints":{"allow":["GET"]}}],"collection":[{"href":"https:\/\/www.europesays.com\/fr\/wp-json\/wp\/v2\/posts"}],"about":[{"href":"https:\/\/www.europesays.com\/fr\/wp-json\/wp\/v2\/types\/post"}],"author":[{"embeddable":true,"href":"https:\/\/www.europesays.com\/fr\/wp-json\/wp\/v2\/users\/2"}],"replies":[{"embeddable":true,"href":"https:\/\/www.europesays.com\/fr\/wp-json\/wp\/v2\/comments?post=15627"}],"version-history":[{"count":0,"href":"https:\/\/www.europesays.com\/fr\/wp-json\/wp\/v2\/posts\/15627\/revisions"}],"wp:featuredmedia":[{"embeddable":true,"href":"https:\/\/www.europesays.com\/fr\/wp-json\/wp\/v2\/media\/15628"}],"wp:attachment":[{"href":"https:\/\/www.europesays.com\/fr\/wp-json\/wp\/v2\/media?parent=15627"}],"wp:term":[{"taxonomy":"category","embeddable":true,"href":"https:\/\/www.europesays.com\/fr\/wp-json\/wp\/v2\/categories?post=15627"},{"taxonomy":"post_tag","embeddable":true,"href":"https:\/\/www.europesays.com\/fr\/wp-json\/wp\/v2\/tags?post=15627"}],"curies":[{"name":"wp","href":"https:\/\/api.w.org\/{rel}","templated":true}]}}