{"id":156276,"date":"2025-06-06T10:30:19","date_gmt":"2025-06-06T10:30:19","guid":{"rendered":"https:\/\/www.europesays.com\/fr\/156276\/"},"modified":"2025-06-06T10:30:19","modified_gmt":"2025-06-06T10:30:19","slug":"il-promene-son-chien-et-tombe-sur-un-dinosaure-geant-de-9-metres","status":"publish","type":"post","link":"https:\/\/www.europesays.com\/fr\/156276\/","title":{"rendered":"Il prom\u00e8ne son chien\u2026 et tombe sur un dinosaure g\u00e9ant de 9 m\u00e8tres !"},"content":{"rendered":"<p style=\"text-align: justify;\"><strong>Il y a environ trois ans,<br \/>\nDamien Boschetto, un jeune passionn\u00e9 de pal\u00e9ontologie, est tomb\u00e9<br \/>\nsur un os lors d\u2019une promenade avec son chien dans une for\u00eat pr\u00e8s<br \/>\nde Montouliers, en France. Conscient qu\u2019il pouvait s\u2019agir d\u2019une<br \/>\nd\u00e9couverte importante, l\u2019homme a rapidement partag\u00e9 sa trouvaille<br \/>\navec l\u2019Association culturelle, arch\u00e9ologique et pal\u00e9ontologique<br \/>\n(ACAP) de la ville voisine de Cruzy. Des analyses ont finalement<br \/>\nr\u00e9v\u00e9l\u00e9 que cet os faisait partie du fossile de neuf m\u00e8tres de long<br \/>\nd\u2019un titanosaure, un g\u00e9ant dinosaure au long cou qui v\u00e9cut il y a<br \/>\nplus de 70 millions d\u2019ann\u00e9es.<\/strong><\/p>\n<p>Un dinosaure g\u00e9ant de neuf m\u00e8tres<\/p>\n<p style=\"text-align: justify;\">L\u2019os initial a \u00e9t\u00e9 d\u00e9couvert apr\u00e8s<br \/>\nun glissement de terrain au bord de la falaise qui a expos\u00e9 divers<br \/>\nos de squelettes. Apr\u00e8s quelques jours de fouilles, il est devenu<br \/>\n\u00e9vident que les os \u00e9taient interconnect\u00e9s. Le fossile s\u2019est av\u00e9r\u00e9<br \/>\n\u00eatre <strong>complet \u00e0 environ 70 %<\/strong>. La d\u00e9couverte est<br \/>\ntoutefois rest\u00e9e secr\u00e8te pendant deux ans pour \u00e9viter le risque de<br \/>\nvol ou de dommage aux os, mais a r\u00e9cemment \u00e9t\u00e9 transport\u00e9e au mus\u00e9e<br \/>\nde Cruzy apr\u00e8s avoir \u00e9t\u00e9 d\u00e9licatement extraite du sol par des<br \/>\nb\u00e9n\u00e9voles de l\u2019ACAP.<\/p>\n<p style=\"text-align: justify;\">Comme dit en pr\u00e9ambule, ce<br \/>\ndinosaure \u00e9tait un <strong>titanosaure<\/strong>. Ces <a href=\"https:\/\/sciencepost.fr\/nouveau-titanosaure-en-chine\/\" target=\"_blank\" rel=\"noopener nofollow\">animaux<\/a> formaient un groupe de<br \/>\ndinosaures sauropodes, caract\u00e9ris\u00e9s par <strong>leur grande taille,<br \/>\net leurs cous et queues allong\u00e9s<\/strong> (adapt\u00e9s pour atteindre<br \/>\nla v\u00e9g\u00e9tation en hauteur). Certains individus atteignaient m\u00eame des<br \/>\nlongueurs trente m\u00e8tres ou plus.\u00a0 Celui-ci mesurait environ<br \/>\n<strong>huit \u00e0 neuf m\u00e8tres<\/strong>. L\u2019animal aurait \u00e9t\u00e9<br \/>\n<strong>pi\u00e9g\u00e9 dans une barri\u00e8re de gr\u00e8s pendant des<br \/>\ninondations<\/strong>.<\/p>\n<p style=\"text-align: justify;\">Francis Fage, le fondateur du<br \/>\nmus\u00e9e, <a href=\"https:\/\/www.newsweek.com\/titanosaur-dinosaur-fossil-found-france-1870036?fbclid=IwAR1TBjKeYhAl-KcJBN9AdP0MS2Qm7ReoK5Rm_GIGUJr6ayPl73XKd40VOr0\" target=\"_blank\" rel=\"noopener nofollow\">rappelle<\/a> \u00e9galement que la r\u00e9gion<br \/>\nest connue pour avoir produit plus de 25 nouvelles esp\u00e8ces de<br \/>\ndinosaures. Le site de la d\u00e9couverte sugg\u00e8re que tous ces animaux<br \/>\nsont <strong>probablement morts simultan\u00e9ment lors d\u2019une crue<br \/>\nsoudaine<\/strong>, et montrent des traces de morsures de crocodiles<br \/>\nou de carnivores.<\/p>\n<p><img loading=\"lazy\" data-lazyloaded=\"1\" decoding=\"async\" class=\"size-full wp-image-279347\" src=\"https:\/\/www.europesays.com\/fr\/wp-content\/uploads\/2025\/06\/telechargement.png\" alt=\"fossile dinosaure titanosaure France\" width=\"843\" height=\"675\"  data-\/><br \/>\nUne carte montre la commune de Montouliers dans le d\u00e9partement de<br \/>\nl\u2019H\u00e9rault. C\u2019est ici que Damien Boschetto, passionn\u00e9 de<br \/>\npal\u00e9ontologie, a aper\u00e7u un os de dinosaure alors qu\u2019il promenait<br \/>\nson chien, une trouvaille qui allait conduire \u00e0 la d\u00e9couverte d\u2019un<br \/>\nsquelette de titanosaure presque complet. Cr\u00e9dits carte : Ian<br \/>\nRandall. Cr\u00e9\u00e9 avec DatawrapperUn paysage tr\u00e8s diff\u00e9rent<\/p>\n<p style=\"text-align: justify;\">Bien que la France ne soit pas<br \/>\naussi c\u00e9l\u00e8bre que d\u2019autres endroits pour ses d\u00e9couvertes de<br \/>\ntitanosaures, des fossiles de sauropodes ont d\u00e9j\u00e0 \u00e9t\u00e9 trouv\u00e9s dans<br \/>\ndiff\u00e9rentes parties du pays. Les fossiles peuvent varier en taille<br \/>\net en degr\u00e9 de pr\u00e9servation, mais ils contribuent tous \u00e0 notre<br \/>\ncompr\u00e9hension de la diversit\u00e9 des dinosaures dans la r\u00e9gion au<br \/>\ncours du Cr\u00e9tac\u00e9.<\/p>\n<p style=\"text-align: justify;\">Notez qu\u2019\u00e0 cette \u00e9poque, la France<br \/>\n\u00e9tait situ\u00e9e dans une position g\u00e9ographique diff\u00e9rente par rapport<br \/>\n\u00e0 aujourd\u2019hui. La r\u00e9gion \u00e9tait en effet <strong>recouverte de mers<br \/>\npeu profondes, de lagunes et de plaines<\/strong>. Les conditions<br \/>\nenvironnementales variaient et diff\u00e9rentes zones pouvaient \u00eatre<br \/>\ncaract\u00e9ris\u00e9es par des milieux c\u00f4tiers, des for\u00eats humides, des<br \/>\nmar\u00e9cages et d\u2019autres habitats.<\/p>\n<p style=\"text-align: justify;\">La faune et la flore comprenaient<br \/>\nde leur c\u00f4t\u00e9 une vari\u00e9t\u00e9 de dinosaures, de reptiles marins,<br \/>\nd\u2019invert\u00e9br\u00e9s et de plantes. En tant que sauropodes, les<br \/>\ntitanosaures \u00e9taient probablement pr\u00e9sents dans des environnements<br \/>\nterrestres et se nourrissaient de v\u00e9g\u00e9tation abondante.<\/p>\n<p style=\"text-align: justify;\">L\u2019ACAP et le mus\u00e9e de Cruzy<br \/>\npr\u00e9voient d\u00e9sormais d\u2019\u00e9tudier en profondeur le squelette de ce<br \/>\ntitanosaure et envisagent de l\u2019exposer au public, ce qui offrira<br \/>\nune opportunit\u00e9 exceptionnelle d\u2019admirer un dinosaure aussi bien<br \/>\npr\u00e9serv\u00e9.<\/p>\n","protected":false},"excerpt":{"rendered":"Il y a environ trois ans, Damien Boschetto, un jeune passionn\u00e9 de pal\u00e9ontologie, est tomb\u00e9 sur un os&hellip;\n","protected":false},"author":2,"featured_media":156277,"comment_status":"","ping_status":"","sticky":false,"template":"","format":"standard","meta":{"footnotes":""},"categories":[7],"tags":[1011,27,43,40,41,39,42,44],"class_list":{"0":"post-156276","1":"post","2":"type-post","3":"status-publish","4":"format-standard","5":"has-post-thumbnail","7":"category-sciences-et-technologies","8":"tag-fr","9":"tag-france","10":"tag-science","11":"tag-science-and-technology","12":"tag-sciences","13":"tag-sciences-et-technologies","14":"tag-technologies","15":"tag-technology"},"share_on_mastodon":{"url":"https:\/\/pubeurope.com\/@fr\/114635959458125493","error":""},"_links":{"self":[{"href":"https:\/\/www.europesays.com\/fr\/wp-json\/wp\/v2\/posts\/156276","targetHints":{"allow":["GET"]}}],"collection":[{"href":"https:\/\/www.europesays.com\/fr\/wp-json\/wp\/v2\/posts"}],"about":[{"href":"https:\/\/www.europesays.com\/fr\/wp-json\/wp\/v2\/types\/post"}],"author":[{"embeddable":true,"href":"https:\/\/www.europesays.com\/fr\/wp-json\/wp\/v2\/users\/2"}],"replies":[{"embeddable":true,"href":"https:\/\/www.europesays.com\/fr\/wp-json\/wp\/v2\/comments?post=156276"}],"version-history":[{"count":0,"href":"https:\/\/www.europesays.com\/fr\/wp-json\/wp\/v2\/posts\/156276\/revisions"}],"wp:featuredmedia":[{"embeddable":true,"href":"https:\/\/www.europesays.com\/fr\/wp-json\/wp\/v2\/media\/156277"}],"wp:attachment":[{"href":"https:\/\/www.europesays.com\/fr\/wp-json\/wp\/v2\/media?parent=156276"}],"wp:term":[{"taxonomy":"category","embeddable":true,"href":"https:\/\/www.europesays.com\/fr\/wp-json\/wp\/v2\/categories?post=156276"},{"taxonomy":"post_tag","embeddable":true,"href":"https:\/\/www.europesays.com\/fr\/wp-json\/wp\/v2\/tags?post=156276"}],"curies":[{"name":"wp","href":"https:\/\/api.w.org\/{rel}","templated":true}]}}