{"id":156287,"date":"2025-06-06T10:36:13","date_gmt":"2025-06-06T10:36:13","guid":{"rendered":"https:\/\/www.europesays.com\/fr\/156287\/"},"modified":"2025-06-06T10:36:13","modified_gmt":"2025-06-06T10:36:13","slug":"a-saint-etienne-les-orgues-un-hommage-a-delbosco-fils-peintre-de-lumiere-et-sculpteur-de-poesie","status":"publish","type":"post","link":"https:\/\/www.europesays.com\/fr\/156287\/","title":{"rendered":"\u00c0 Saint-\u00c9tienne-les-Orgues, un hommage \u00e0 Delbosco fils, peintre de lumi\u00e8re et sculpteur de po\u00e9sie"},"content":{"rendered":"<p>Sans vouloir faire ombrage aux manifestations en l&rsquo;honneur de <a href=\"https:\/\/www.laprovence.com\/article\/region\/1183584648001615\/meprise-a-aix-en-provence-de-son-vivant-paul-cezanne-sera-enfin-maitre-chez-lui-en-2025\" target=\"_blank\" rel=\"noopener\">Paul Cezanne \u00e0 Aix-en-Provence<\/a>, <a href=\"https:\/\/www.laprovence.com\/alpes-de-haute-provence\/saint-etienne-les-orgues-04178\" target=\"_blank\" rel=\"noopener\">Saint-\u00c9tienne-les-Orgues<\/a> rend un modeste hommage \u00e0 un peintre local, Delbosco, autre impressionniste de talent.<\/p>\n<p>En m\u00e9moire de Roland Andr\u00e9, dit <a href=\"https:\/\/www.laprovence.com\/article\/edition-alpes\/4032149\/paysages-de-lumiere-rakus-et-griffures-de-lame-au-chateau.html\" target=\"_blank\" rel=\"noopener\">Delbosco<\/a> fils, peintre st\u00e9phanois d\u00e9c\u00e9d\u00e9 le 11 juin 2023, une exposition de ses \u0153uvres &#8211; peintures et sculptures &#8211; est organis\u00e9e par ses enfants Richard et Marc Andr\u00e9 \u00e0 la m\u00e9diath\u00e8que du village. Delbosco fils \u00e9tait une figure c\u00e9l\u00e8bre du village et un artiste de talent.<\/p>\n<p>La qualit\u00e9 de son \u0153uvre est incontestable ; chaque toile constitue un hymne \u00e0 la nature, \u00e0 la <a href=\"https:\/\/www.laprovence.com\/region\" target=\"_blank\" rel=\"noopener\">r\u00e9gion Paca<\/a> et une ode \u00e0 la si belle lumi\u00e8re de la Provence. Une de ses citations pr\u00e9f\u00e9r\u00e9es \u00e9tait d&rsquo;ailleurs : \u00ab\u00a0Je ne cherche pas la lumi\u00e8re pour m&rsquo;\u00e9clairer mais pour m&rsquo;\u00e9blouir\u00a0\u00bb, de Jules Renard. Le peintre maitrisait la couleur de fa\u00e7on remarquable car il l&rsquo;inondait de lumi\u00e8re.<\/p>\n<p>Certaines des toiles qu&rsquo;il a pu peindre, et on peut notamment citer celles repr\u00e9sentant des champs fleuris, sont de vrais feux d&rsquo;artifice.<\/p>\n<p>Quant \u00e0 ses sculptures, elles sont celles d&rsquo;un assemblier : avec humour et d\u00e9rision, il d\u00e9tournait des objets, en m\u00e9tal principalement, afin de leur donner une nouvelle vie, des fonctions d\u00e9coratives, ces nouveaux objets nous invitant ainsi dans son imaginaire.<\/p>\n<p>Cette exposition se d\u00e9roulera jusqu&rsquo;au 15 juin \u00e0 la m\u00e9diath\u00e8que de Saint-\u00c9tienne-les-Orgues.<\/p>\n","protected":false},"excerpt":{"rendered":"Sans vouloir faire ombrage aux manifestations en l&rsquo;honneur de Paul Cezanne \u00e0 Aix-en-Provence, Saint-\u00c9tienne-les-Orgues rend un modeste hommage&hellip;\n","protected":false},"author":2,"featured_media":156288,"comment_status":"","ping_status":"","sticky":false,"template":"","format":"standard","meta":{"footnotes":""},"categories":[9653],"tags":[17,1111,11,2430,28719,1777,674,1742,1011,27,4879,15926,12,17258,16,25,4001,28718,28720],"class_list":{"0":"post-156287","1":"post","2":"type-post","3":"status-publish","4":"format-standard","5":"has-post-thumbnail","7":"category-saint-etienne","8":"tag-17","9":"tag-actu","10":"tag-actualites","11":"tag-auvergne-rhone-alpes","12":"tag-delbosco","13":"tag-eu","14":"tag-europe","15":"tag-fils","16":"tag-fr","17":"tag-france","18":"tag-hommage","19":"tag-lumiere","20":"tag-news","21":"tag-peintre","22":"tag-region","23":"tag-republique-francaise","24":"tag-saint-etienne","25":"tag-saint-etienne-les-orgues","26":"tag-sculpteur"},"share_on_mastodon":{"url":"https:\/\/pubeurope.com\/@fr\/114635983027076547","error":""},"_links":{"self":[{"href":"https:\/\/www.europesays.com\/fr\/wp-json\/wp\/v2\/posts\/156287","targetHints":{"allow":["GET"]}}],"collection":[{"href":"https:\/\/www.europesays.com\/fr\/wp-json\/wp\/v2\/posts"}],"about":[{"href":"https:\/\/www.europesays.com\/fr\/wp-json\/wp\/v2\/types\/post"}],"author":[{"embeddable":true,"href":"https:\/\/www.europesays.com\/fr\/wp-json\/wp\/v2\/users\/2"}],"replies":[{"embeddable":true,"href":"https:\/\/www.europesays.com\/fr\/wp-json\/wp\/v2\/comments?post=156287"}],"version-history":[{"count":0,"href":"https:\/\/www.europesays.com\/fr\/wp-json\/wp\/v2\/posts\/156287\/revisions"}],"wp:featuredmedia":[{"embeddable":true,"href":"https:\/\/www.europesays.com\/fr\/wp-json\/wp\/v2\/media\/156288"}],"wp:attachment":[{"href":"https:\/\/www.europesays.com\/fr\/wp-json\/wp\/v2\/media?parent=156287"}],"wp:term":[{"taxonomy":"category","embeddable":true,"href":"https:\/\/www.europesays.com\/fr\/wp-json\/wp\/v2\/categories?post=156287"},{"taxonomy":"post_tag","embeddable":true,"href":"https:\/\/www.europesays.com\/fr\/wp-json\/wp\/v2\/tags?post=156287"}],"curies":[{"name":"wp","href":"https:\/\/api.w.org\/{rel}","templated":true}]}}