{"id":156291,"date":"2025-06-06T10:38:20","date_gmt":"2025-06-06T10:38:20","guid":{"rendered":"https:\/\/www.europesays.com\/fr\/156291\/"},"modified":"2025-06-06T10:38:20","modified_gmt":"2025-06-06T10:38:20","slug":"il-gerait-un-trafic-de-drogue-depuis-une-cellule-a-nancy-avec-laide-de-sa-fraterie","status":"publish","type":"post","link":"https:\/\/www.europesays.com\/fr\/156291\/","title":{"rendered":"il g\u00e9rait un trafic de drogue depuis une cellule \u00e0 Nancy avec l&rsquo;aide de sa fraterie"},"content":{"rendered":"<p>            Par<br \/>\n        <strong><br \/>\n            <a href=\"https:\/\/actu.fr\/auteur\/valentine-exantus-actu-fr\" title=\"Consulter tous les articles de Valentine Exantus\" rel=\"nofollow noopener\" target=\"_blank\">Valentine Exantus<\/a><br \/>\n        <\/strong><\/p>\n<p>        Publi\u00e9 le<\/p>\n<p>            6 juin 2025 \u00e0 12h28        <\/p>\n<p>Un r\u00e9seau de<strong> trafic de drogue<\/strong> pilot\u00e9 <strong>depuis une cellule<\/strong> de la maison d\u2019arr\u00eat de Nancy-Max\u00e9ville par un jeune homme originaire de <a href=\"https:\/\/actu.fr\/grand-est\/bar-le-duc_55029\" rel=\"nofollow noopener\" target=\"_blank\">Bar-le-Duc<\/a> (<a href=\"https:\/\/actu.fr\/grand-est\/meuse_55\" rel=\"nofollow noopener\" target=\"_blank\">Meuse<\/a>) a \u00e9t\u00e9 d\u00e9mantel\u00e9, selon <a href=\"https:\/\/c.estrepublicain.fr\/faits-divers-justice\/2025\/06\/06\/il-pilotait-un-trafic-d-heroine-et-de-cocaine-depuis-sa-cellule\" rel=\"nofollow noopener\" target=\"_blank\">L\u2019Est R\u00e9publicain<\/a>.<\/p>\n<p>Le cerveau de l\u2019op\u00e9ration en prison<\/p>\n<p class=\" wall-content\">Onze personnes ont \u00e9t\u00e9 interpell\u00e9es lundi 14\u00a0octobre apr\u00e8s plusieurs semaines d\u2019enqu\u00eate.<\/p>\n<p class=\" wall-content\">Le <strong>cerveau pr\u00e9sum\u00e9<\/strong>, un Barisien de 22\u00a0ans d\u00e9j\u00e0 condamn\u00e9 pour trafic de stup\u00e9fiants, g\u00e9rait depuis sa cellule une organisation bien rod\u00e9e alimentant <strong>plusieurs points de deal<\/strong> dans la Meuse.<\/p>\n<p class=\" wall-content\">Le parquet local \u00e9voque un <strong>trafic quotidien<\/strong> d\u2019h\u00e9ro\u00efne, de coca\u00efne et de cannabis avec jusqu\u2019\u00e0 20 transactions par jour, pour un b\u00e9n\u00e9fice estim\u00e9 \u00e0 200\u2009000\u00a0euros.<\/p>\n<p>Un r\u00e9seau profond\u00e9ment implant\u00e9 \u00e0 Bar-le-Duc<\/p>\n<p class=\" wall-content\">Le r\u00e9seau s\u2019appuyait sur une cha\u00eene bien huil\u00e9e\u2009: un mineur devenu majeur cet \u00e9t\u00e9 recevait les ordres via un \u00ab\u2009t\u00e9l\u00e9phone de permanence\u2009\u00bb, un couple g\u00e9rait les stocks et la comptabilit\u00e9, d\u2019autres mettaient leurs logements \u00e0 disposition pour les ventes.<\/p>\n<p class=\" wall-content\">L\u2019activit\u00e9 \u00e9tait concentr\u00e9e<strong> autour de la place Exelmans<\/strong> \u00e0 Bar-le-Duc.<\/p>\n<p>Vid\u00e9os : en ce moment sur ActuL\u2019implication de la famille<\/p>\n<p class=\" wall-content\">La Meuse n\u2019est pas seulement le th\u00e9\u00e2tre de la revente\u2009: c\u2019est aussi l\u00e0 que les liens familiaux du pr\u00e9venu ont servi de relais. Son fr\u00e8re et sa s\u0153ur, \u00e9galement mis en cause, sont soup\u00e7onn\u00e9s d\u2019avoir manipul\u00e9 l\u2019argent du trafic.<\/p>\n<p class=\" wall-content\">Chez eux, les perquisitions ont permis la saisie de plus de 16\u2009000\u00a0euros. Le d\u00e9tenu, surnomm\u00e9 \u00ab\u2009Rams\u2009\u00bb, a reconnu avoir dirig\u00e9 le trafic, tout en niant \u00eatre \u00e0 la t\u00eate du r\u00e9seau. Il invoque une dette \u00e0 rembourser.<\/p>\n<p>Des peines de prison ferme prononc\u00e9es \u00e0 Bar-le-Duc<\/p>\n<p class=\" wall-content\">Jug\u00e9s au tribunal correctionnel de Bar-le-Duc, les principaux protagonistes ont \u00e9cop\u00e9 de peines allant jusqu\u2019\u00e0<strong> six ans de prison ferme pour \u00ab\u2009Rams\u2009\u00bb<\/strong>. Son fr\u00e8re a \u00e9t\u00e9 condamn\u00e9 \u00e0 un an ferme, sa s\u0153ur \u00e0 10\u00a0mois avec sursis.<\/p>\n<p class=\" wall-content\">Le couple de \u00ab\u2009nourrices\u2009\u00bb a \u00e9cop\u00e9 de 12 et 18\u00a0mois d\u2019emprisonnement, tandis que le principal relais local du trafic a \u00e9t\u00e9 condamn\u00e9 \u00e0 deux ans ferme.<\/p>\n<p class=\" wall-content\">Suivez toute l\u2019actualit\u00e9 de vos villes et m\u00e9dias favoris en vous inscrivant \u00e0 <a href=\"https:\/\/moncompte.actu.fr\" title=\"D\u00e9couvez Mon Actu\" rel=\"nofollow noopener\" data-trk=\"{&quot;cta&quot;:{&quot;action&quot;:&quot;https:\\\/\\\/moncompte.actu.fr&quot;,&quot;category&quot;:&quot;mon compte&quot;,&quot;from&quot;:&quot;article footer&quot;,&quot;name&quot;:&quot;Mon actu&quot;,&quot;type&quot;:&quot;cta&quot;}}\" target=\"_blank\">Mon Actu<\/a>.<\/p>\n","protected":false},"excerpt":{"rendered":"Par Valentine Exantus Publi\u00e9 le 6 juin 2025 \u00e0 12h28 Un r\u00e9seau de trafic de drogue pilot\u00e9 depuis&hellip;\n","protected":false},"author":2,"featured_media":156292,"comment_status":"","ping_status":"","sticky":false,"template":"","format":"standard","meta":{"footnotes":""},"categories":[9635],"tags":[1111,11,1052,1777,674,118,1011,27,775,303,1702,12,25],"class_list":{"0":"post-156291","1":"post","2":"type-post","3":"status-publish","4":"format-standard","5":"has-post-thumbnail","7":"category-nancy","8":"tag-actu","9":"tag-actualites","10":"tag-drogue","11":"tag-eu","12":"tag-europe","13":"tag-faits-divers","14":"tag-fr","15":"tag-france","16":"tag-grand-est","17":"tag-justice","18":"tag-nancy","19":"tag-news","20":"tag-republique-francaise"},"share_on_mastodon":{"url":"https:\/\/pubeurope.com\/@fr\/114635990894969468","error":""},"_links":{"self":[{"href":"https:\/\/www.europesays.com\/fr\/wp-json\/wp\/v2\/posts\/156291","targetHints":{"allow":["GET"]}}],"collection":[{"href":"https:\/\/www.europesays.com\/fr\/wp-json\/wp\/v2\/posts"}],"about":[{"href":"https:\/\/www.europesays.com\/fr\/wp-json\/wp\/v2\/types\/post"}],"author":[{"embeddable":true,"href":"https:\/\/www.europesays.com\/fr\/wp-json\/wp\/v2\/users\/2"}],"replies":[{"embeddable":true,"href":"https:\/\/www.europesays.com\/fr\/wp-json\/wp\/v2\/comments?post=156291"}],"version-history":[{"count":0,"href":"https:\/\/www.europesays.com\/fr\/wp-json\/wp\/v2\/posts\/156291\/revisions"}],"wp:featuredmedia":[{"embeddable":true,"href":"https:\/\/www.europesays.com\/fr\/wp-json\/wp\/v2\/media\/156292"}],"wp:attachment":[{"href":"https:\/\/www.europesays.com\/fr\/wp-json\/wp\/v2\/media?parent=156291"}],"wp:term":[{"taxonomy":"category","embeddable":true,"href":"https:\/\/www.europesays.com\/fr\/wp-json\/wp\/v2\/categories?post=156291"},{"taxonomy":"post_tag","embeddable":true,"href":"https:\/\/www.europesays.com\/fr\/wp-json\/wp\/v2\/tags?post=156291"}],"curies":[{"name":"wp","href":"https:\/\/api.w.org\/{rel}","templated":true}]}}