{"id":156301,"date":"2025-06-06T10:43:13","date_gmt":"2025-06-06T10:43:13","guid":{"rendered":"https:\/\/www.europesays.com\/fr\/156301\/"},"modified":"2025-06-06T10:43:13","modified_gmt":"2025-06-06T10:43:13","slug":"adam-fortin-un-lyceen-de-rouen-developpe-facileo-une-application-pour-aider-les-handicapes-a-reperer-les-lieux-accessibles-en-ville","status":"publish","type":"post","link":"https:\/\/www.europesays.com\/fr\/156301\/","title":{"rendered":"Adam Fortin, un lyc\u00e9en de Rouen, d\u00e9veloppe Facileo, une application pour aider les handicap\u00e9s \u00e0 rep\u00e9rer les lieux accessibles en ville"},"content":{"rendered":"<p class=\"paragraph text_align_left\">Pour Adam Fortin, le handicap n\u2019est pas qu\u2019une affaire de famille. Ce lyc\u00e9en de 18 ans inscrit en terminales au Lyc\u00e9e Camille Saint-Sa\u00ebns de Rouen, dont le p\u00e8re souffre d\u2019une <a href=\"https:\/\/www.leparisien.fr\/societe\/sante\/lidentification-dun-virus-a-lorigine-de-la-sclerose-en-plaques-fait-renaitre-lespoir-dun-traitement-15-01-2022-4E7UO6UYF5EPJIE44YF33ZKYNI.php\" target=\"_self\" rel=\"noopener\">scl\u00e9rose en plaques<\/a>, vient de se voir attribuer un prix et une aide de 1 500 euros lors de la 17e \u00e9dition du<a href=\"https:\/\/www.metropole-rouen-normandie.fr\/actualite\/2025\/concours-creactifs-neuf-jeunes-talents-recompenses-61552\" target=\"_self\" rel=\"noopener\"> concours Cr\u00e9actifs organis\u00e9 par la M\u00e9tropole Rouen Normandie<\/a>. Passionn\u00e9 de technologies num\u00e9riques et par le d\u00e9veloppement de sites et d\u2019applications, le jeune homme va lancer d\u2019ici quelques semaines<a href=\"https:\/\/facileo.app\/\" target=\"_self\" rel=\"noopener\"> Facileo<\/a>, une application pour aider les personnes en situation de handicap dans la jungle urbaine.<\/p>\n<p class=\"paragraph text_align_left\">\u00ab J\u2019ai vu l\u2019\u00e9tat de mon p\u00e8re atteint de scl\u00e9rose en plaques depuis 28 ans se d\u00e9grader. Maintenant, il est dans un fauteuil roulant et sous oxyg\u00e8ne, explique Adam Fortin. Je vois ses difficult\u00e9s pour vivre et se d\u00e9placer en ville. Cette application vient d\u2019abord de lui et est pour lui. Les fonctions imagin\u00e9es avec mon fr\u00e8re Enzo sont issues de son v\u00e9cu. Je voulais une solution num\u00e9rique simple et efficace. \u00bb<\/p>\n<p class=\"paragraph text_align_left\">Dans un premier temps, le lyc\u00e9en a lanc\u00e9, il y a un an, le site <a href=\"https:\/\/asinur.org\/\" target=\"_self\" rel=\"noopener\">Asinur.org <\/a>(Association Inclusion Urbaine). \u00ab Il recense les lieux non accessibles pour les personnes atteintes par toutes formes de handicap \u00e0 Rouen. C\u2019est participatif puisque chacun peut faire un signalement par \u00e9crit compl\u00e9t\u00e9 par une photo. Apr\u00e8s v\u00e9rification, nous envoyons la fiche aux services de la Ville pour agir. Elle n\u2019est pas encore tr\u00e8s coop\u00e9rative car cela co\u00fbte de l\u2019argent. Mais, plus nous serons connus, plus elle sera r\u00e9active. Nous avons d\u00e9j\u00e0 plus d\u2019une centaine de points signal\u00e9s. \u00bb<\/p>\n<p>Un bouton noir pour lancer un appel d\u2019urgence g\u00e9olocalis\u00e9<\/p>\n<p class=\"paragraph text_align_left\">Et puis, comme le smartphone est devenu un prolongement de la main pour quasiment toute la population et offre des outils pour suppl\u00e9er \u00e0 certaines d\u00e9ficiences, Adam Fortin a d\u00e9cid\u00e9 d\u2019int\u00e9grer Asinur dans l\u2019application Facileo. \u00ab Sur l\u2019interface se trouveront cinq autres sections. \u00c0 commencer par une carte pour rep\u00e9rer les lieux cette fois-ci accessibles (restaurants, toilettes publiques, parcs\u2026). Et une section Carburant qui enverra un message aux stations-service pour accueillir les personnes qui ne peuvent pas descendre facilement de leurs v\u00e9hicules. Ces deux premi\u00e8res sections seront disponibles d\u2019ici fin ao\u00fbt. \u00bb<\/p>\n<p class=\"paragraph text_align_left\">Par la suite, seront mises en place une section Finance, \u00ab pour lister les aides disponibles selon les handicaps \u00bb, une section R\u00e9seau, \u00ab un portail social d\u00e9di\u00e9 pour lutter contre la solitude \u00bb et enfin une section Volontariat \u00ab afin de trouver des b\u00e9n\u00e9voles pour aider \u00e0 de petites t\u00e2ches comme faire les courses, monter un meuble, remplir des documents, etc. \u00bb. L\u2019application sera aussi dot\u00e9e d\u2019un bouton noir avec un point d\u2019exclamation \u00ab pour lancer un appel d\u2019urgence g\u00e9olocalis\u00e9 \u00e0 des personnes pr\u00e9d\u00e9finies en cas de probl\u00e8me \u00bb. Comme le r\u00e9sume, David Fortin, le p\u00e8re d\u2019Adam, \u00ab Facileo n\u2019est pas juste une application. C\u2019est un mouvement pour que chaque personne, quelle que soit sa mobilit\u00e9, puisse vivre librement \u00bb.<\/p>\n","protected":false},"excerpt":{"rendered":"Pour Adam Fortin, le handicap n\u2019est pas qu\u2019une affaire de famille. Ce lyc\u00e9en de 18 ans inscrit en&hellip;\n","protected":false},"author":2,"featured_media":156302,"comment_status":"","ping_status":"","sticky":false,"template":"","format":"standard","meta":{"footnotes":""},"categories":[9587],"tags":[1111,917,11,459,1777,674,1011,27,12,5161,25,9590,11074,104],"class_list":{"0":"post-156301","1":"post","2":"type-post","3":"status-publish","4":"format-standard","5":"has-post-thumbnail","7":"category-rouen","8":"tag-actu","9":"tag-actu-locale","10":"tag-actualites","11":"tag-departements-horsidfo","12":"tag-eu","13":"tag-europe","14":"tag-fr","15":"tag-france","16":"tag-news","17":"tag-normandie","18":"tag-republique-francaise","19":"tag-rouen","20":"tag-seine-maritime-76","21":"tag-societe"},"share_on_mastodon":{"url":"https:\/\/pubeurope.com\/@fr\/114636010589831218","error":""},"_links":{"self":[{"href":"https:\/\/www.europesays.com\/fr\/wp-json\/wp\/v2\/posts\/156301","targetHints":{"allow":["GET"]}}],"collection":[{"href":"https:\/\/www.europesays.com\/fr\/wp-json\/wp\/v2\/posts"}],"about":[{"href":"https:\/\/www.europesays.com\/fr\/wp-json\/wp\/v2\/types\/post"}],"author":[{"embeddable":true,"href":"https:\/\/www.europesays.com\/fr\/wp-json\/wp\/v2\/users\/2"}],"replies":[{"embeddable":true,"href":"https:\/\/www.europesays.com\/fr\/wp-json\/wp\/v2\/comments?post=156301"}],"version-history":[{"count":0,"href":"https:\/\/www.europesays.com\/fr\/wp-json\/wp\/v2\/posts\/156301\/revisions"}],"wp:featuredmedia":[{"embeddable":true,"href":"https:\/\/www.europesays.com\/fr\/wp-json\/wp\/v2\/media\/156302"}],"wp:attachment":[{"href":"https:\/\/www.europesays.com\/fr\/wp-json\/wp\/v2\/media?parent=156301"}],"wp:term":[{"taxonomy":"category","embeddable":true,"href":"https:\/\/www.europesays.com\/fr\/wp-json\/wp\/v2\/categories?post=156301"},{"taxonomy":"post_tag","embeddable":true,"href":"https:\/\/www.europesays.com\/fr\/wp-json\/wp\/v2\/tags?post=156301"}],"curies":[{"name":"wp","href":"https:\/\/api.w.org\/{rel}","templated":true}]}}