{"id":156305,"date":"2025-06-06T10:47:09","date_gmt":"2025-06-06T10:47:09","guid":{"rendered":"https:\/\/www.europesays.com\/fr\/156305\/"},"modified":"2025-06-06T10:47:09","modified_gmt":"2025-06-06T10:47:09","slug":"grenoble-la-cuisine-de-burger-king-prend-feu-les-clients-evacues-durgence","status":"publish","type":"post","link":"https:\/\/www.europesays.com\/fr\/156305\/","title":{"rendered":"Grenoble. La cuisine de Burger King prend feu, les clients \u00e9vacu\u00e9s d&rsquo;urgence"},"content":{"rendered":"<p>            Par<br \/>\n        <strong><br \/>\n            <a href=\"https:\/\/actu.fr\/auteur\/redaction-grenoble\" title=\"Consulter tous les articles de R\u00e9daction Grenoble\" rel=\"nofollow noopener\" target=\"_blank\">R\u00e9daction Grenoble<\/a><br \/>\n        <\/strong><\/p>\n<p>        Publi\u00e9 le<\/p>\n<p>            6 juin 2025 \u00e0 10h49        <\/p>\n<p>Plus de peur que de mal. Jeudi 5 juin, sur les coups de 22 heures, les sapeurs-pompiers ont \u00e9t\u00e9 appel\u00e9s pour une intervention au <strong>restaurant Burger King<\/strong> de la place Victor-Hugo \u00e0 <a href=\"https:\/\/actu.fr\/grenoble\/\" rel=\"nofollow noopener\" target=\"_blank\">Grenoble<\/a>.<\/p>\n<p>    <a href=\"https:\/\/www.google.com\/maps\/embed?pb=!1m18!1m12!1m3!1d2811.881331849987!2d5.721773375024254!3d45.18949837107072!2m3!1f0!2f0!3f0!3m2!1i1024!2i768!4f13.1!3m3!1m2!1s0x478af488d75f417f%3A0x30dd49301c1af2be!2sBurger%20King!5e0!3m2!1sfr!2sfr!4v1749195838238!5m2!1sfr!2sfr\" title=\"Ouvrie le lien\" rel=\"nofollow noopener\" target=\"_blank\">Cliquez ici pour visualiser le contenu<\/a><\/p>\n<p class=\" wall-content\">Un d\u00e9but de feu s\u2019est d\u00e9clar\u00e9 dans <strong>les hottes de la cuisine<\/strong> du fast-food. Les employ\u00e9s pr\u00e9sents ont toutefois r\u00e9ussi \u00e0 \u00e9teindre le sinistre au moyen d\u2019extincteur et \u00e0 \u00e9vacuer les quelques clients pr\u00e9sents avant l\u2019arriv\u00e9e des secours.<\/p>\n<p>Pas de bless\u00e9s<\/p>\n<p class=\" wall-content\">Quelques salari\u00e9s ont \u00e9t\u00e9 <strong>l\u00e9g\u00e8rement incommod\u00e9s par les fum\u00e9es<\/strong>. Deux habitants d\u2019appartements au-dessus du restaurant ont \u00e9galement \u00e9t\u00e9 pris en charge, les fum\u00e9es \u00e9tant remont\u00e9s par les conduits d\u2019a\u00e9ration dans leurs logements. Aucun d\u2019entre eux n\u2019a eu besoin d\u2019\u00eatre transport\u00e9 \u00e0 l\u2019h\u00f4pital.<\/p>\n<p class=\" wall-content\">Apr\u00e8s v\u00e9rifications du b\u00e2timent et des conduits, <strong>aucun d\u00e9g\u00e2t suppl\u00e9mentaire<\/strong> n\u2019a \u00e9t\u00e9 constat\u00e9. Si le Burger King de Grenoble pourrait rester ferm\u00e9 quelque temps, les salari\u00e9s du fast-food ne seraient toutefois pas plac\u00e9s au ch\u00f4mage technique, car transf\u00e9r\u00e9s dans d\u2019autres restaurants.<\/p>\n<p>Vid\u00e9os : en ce moment sur Actu<\/p>\n<p class=\" wall-content\">Suivez toute l\u2019actualit\u00e9 de vos villes et m\u00e9dias favoris en vous inscrivant \u00e0 <a href=\"https:\/\/moncompte.actu.fr\" title=\"D\u00e9couvez Mon Actu\" rel=\"nofollow noopener\" data-trk=\"{&quot;cta&quot;:{&quot;action&quot;:&quot;https:\\\/\\\/moncompte.actu.fr&quot;,&quot;category&quot;:&quot;mon compte&quot;,&quot;from&quot;:&quot;article footer&quot;,&quot;name&quot;:&quot;Mon actu&quot;,&quot;type&quot;:&quot;cta&quot;}}\" target=\"_blank\">Mon Actu<\/a>.<\/p>\n","protected":false},"excerpt":{"rendered":"Par R\u00e9daction Grenoble Publi\u00e9 le 6 juin 2025 \u00e0 10h49 Plus de peur que de mal. Jeudi 5&hellip;\n","protected":false},"author":2,"featured_media":156306,"comment_status":"","ping_status":"","sticky":false,"template":"","format":"standard","meta":{"footnotes":""},"categories":[9566],"tags":[1111,11,2430,1777,674,118,1011,27,2731,1310,12,1311,25],"class_list":{"0":"post-156305","1":"post","2":"type-post","3":"status-publish","4":"format-standard","5":"has-post-thumbnail","7":"category-grenoble","8":"tag-actu","9":"tag-actualites","10":"tag-auvergne-rhone-alpes","11":"tag-eu","12":"tag-europe","13":"tag-faits-divers","14":"tag-fr","15":"tag-france","16":"tag-grenoble","17":"tag-incendie","18":"tag-news","19":"tag-pompiers","20":"tag-republique-francaise"},"share_on_mastodon":{"url":"https:\/\/pubeurope.com\/@fr\/114636026422474261","error":""},"_links":{"self":[{"href":"https:\/\/www.europesays.com\/fr\/wp-json\/wp\/v2\/posts\/156305","targetHints":{"allow":["GET"]}}],"collection":[{"href":"https:\/\/www.europesays.com\/fr\/wp-json\/wp\/v2\/posts"}],"about":[{"href":"https:\/\/www.europesays.com\/fr\/wp-json\/wp\/v2\/types\/post"}],"author":[{"embeddable":true,"href":"https:\/\/www.europesays.com\/fr\/wp-json\/wp\/v2\/users\/2"}],"replies":[{"embeddable":true,"href":"https:\/\/www.europesays.com\/fr\/wp-json\/wp\/v2\/comments?post=156305"}],"version-history":[{"count":0,"href":"https:\/\/www.europesays.com\/fr\/wp-json\/wp\/v2\/posts\/156305\/revisions"}],"wp:featuredmedia":[{"embeddable":true,"href":"https:\/\/www.europesays.com\/fr\/wp-json\/wp\/v2\/media\/156306"}],"wp:attachment":[{"href":"https:\/\/www.europesays.com\/fr\/wp-json\/wp\/v2\/media?parent=156305"}],"wp:term":[{"taxonomy":"category","embeddable":true,"href":"https:\/\/www.europesays.com\/fr\/wp-json\/wp\/v2\/categories?post=156305"},{"taxonomy":"post_tag","embeddable":true,"href":"https:\/\/www.europesays.com\/fr\/wp-json\/wp\/v2\/tags?post=156305"}],"curies":[{"name":"wp","href":"https:\/\/api.w.org\/{rel}","templated":true}]}}