{"id":156307,"date":"2025-06-06T10:48:23","date_gmt":"2025-06-06T10:48:23","guid":{"rendered":"https:\/\/www.europesays.com\/fr\/156307\/"},"modified":"2025-06-06T10:48:23","modified_gmt":"2025-06-06T10:48:23","slug":"chavagne-a-lesperance-auditions-et-concerts-de-fin-dannee","status":"publish","type":"post","link":"https:\/\/www.europesays.com\/fr\/156307\/","title":{"rendered":"Chavagne. \u00c0 l\u2019Esp\u00e9rance, auditions et concerts de fin d\u2019ann\u00e9e"},"content":{"rendered":"<p>La section musique de l\u2019Esp\u00e9rance propose un spectacle de fin d\u2019ann\u00e9e samedi, de 17\u00a0h\u00a030 \u00e0 21\u00a0h\u00a030, dans la salle de l\u2019Entre-2-Rives.<\/p>\n<p>\u00a0\u00c0 cette occasion, vous pourrez y applaudir successivement nos plus jeunes guitaristes, nos pianistes ainsi que les deux formations multi-instrumentales de musique actuelle, indique Katia Brul\u00e9, membre de l\u2019association. La premi\u00e8re partie de soir\u00e9e d\u00e9butera par l\u2019audition des jeunes talents.\u00a0Le spectacle est ouvert \u00e0 tous, famille, amis, membres de l\u2019association ou non\u2026<\/p>\n<p>Un service de bar et de restauration sera propos\u00e9 sur place.<\/p>\n<p><strong>Samedi 7\u00a0juin<\/strong>, de 17\u00a0h\u00a030 \u00e0 21\u00a0h\u00a030, salle de l\u2019Entre-2-Rives, gratuit.<\/p>\n<p>\u00a0<\/p>\n","protected":false},"excerpt":{"rendered":"La section musique de l\u2019Esp\u00e9rance propose un spectacle de fin d\u2019ann\u00e9e samedi, de 17\u00a0h\u00a030 \u00e0 21\u00a0h\u00a030, dans la&hellip;\n","protected":false},"author":2,"featured_media":156308,"comment_status":"","ping_status":"","sticky":false,"template":"","format":"standard","meta":{"footnotes":""},"categories":[2821],"tags":[1111,11,5648,28723,829,11292,4156,28722,1777,674,5729,1011,27,12,3086,584,25],"class_list":{"0":"post-156307","1":"post","2":"type-post","3":"status-publish","4":"format-standard","5":"has-post-thumbnail","7":"category-rennes","8":"tag-actu","9":"tag-actualites","10":"tag-annee","11":"tag-auditions","12":"tag-bretagne","13":"tag-chavagne","14":"tag-concerts","15":"tag-esperance","16":"tag-eu","17":"tag-europe","18":"tag-fin","19":"tag-fr","20":"tag-france","21":"tag-news","22":"tag-redon","23":"tag-rennes","24":"tag-republique-francaise"},"share_on_mastodon":{"url":"https:\/\/pubeurope.com\/@fr\/114636030265394636","error":""},"_links":{"self":[{"href":"https:\/\/www.europesays.com\/fr\/wp-json\/wp\/v2\/posts\/156307","targetHints":{"allow":["GET"]}}],"collection":[{"href":"https:\/\/www.europesays.com\/fr\/wp-json\/wp\/v2\/posts"}],"about":[{"href":"https:\/\/www.europesays.com\/fr\/wp-json\/wp\/v2\/types\/post"}],"author":[{"embeddable":true,"href":"https:\/\/www.europesays.com\/fr\/wp-json\/wp\/v2\/users\/2"}],"replies":[{"embeddable":true,"href":"https:\/\/www.europesays.com\/fr\/wp-json\/wp\/v2\/comments?post=156307"}],"version-history":[{"count":0,"href":"https:\/\/www.europesays.com\/fr\/wp-json\/wp\/v2\/posts\/156307\/revisions"}],"wp:featuredmedia":[{"embeddable":true,"href":"https:\/\/www.europesays.com\/fr\/wp-json\/wp\/v2\/media\/156308"}],"wp:attachment":[{"href":"https:\/\/www.europesays.com\/fr\/wp-json\/wp\/v2\/media?parent=156307"}],"wp:term":[{"taxonomy":"category","embeddable":true,"href":"https:\/\/www.europesays.com\/fr\/wp-json\/wp\/v2\/categories?post=156307"},{"taxonomy":"post_tag","embeddable":true,"href":"https:\/\/www.europesays.com\/fr\/wp-json\/wp\/v2\/tags?post=156307"}],"curies":[{"name":"wp","href":"https:\/\/api.w.org\/{rel}","templated":true}]}}