{"id":156311,"date":"2025-06-06T10:50:14","date_gmt":"2025-06-06T10:50:14","guid":{"rendered":"https:\/\/www.europesays.com\/fr\/156311\/"},"modified":"2025-06-06T10:50:14","modified_gmt":"2025-06-06T10:50:14","slug":"le-tunnel-de-letoile-va-fermer-durant-deux-nuits-la-semaine-prochaine","status":"publish","type":"post","link":"https:\/\/www.europesays.com\/fr\/156311\/","title":{"rendered":"le tunnel de l&rsquo;\u00c9toile va fermer durant deux nuits la semaine prochaine"},"content":{"rendered":"<p>            Par<br \/>\n        <strong><br \/>\n            <a href=\"https:\/\/actu.fr\/auteur\/margot-fournie\" title=\"Consulter tous les articles de Margot Fournie\" rel=\"nofollow noopener\" target=\"_blank\">Margot Fournie<\/a><br \/>\n        <\/strong><\/p>\n<p>        Publi\u00e9 le<\/p>\n<p>            6 juin 2025 \u00e0 12h07        <\/p>\n<p>La semaine prochaine, le tunnel de l\u2019\u00c9toile, \u00e0 <a href=\"https:\/\/actu.fr\/strasbourg\/\" rel=\"nofollow noopener\" target=\"_blank\">Strasbourg<\/a>, va <strong>devoir fermer en soir\u00e9e<\/strong> pour permettre la r\u00e9alisation de <a href=\"https:\/\/actu.fr\/tag\/travaux\" rel=\"nofollow noopener\" target=\"_blank\">travaux<\/a><strong>\u00a0de maintenance<\/strong>.<\/p>\n<p class=\" wall-content\">Voici ce qu\u2019il faut savoir \u00e0 ce sujet pour anticiper vos d\u00e9placements.<\/p>\n<p>Le tunnel sera ferm\u00e9 durant deux nuits cons\u00e9cutives<\/p>\n<p class=\" wall-content\">Le tunnel sera d\u2019abord ferm\u00e9 dans le <strong>sens France \u2013 Allemagne<\/strong>, de 20h \u00e0 5h, dans la nuit du mercredi 11\u00a0juin au jeudi 12\u00a0juin.<\/p>\n<p class=\" wall-content\">Il sera ensuite ferm\u00e9, <strong>dans les deux sens de circulation<\/strong>, de 22h \u00e0 5h, du jeudi 12\u00a0juin au vendredi 13\u00a0juin.<\/p>\n<p class=\" wall-content\">Suivez toute l\u2019actualit\u00e9 de vos villes et m\u00e9dias favoris en vous inscrivant \u00e0 <a href=\"https:\/\/moncompte.actu.fr\" title=\"D\u00e9couvez Mon Actu\" rel=\"nofollow noopener\" data-trk=\"{&quot;cta&quot;:{&quot;action&quot;:&quot;https:\\\/\\\/moncompte.actu.fr&quot;,&quot;category&quot;:&quot;mon compte&quot;,&quot;from&quot;:&quot;article footer&quot;,&quot;name&quot;:&quot;Mon actu&quot;,&quot;type&quot;:&quot;cta&quot;}}\" target=\"_blank\">Mon Actu<\/a>.<\/p>\n","protected":false},"excerpt":{"rendered":"Par Margot Fournie Publi\u00e9 le 6 juin 2025 \u00e0 12h07 La semaine prochaine, le tunnel de l\u2019\u00c9toile, \u00e0&hellip;\n","protected":false},"author":2,"featured_media":58641,"comment_status":"","ping_status":"","sticky":false,"template":"","format":"standard","meta":{"footnotes":""},"categories":[2820],"tags":[1111,11,3542,1777,674,1011,27,775,12,25,104,640,2086],"class_list":{"0":"post-156311","1":"post","2":"type-post","3":"status-publish","4":"format-standard","5":"has-post-thumbnail","7":"category-strasbourg","8":"tag-actu","9":"tag-actualites","10":"tag-circulation","11":"tag-eu","12":"tag-europe","13":"tag-fr","14":"tag-france","15":"tag-grand-est","16":"tag-news","17":"tag-republique-francaise","18":"tag-societe","19":"tag-strasbourg","20":"tag-travaux"},"share_on_mastodon":{"url":"https:\/\/pubeurope.com\/@fr\/114636038110165036","error":""},"_links":{"self":[{"href":"https:\/\/www.europesays.com\/fr\/wp-json\/wp\/v2\/posts\/156311","targetHints":{"allow":["GET"]}}],"collection":[{"href":"https:\/\/www.europesays.com\/fr\/wp-json\/wp\/v2\/posts"}],"about":[{"href":"https:\/\/www.europesays.com\/fr\/wp-json\/wp\/v2\/types\/post"}],"author":[{"embeddable":true,"href":"https:\/\/www.europesays.com\/fr\/wp-json\/wp\/v2\/users\/2"}],"replies":[{"embeddable":true,"href":"https:\/\/www.europesays.com\/fr\/wp-json\/wp\/v2\/comments?post=156311"}],"version-history":[{"count":0,"href":"https:\/\/www.europesays.com\/fr\/wp-json\/wp\/v2\/posts\/156311\/revisions"}],"wp:featuredmedia":[{"embeddable":true,"href":"https:\/\/www.europesays.com\/fr\/wp-json\/wp\/v2\/media\/58641"}],"wp:attachment":[{"href":"https:\/\/www.europesays.com\/fr\/wp-json\/wp\/v2\/media?parent=156311"}],"wp:term":[{"taxonomy":"category","embeddable":true,"href":"https:\/\/www.europesays.com\/fr\/wp-json\/wp\/v2\/categories?post=156311"},{"taxonomy":"post_tag","embeddable":true,"href":"https:\/\/www.europesays.com\/fr\/wp-json\/wp\/v2\/tags?post=156311"}],"curies":[{"name":"wp","href":"https:\/\/api.w.org\/{rel}","templated":true}]}}