{"id":156318,"date":"2025-06-06T10:54:11","date_gmt":"2025-06-06T10:54:11","guid":{"rendered":"https:\/\/www.europesays.com\/fr\/156318\/"},"modified":"2025-06-06T10:54:11","modified_gmt":"2025-06-06T10:54:11","slug":"le-festival-de-la-ceramique-revient-pour-une-troisieme-edition-en-centre-ville","status":"publish","type":"post","link":"https:\/\/www.europesays.com\/fr\/156318\/","title":{"rendered":"le festival de la c\u00e9ramique revient pour une troisi\u00e8me \u00e9dition en centre-ville"},"content":{"rendered":"<p>            Par<br \/>\n        <strong><br \/>\n            <a href=\"https:\/\/actu.fr\/auteur\/thomas-bernard\" title=\"Consulter tous les articles de Thomas Bernard\" rel=\"nofollow noopener\" target=\"_blank\">Thomas Bernard<\/a><br \/>\n        <\/strong><\/p>\n<p>        Publi\u00e9 le<\/p>\n<p>            6 juin 2025 \u00e0 12h18        <\/p>\n<p>Sculptures, vaisselles, d\u00e9corations seront les voisines du th\u00e9\u00e2tre Graslin,<strong> samedi\u00a07 et dimanche 8\u00a0juin 2025<\/strong>.<\/p>\n<p class=\" wall-content\">Ce week-end, ce sont <strong>33\u00a0exposants c\u00e9ramistes et une photographe<\/strong> qui s\u2019installeront sur la place Graslin dans le centre-ville de Nantes \u00e0 l\u2019occasion de la troisi\u00e8me \u00e9dition du festival de la c\u00e9ramique.<\/p>\n<p class=\" wall-content\">Cet \u00e9v\u00e9nement culturel est organis\u00e9 par l\u2019association Histoires d\u2019Argile, r\u00e9unissant six\u00a0passionn\u00e9es de c\u00e9ramique et c\u00e9ramistes professionnelles\u2009: Margot Coville, Juliette Levasseur, Sylvaine Saint-Jalmes, Anne-Pierre Gaignon, Ga\u00eblle Roure et Ana\u00efs<br \/>Cazin.<\/p>\n<p>\u00ab\u2009Montrer la richesse de la discipline au public\u2009\u00bb<\/p>\n<p class=\" wall-content\">\u00ab\u2009Nous, les c\u00e9ramistes et les potiers, avons l\u2019habitude de vendre nos cr\u00e9ations lors de march\u00e9s ou de festivals d\u00e9di\u00e9s \u00e0 la c\u00e9ramique. Il y en a \u00e0 Quimper, Lorient ou Rennes, mais <strong>\u00e0 Nantes il n\u2019y en avait pas\u2009\u00bb,<\/strong> constate Margot Coville, c\u00e9ramiste professionnelle, install\u00e9e depuis dix ans \u00e0 l\u2019atelier Osmose.<\/p>\n<p class=\" wall-content\">Cette ann\u00e9e, les organisatrices ont re\u00e7u <strong>280 candidatures pour \u00eatre exposant<\/strong>.<\/p>\n<p>Vid\u00e9os : en ce moment sur Actu<\/p>\n<p class=\" wall-content\">\u00ab\u2009Les visiteurs pourront entrer dans un <strong>village de c\u00e9ramistes<\/strong> sur la place Graslin. Il sera possible de voir le travail en vrai et discuter avec l\u2019artiste\u2009\u00bb, pr\u00e9sente la c\u00e9ramiste nantaise. En plus de la partie exposition-vente, diverses animations seront propos\u00e9es comme celle du tourneur Beno\u00eet Audureau ou de l\u2019atelier Le tour de la terre.<\/p>\n<p>    <a href=\"https:\/\/www.facebook.com\/plugins\/post.php?href=https%3A%2F%2Fwww.facebook.com%2Fpermalink.php%3Fstory_fbid%3Dpfbid02weXByXhf6z2NxLg1hamzHBy99u2UHm2ZdQBakTHPS2UYdsUE8xuC8WHVYwcgwDhbl%26id%3D100086411027829&amp;show_text=true&amp;width=350\" title=\"Ouvrie le lien\" rel=\"nofollow noopener\" target=\"_blank\">Cliquez ici pour visualiser le contenu<\/a><\/p>\n<p class=\" wall-content\">Le visiteur pourra d\u00e9couvrir un panorama complet de la c\u00e9ramique car toutes les terres seront repr\u00e9sent\u00e9es\u2009:<strong> la fa\u00efence, le gr\u00e8s et la porcelaine.<\/strong> Toutes les cuissons et tous les styles seront aussi de la partie. \u00ab\u2009Nous voulions un \u00e9v\u00e9nement qui puisse montrer l\u2019\u00e9clectisme de la c\u00e9ramique et montrer la richesse de cette discipline au public\u2009\u00bb, confie la co-cr\u00e9atrice du festival.<\/p>\n<p class=\" wall-content\">Pour cette troisi\u00e8me \u00e9dition, <strong>Kartini Thomas<\/strong>, artiste am\u00e9ricaine bas\u00e9e \u00e0 Ol\u00e9ron, est l\u2019invit\u00e9e d\u2019honneur du festival. \u00ab\u2009Elle a un travail original et int\u00e9ressant sur le gigantisme ou dans le minimaliste. On est plus sur de la sculpture\u2009\u00bb, d\u00e9crit Margot Coville.<\/p>\n<p><strong>Infos pratiques<\/strong>\u2009:<br \/>Festival de la c\u00e9ramique, place Graslin \u00e0 Nantes, 7 et 8\u00a0juin<br \/>Horaires\u2009: 10h \u00e0 19h<br \/>Entr\u00e9e libre et gratuite<\/p>\n<p class=\" wall-content\">Suivez toute l\u2019actualit\u00e9 de vos villes et m\u00e9dias favoris en vous inscrivant \u00e0 <a href=\"https:\/\/moncompte.actu.fr\" title=\"D\u00e9couvez Mon Actu\" rel=\"nofollow noopener\" data-trk=\"{&quot;cta&quot;:{&quot;action&quot;:&quot;https:\\\/\\\/moncompte.actu.fr&quot;,&quot;category&quot;:&quot;mon compte&quot;,&quot;from&quot;:&quot;article footer&quot;,&quot;name&quot;:&quot;Mon actu&quot;,&quot;type&quot;:&quot;cta&quot;}}\" target=\"_blank\">Mon Actu<\/a>.<\/p>\n","protected":false},"excerpt":{"rendered":"Par Thomas Bernard Publi\u00e9 le 6 juin 2025 \u00e0 12h18 Sculptures, vaisselles, d\u00e9corations seront les voisines du th\u00e9\u00e2tre&hellip;\n","protected":false},"author":2,"featured_media":156319,"comment_status":"","ping_status":"","sticky":false,"template":"","format":"standard","meta":{"footnotes":""},"categories":[2818],"tags":[1111,11,1477,1777,674,849,1011,27,1652,766,12,2636,25],"class_list":{"0":"post-156318","1":"post","2":"type-post","3":"status-publish","4":"format-standard","5":"has-post-thumbnail","7":"category-nantes","8":"tag-actu","9":"tag-actualites","10":"tag-artisanat","11":"tag-eu","12":"tag-europe","13":"tag-festival","14":"tag-fr","15":"tag-france","16":"tag-loisirs-culture","17":"tag-nantes","18":"tag-news","19":"tag-pays-de-la-loire","20":"tag-republique-francaise"},"share_on_mastodon":{"url":"https:\/\/pubeurope.com\/@fr\/114636053795170229","error":""},"_links":{"self":[{"href":"https:\/\/www.europesays.com\/fr\/wp-json\/wp\/v2\/posts\/156318","targetHints":{"allow":["GET"]}}],"collection":[{"href":"https:\/\/www.europesays.com\/fr\/wp-json\/wp\/v2\/posts"}],"about":[{"href":"https:\/\/www.europesays.com\/fr\/wp-json\/wp\/v2\/types\/post"}],"author":[{"embeddable":true,"href":"https:\/\/www.europesays.com\/fr\/wp-json\/wp\/v2\/users\/2"}],"replies":[{"embeddable":true,"href":"https:\/\/www.europesays.com\/fr\/wp-json\/wp\/v2\/comments?post=156318"}],"version-history":[{"count":0,"href":"https:\/\/www.europesays.com\/fr\/wp-json\/wp\/v2\/posts\/156318\/revisions"}],"wp:featuredmedia":[{"embeddable":true,"href":"https:\/\/www.europesays.com\/fr\/wp-json\/wp\/v2\/media\/156319"}],"wp:attachment":[{"href":"https:\/\/www.europesays.com\/fr\/wp-json\/wp\/v2\/media?parent=156318"}],"wp:term":[{"taxonomy":"category","embeddable":true,"href":"https:\/\/www.europesays.com\/fr\/wp-json\/wp\/v2\/categories?post=156318"},{"taxonomy":"post_tag","embeddable":true,"href":"https:\/\/www.europesays.com\/fr\/wp-json\/wp\/v2\/tags?post=156318"}],"curies":[{"name":"wp","href":"https:\/\/api.w.org\/{rel}","templated":true}]}}