{"id":156322,"date":"2025-06-06T10:56:08","date_gmt":"2025-06-06T10:56:08","guid":{"rendered":"https:\/\/www.europesays.com\/fr\/156322\/"},"modified":"2025-06-06T10:56:08","modified_gmt":"2025-06-06T10:56:08","slug":"cinq-evenements-qui-valent-le-detour-pendant-le-festival-des-fiertes-a-bordeaux","status":"publish","type":"post","link":"https:\/\/www.europesays.com\/fr\/156322\/","title":{"rendered":"Cinq \u00e9v\u00e8nements qui valent le d\u00e9tour pendant le Festival des fiert\u00e9s \u00e0 Bordeaux"},"content":{"rendered":"<p>            Par<br \/>\n        <strong><br \/>\n            <a href=\"https:\/\/actu.fr\/auteur\/juliette-cardinale\" title=\"Consulter tous les articles de Juliette Cardinale\" target=\"_blank\" rel=\"noopener\">Juliette Cardinale<\/a><br \/>\n        <\/strong><\/p>\n<p>        Publi\u00e9 le<\/p>\n<p>            6 juin 2025 \u00e0 12h32        <\/p>\n<p>Tr\u00e8s visible \u00e0 travers les rues de Bordeaux ce samedi 31 mai, <a href=\"https:\/\/actu.fr\/nouvelle-aquitaine\/bordeaux_33063\/en-images-a-bordeaux-des-milliers-de-personnes-defilent-dans-le-centre-ville-pour-la-pride_62704921.html\" target=\"_blank\" rel=\"noopener\">la Marche des fiert\u00e9s<\/a> n\u2019est pas le seul moment fort du mois des fiert\u00e9s dans la capitale girondine. De nombreux \u00e9v\u00e8nements sont organis\u00e9s au long du mois : <strong>des expositions, des concerts, des tables rondes,<\/strong> des ateliers\u2026 Des fa\u00e7ons tr\u00e8s vari\u00e9es de d\u00e9couvrir l\u2019exp\u00e9rience des personnes LGBT+ et la lutte contre les discriminations. <a href=\"https:\/\/actu.fr\/bordeaux\/\" target=\"_blank\" rel=\"noopener\">Actu Bordeaux<\/a> a fait une s\u00e9lection de cinq \u00e9v\u00e8nements \u00e0 ne pas rater.\u00a0<\/p>\n<p>1. Une balade litt\u00e9raire\u00a0<\/p>\n<p class=\" wall-content\">Ce <strong>samedi 7 juin,<\/strong> plusieurs balades litt\u00e9raires sont organis\u00e9es dans Bordeaux. Cet \u00e9v\u00e8nement de la Compagnie d\u2019Ockhman intitul\u00e9 \u00ab\u00a0Les mots passants\u00a0\u00bb aura lieu dans le Parc bordelais de 10h15 \u00e0 11h puis au Jardin public de 15h45 \u00e0 16h30.<\/p>\n<p class=\" wall-content\">Cinq com\u00e9diens et com\u00e9diennes clameront des extraits de textes dans l\u2019espace public : <strong>po\u00e9sie, roman, th\u00e9\u00e2tre\u2026<\/strong> Tous sont li\u00e9s \u00ab\u00a0\u00e0 la lutte contre toutes discrimination particuli\u00e8rement contre les LGBTphobies\u00a0\u00bb, pr\u00e9cise le Girofard.<\/p>\n<p>2. Une fripe et un bingo<\/p>\n<p class=\" wall-content\">Du 11 au 15 juin, l\u2019Espace Mably devient <strong>un \u00ab\u00a0QG des fiert\u00e9s\u00a0\u00bb.<\/strong> Chaque jour, un \u00e9v\u00e8nement animera l\u2019espace en plus des expositions. Le dimanche sera enti\u00e8rement gratuit : la journ\u00e9e est d\u00e9di\u00e9e \u00e0 la parentalit\u00e9, de 11h \u00e0 17h30. Au programme : tables rondes, jeux, impro et ateliers. Mais aussi une fripe libre au profit de l\u2019association Le Refuge.\u00a0<\/p>\n<p class=\" wall-content\">Le soir, de 18h \u00e0 minuit, <strong>un Bingo des fiert\u00e9s<\/strong> animera l\u2019Espace Mably. Les drag queens Frida Kihlo, La Dech et Trudie Balls feront le show, les b\u00e9n\u00e9fices seront revers\u00e9 \u00e0 Girosport qui soutien l\u2019inclusion par le sport.\u00a0<\/p>\n<p>3. De l\u2019humour\u00a0<\/p>\n<p class=\" wall-content\">L\u2019autre \u00ab\u00a0QG des fiert\u00e9s\u00a0\u00bb, c\u2019est la halle des Chartrons du 25 au 29 juin. Pour les amateurs de rires, rendez-vous mercredi 25 juin. Le Girofard organise une <strong>soir\u00e9e de stand-up<\/strong> engag\u00e9 et une sc\u00e8ne ouverte. Pour s\u2019inscrire, <a href=\"http:\/\/actu.fr\/cdn-cgi\/l\/email-protection#eb8884859f8a889fab878ec68c8299848d8a998fc584998c\" target=\"_blank\" rel=\"noopener\">les contacter par mail<\/a> (5 \u00e0 10 minutes par personne).<\/p>\n<p>4. Une exposition<\/p>\n<p class=\" wall-content\">Du<strong> 4 au 29 juin,<\/strong> l\u2019exposition \u00ab 1000 r\u00eaves \u00bb s\u2019installe dans la galerie sauvage de Darwin \u00e9cosyst\u00e8me. \u00ab\u00a0L\u2019exposition \u00ab 1000 R\u00eaves \u00bb, organis\u00e9e par des r\u00e9fugi\u00e9\u00b7e\u00b7s LGBTQIA+, r\u00e9unit les histoires de r\u00e9fugi\u00e9\u00b7e\u00b7s LGBTQIA+\u00a0\u00bb, d\u00e9taillent les organisateurs.<\/p>\n<p class=\" wall-content\">On y d\u00e9couvre une s\u00e9rie de <strong>portraits de r\u00e9fugi\u00e9s,<\/strong> les raisons de leur d\u00e9part, l\u2019accueil qui leur a \u00e9t\u00e9 r\u00e9serv\u00e9, leurs r\u00eaves et espoirs\u2026\u00a0Gratuite, l\u2019exposition est accessible du mardi au dimanche de 11h \u00e0 19h.<\/p>\n<p>5. Un concert\u00a0<\/p>\n<p class=\" wall-content\">Pour les amateurs de chorale, rendez-vous au concert crois\u00e9 S\u2019asseoir tous au bord de l\u2019eau, <strong>samedi 28 juin \u00e0 20h30<\/strong> au temple du H\u00e2. Une belle mani\u00e8re de finir le mois des fiert\u00e9s en \u00e9coutant les voix de Gayt\u00e9 de Choeur, l\u2019ensemble vocal gay friendly de Bordeaux Nouvelle-Aquitaine et de Ganym\u00e8de, l\u2019ensemble vocal gai de Montr\u00e9al \u2013 Qu\u00e9bec.\u00a0<\/p>\n<p class=\" wall-content\">Ils seront dirig\u00e9s par les chefs de ch\u0153ur Marie-Anne Mazeau, Yvan Sabourin et Fr\u00e9d\u00e9ric Serrano, et accompagn\u00e9s du pianiste Antoine Millet. <strong>R\u00e9servation conseill\u00e9e<\/strong> (tarif 15 euros).\u00a0<\/p>\n<p class=\" wall-content\">Le programme complet du Festival des fiert\u00e9s est \u00e0 retrouver <a href=\"https:\/\/www.bordeaux.fr\/le-mois-des-fiertes\" target=\"_blank\" rel=\"noopener\">sur le site de la ville<\/a> ou <a href=\"https:\/\/www.le-girofard.org\/programme-festival-des-fiertes-2025\/\" target=\"_blank\" rel=\"noopener\">celui du Girofard.<\/a><\/p>\n<p class=\" wall-content\">Suivez toute l\u2019actualit\u00e9 de vos villes et m\u00e9dias favoris en vous inscrivant \u00e0 <a href=\"https:\/\/moncompte.actu.fr\" title=\"D\u00e9couvez Mon Actu\" rel=\"nofollow noopener\" data-trk=\"{&quot;cta&quot;:{&quot;action&quot;:&quot;https:\\\/\\\/moncompte.actu.fr&quot;,&quot;category&quot;:&quot;mon compte&quot;,&quot;from&quot;:&quot;article footer&quot;,&quot;name&quot;:&quot;Mon actu&quot;,&quot;type&quot;:&quot;cta&quot;}}\" target=\"_blank\">Mon Actu<\/a>.<\/p>\n","protected":false},"excerpt":{"rendered":"Par Juliette Cardinale Publi\u00e9 le 6 juin 2025 \u00e0 12h32 Tr\u00e8s visible \u00e0 travers les rues de Bordeaux&hellip;\n","protected":false},"author":2,"featured_media":156323,"comment_status":"","ping_status":"","sticky":false,"template":"","format":"standard","meta":{"footnotes":""},"categories":[2817],"tags":[1111,11,1997,1777,674,849,1011,27,8717,9087,1652,12,2219,25],"class_list":{"0":"post-156322","1":"post","2":"type-post","3":"status-publish","4":"format-standard","5":"has-post-thumbnail","7":"category-bordeaux","8":"tag-actu","9":"tag-actualites","10":"tag-bordeaux","11":"tag-eu","12":"tag-europe","13":"tag-festival","14":"tag-fr","15":"tag-france","16":"tag-homophobie","17":"tag-lgbt","18":"tag-loisirs-culture","19":"tag-news","20":"tag-nouvelle-aquitaine","21":"tag-republique-francaise"},"share_on_mastodon":{"url":"https:\/\/pubeurope.com\/@fr\/114636061650519123","error":""},"_links":{"self":[{"href":"https:\/\/www.europesays.com\/fr\/wp-json\/wp\/v2\/posts\/156322","targetHints":{"allow":["GET"]}}],"collection":[{"href":"https:\/\/www.europesays.com\/fr\/wp-json\/wp\/v2\/posts"}],"about":[{"href":"https:\/\/www.europesays.com\/fr\/wp-json\/wp\/v2\/types\/post"}],"author":[{"embeddable":true,"href":"https:\/\/www.europesays.com\/fr\/wp-json\/wp\/v2\/users\/2"}],"replies":[{"embeddable":true,"href":"https:\/\/www.europesays.com\/fr\/wp-json\/wp\/v2\/comments?post=156322"}],"version-history":[{"count":0,"href":"https:\/\/www.europesays.com\/fr\/wp-json\/wp\/v2\/posts\/156322\/revisions"}],"wp:featuredmedia":[{"embeddable":true,"href":"https:\/\/www.europesays.com\/fr\/wp-json\/wp\/v2\/media\/156323"}],"wp:attachment":[{"href":"https:\/\/www.europesays.com\/fr\/wp-json\/wp\/v2\/media?parent=156322"}],"wp:term":[{"taxonomy":"category","embeddable":true,"href":"https:\/\/www.europesays.com\/fr\/wp-json\/wp\/v2\/categories?post=156322"},{"taxonomy":"post_tag","embeddable":true,"href":"https:\/\/www.europesays.com\/fr\/wp-json\/wp\/v2\/tags?post=156322"}],"curies":[{"name":"wp","href":"https:\/\/api.w.org\/{rel}","templated":true}]}}