{"id":156333,"date":"2025-06-06T11:02:10","date_gmt":"2025-06-06T11:02:10","guid":{"rendered":"https:\/\/www.europesays.com\/fr\/156333\/"},"modified":"2025-06-06T11:02:10","modified_gmt":"2025-06-06T11:02:10","slug":"rtm-a-marseille-des-chauffeurs-de-bus-arretent-le-travail-apres-la-decouverte-dune-punaise-de-lit","status":"publish","type":"post","link":"https:\/\/www.europesays.com\/fr\/156333\/","title":{"rendered":"RTM. \u00c0 Marseille, des chauffeurs de bus arr\u00eatent le travail apr\u00e8s la d\u00e9couverte d\u2019une punaise de lit"},"content":{"rendered":"<p>            Par<br \/>\n        <strong><br \/>\n            <a href=\"https:\/\/actu.fr\/auteur\/thibault-nadal-actu-fr\" title=\"Consulter tous les articles de Thibault Nadal\" rel=\"nofollow noopener\" target=\"_blank\">Thibault Nadal<\/a><br \/>\n        <\/strong><\/p>\n<p>        Publi\u00e9 le<\/p>\n<p>            6 juin 2025 \u00e0 12h44        <\/p>\n<p><strong>INFO ACTU MARSEILLE<\/strong>. Semaine vraiment difficile dans <a href=\"https:\/\/actu.fr\/tag\/transport\" rel=\"nofollow noopener\" target=\"_blank\">les transports<\/a>. Ce vendredi 6\u00a0juin 2025, les conducteurs des bus d\u00e9pendant du d\u00e9p\u00f4t du Arenc le Silo (<a href=\"https:\/\/actu.fr\/marseille\/\" rel=\"nofollow noopener\" target=\"_blank\">Marseille<\/a>, 3e) ont exerc\u00e9 <strong>leur droit apr\u00e8s avoir d\u00e9couvert une punaise de lit dans une cabine<\/strong>, apprend actu Marseille aupr\u00e8s d\u2019une source syndicale. \u00ab\u2009C\u2019est le quotidien des chauffeurs\u2009\u00bb, poursuit cette source, d\u00e9sabus\u00e9e par cette situation.<\/p>\n<p class=\" wall-content\">Contact\u00e9e, <a href=\"https:\/\/actu.fr\/tag\/rtm\" rel=\"nofollow noopener\" target=\"_blank\">la RTM<\/a> n\u2019a pour le moment pas donn\u00e9 suite \u00e0 nos sollicitations.<\/p>\n<p>Une vingtaine de lignes concern\u00e9es<\/p>\n<p class=\" wall-content\">Au total, ce sont une vingtaine de lignes qui sont perturb\u00e9es, voire interrompues.\u00a0Sur <a href=\"https:\/\/www.rtm.fr\/infos-trafic\/4712178986741954635\" rel=\"nofollow noopener\" target=\"_blank\">son site<\/a>, la RTM donne les d\u00e9tails, sans r\u00e9v\u00e9ler les explications.<\/p>\n<p class=\" wall-content\">Les lignes <strong>interrompues<\/strong> sont les suivantes\u2009: Bus B2, 25, 28, 30, 35, 35T, 36, 36B, 72, 88, 96 et 98.<\/p>\n<p class=\" wall-content\">Les lignes actuellement <strong>perturb\u00e9es<\/strong>\u2009: Bus 38, 70, 82, 82S, 95S.<\/p>\n<p>Vid\u00e9os : en ce moment sur Actu<\/p>\n<p class=\" wall-content\">Notre source avance que ce <strong>mouvement pourrait se g\u00e9n\u00e9raliser<\/strong> dans les heures qui viennent.<\/p>\n<p>    <img   decoding=\"async\" loading=\"lazy\" src=\"https:\/\/www.europesays.com\/fr\/wp-content\/uploads\/2025\/06\/design-sans-titre-13-960x640.png\" alt=\"La punaise d\u00e9couverte ce vendredi 6 juin 2025 dans une cabine de bus \u00e0 Marseille.\" width=\"960\" height=\"640\"\/><br \/>\n    La punaise d\u00e9couverte ce vendredi 6\u00a0juin 2025 dans une cabine de bus \u00e0 Marseille. (\u00a9Document remis \u00e0 actu Marseille)D\u00e9j\u00e0 un droit de retrait mardi<\/p>\n<p class=\" wall-content\">Mardi, des agents de la RTM avaient d\u00e9j\u00e0 exerc\u00e9 leur droit de retrait. Ils s\u2019agissaient du personnel de <a href=\"https:\/\/actu.fr\/provence-alpes-cote-d-azur\/marseille_13055\/marseille-cette-ligne-de-metro-de-la-rtm-arretee-d-urgence-ce-qu-il-se-passe_62720777.html\" rel=\"nofollow noopener\" target=\"_blank\">la ligne 2 du m\u00e9tro qui a \u00e9t\u00e9 interrompue de longues heures<\/a>.<\/p>\n<p class=\" wall-content\">Ils se sont mobilis\u00e9s contre <a href=\"https:\/\/actu.fr\/provence-alpes-cote-d-azur\/marseille_13055\/marseille-metro-a-l-arret-poubelles-qui-debordent-que-se-passe-t-il-a-la-rtm_62721769.html\" rel=\"nofollow noopener\" target=\"_blank\">l\u2019\u00e9tat de propret\u00e9 des installations avec notamment des poubelles qui d\u00e9bordent<\/a>. Dans un communiqu\u00e9 diffus\u00e9 mardi soir, la RTM a confirm\u00e9 \u00ab\u2009l\u2019\u00e9tat inadmissible de ses installations\u2009\u00bb et charg\u00e9 les employ\u00e9s de l\u2019entreprise \u00e0 qui elle a d\u00e9l\u00e9gu\u00e9 les activit\u00e9s de nettoyage.<\/p>\n<p class=\" wall-content\">Suivez toute l\u2019actualit\u00e9 de vos villes et m\u00e9dias favoris en vous inscrivant \u00e0 <a href=\"https:\/\/moncompte.actu.fr\" title=\"D\u00e9couvez Mon Actu\" rel=\"nofollow noopener\" data-trk=\"{&quot;cta&quot;:{&quot;action&quot;:&quot;https:\\\/\\\/moncompte.actu.fr&quot;,&quot;category&quot;:&quot;mon compte&quot;,&quot;from&quot;:&quot;article footer&quot;,&quot;name&quot;:&quot;Mon actu&quot;,&quot;type&quot;:&quot;cta&quot;}}\" target=\"_blank\">Mon Actu<\/a>.<\/p>\n","protected":false},"excerpt":{"rendered":"Par Thibault Nadal Publi\u00e9 le 6 juin 2025 \u00e0 12h44 INFO ACTU MARSEILLE. Semaine vraiment difficile dans les&hellip;\n","protected":false},"author":2,"featured_media":156334,"comment_status":"","ping_status":"","sticky":false,"template":"","format":"standard","meta":{"footnotes":""},"categories":[2814],"tags":[1111,11,1777,674,1011,27,884,12,882,25,10783,104,2803],"class_list":{"0":"post-156333","1":"post","2":"type-post","3":"status-publish","4":"format-standard","5":"has-post-thumbnail","7":"category-marseille","8":"tag-actu","9":"tag-actualites","10":"tag-eu","11":"tag-europe","12":"tag-fr","13":"tag-france","14":"tag-marseille","15":"tag-news","16":"tag-provence-alpes-cote-dazur","17":"tag-republique-francaise","18":"tag-rtm","19":"tag-societe","20":"tag-transport"},"share_on_mastodon":{"url":"https:\/\/pubeurope.com\/@fr\/114636085241174466","error":""},"_links":{"self":[{"href":"https:\/\/www.europesays.com\/fr\/wp-json\/wp\/v2\/posts\/156333","targetHints":{"allow":["GET"]}}],"collection":[{"href":"https:\/\/www.europesays.com\/fr\/wp-json\/wp\/v2\/posts"}],"about":[{"href":"https:\/\/www.europesays.com\/fr\/wp-json\/wp\/v2\/types\/post"}],"author":[{"embeddable":true,"href":"https:\/\/www.europesays.com\/fr\/wp-json\/wp\/v2\/users\/2"}],"replies":[{"embeddable":true,"href":"https:\/\/www.europesays.com\/fr\/wp-json\/wp\/v2\/comments?post=156333"}],"version-history":[{"count":0,"href":"https:\/\/www.europesays.com\/fr\/wp-json\/wp\/v2\/posts\/156333\/revisions"}],"wp:featuredmedia":[{"embeddable":true,"href":"https:\/\/www.europesays.com\/fr\/wp-json\/wp\/v2\/media\/156334"}],"wp:attachment":[{"href":"https:\/\/www.europesays.com\/fr\/wp-json\/wp\/v2\/media?parent=156333"}],"wp:term":[{"taxonomy":"category","embeddable":true,"href":"https:\/\/www.europesays.com\/fr\/wp-json\/wp\/v2\/categories?post=156333"},{"taxonomy":"post_tag","embeddable":true,"href":"https:\/\/www.europesays.com\/fr\/wp-json\/wp\/v2\/tags?post=156333"}],"curies":[{"name":"wp","href":"https:\/\/api.w.org\/{rel}","templated":true}]}}