{"id":156339,"date":"2025-06-06T11:05:11","date_gmt":"2025-06-06T11:05:11","guid":{"rendered":"https:\/\/www.europesays.com\/fr\/156339\/"},"modified":"2025-06-06T11:05:11","modified_gmt":"2025-06-06T11:05:11","slug":"au-7e-regiment-du-materiel-de-lyon-un-recrutement-innovant-qui-va-etre-replique","status":"publish","type":"post","link":"https:\/\/www.europesays.com\/fr\/156339\/","title":{"rendered":"au 7e r\u00e9giment du mat\u00e9riel de Lyon, un recrutement \u00ab\u00a0innovant\u00a0\u00bb qui va \u00eatre \u00ab\u00a0r\u00e9pliqu\u00e9\u00a0\u00bb"},"content":{"rendered":"<p>Apr\u00e8s sept mois d\u2019une \u00ab\u00a0formation innovante en alternance, alliant maintenance et acculturation militaire\u00a0\u00bb, dix jeunes ont sign\u00e9, lundi, au 7e\u00a0 r\u00e9giment du mat\u00e9riel (RMAT) de Lyon, un contrat de trois \u00e0 neuf ans comme engag\u00e9 volontaire de l\u2019arm\u00e9e de Terre.<\/p>\n<p>Ces n\u00e9osoldats maintenanciers de montagne ont \u00e9t\u00e9 form\u00e9s sur les plateaux techniques du lyc\u00e9e professionnel \u00c9tienne-Mimard \u00e0 Saint-\u00c9tienne (Loire) et dans les ateliers du 7e\u00a0 RMAT \u00e0 Lyon. Ils viennent de prendre la direction du centre de formation initiale des militaires du rang de N\u00eemes (Gard), pour \u00ab\u00a0consolider leur apprentissage de soldat\u00a0\u00bb pendant trois mois, pr\u00e9cise le 7e\u00a0 r\u00e9giment du mat\u00e9riel.<\/p>\n<p>  \u00ab\u00a0P\u00e9renniser un recrutement local et durable\u00a0\u00bb<\/p>\n<p>\u00ab\u00a0Cette innovation en termes de recrutement est p\u00e9rennis\u00e9e \u00e0 notre niveau, le 7e\u00a0 RMAT \u00e9tait le premier \u00e0 mettre ce dispositif en place, et va \u00eatre r\u00e9pliqu\u00e9 dans d\u2019autres r\u00e9gions.\u00a0\u00bb Localement, la prochaine formation d\u00e9butera le 20\u00a0octobre. \u00ab\u00a0Les candidats peuvent d\u2019ores et d\u00e9j\u00e0 se rapprocher du r\u00e9giment ou d\u2019un Centre d\u2019information et de recrutement des forces arm\u00e9es (CIRFA) pour pr\u00e9senter leur volontariat.\u00a0\u00bb<\/p>\n<p>Cette formation est le fruit d\u2019un partenariat entre le GRETA CFA Loire et le 7e\u00a0 RMAT, avec un soutien financier de la R\u00e9gion. Elle est ouverte aux femmes et hommes \u00e2g\u00e9s d\u2019au moins 17 ans et demi. L\u2019objectif est de \u00ab\u00a0p\u00e9renniser un recrutement local et durable, r\u00e9pondant aux besoins sp\u00e9cifiques de l\u2019arm\u00e9e en mati\u00e8re de maintenance en zone montagneuse\u00a0\u00bb, et offrant leur chance \u00e0 des jeunes qui \u00ab\u00a0n\u2019ont pas forc\u00e9ment le bac\u00a0\u00bb.<\/p>\n","protected":false},"excerpt":{"rendered":"Apr\u00e8s sept mois d\u2019une \u00ab\u00a0formation innovante en alternance, alliant maintenance et acculturation militaire\u00a0\u00bb, dix jeunes ont sign\u00e9, lundi,&hellip;\n","protected":false},"author":2,"featured_media":156340,"comment_status":"","ping_status":"","sticky":false,"template":"","format":"standard","meta":{"footnotes":""},"categories":[1889],"tags":[1111,11,2430,3206,2757,1057,1777,674,5016,1011,27,2428,2756,12,25,2429],"class_list":{"0":"post-156339","1":"post","2":"type-post","3":"status-publish","4":"format-standard","5":"has-post-thumbnail","7":"category-lyon","8":"tag-actu","9":"tag-actualites","10":"tag-auvergne-rhone-alpes","11":"tag-defense-guerre-conflit","12":"tag-edition-lyon-villeurbanne","13":"tag-education","14":"tag-eu","15":"tag-europe","16":"tag-formation-orientation","17":"tag-fr","18":"tag-france","19":"tag-lyon","20":"tag-lyon-bassin","21":"tag-news","22":"tag-republique-francaise","23":"tag-rhone"},"share_on_mastodon":{"url":"https:\/\/pubeurope.com\/@fr\/114636097026733016","error":""},"_links":{"self":[{"href":"https:\/\/www.europesays.com\/fr\/wp-json\/wp\/v2\/posts\/156339","targetHints":{"allow":["GET"]}}],"collection":[{"href":"https:\/\/www.europesays.com\/fr\/wp-json\/wp\/v2\/posts"}],"about":[{"href":"https:\/\/www.europesays.com\/fr\/wp-json\/wp\/v2\/types\/post"}],"author":[{"embeddable":true,"href":"https:\/\/www.europesays.com\/fr\/wp-json\/wp\/v2\/users\/2"}],"replies":[{"embeddable":true,"href":"https:\/\/www.europesays.com\/fr\/wp-json\/wp\/v2\/comments?post=156339"}],"version-history":[{"count":0,"href":"https:\/\/www.europesays.com\/fr\/wp-json\/wp\/v2\/posts\/156339\/revisions"}],"wp:featuredmedia":[{"embeddable":true,"href":"https:\/\/www.europesays.com\/fr\/wp-json\/wp\/v2\/media\/156340"}],"wp:attachment":[{"href":"https:\/\/www.europesays.com\/fr\/wp-json\/wp\/v2\/media?parent=156339"}],"wp:term":[{"taxonomy":"category","embeddable":true,"href":"https:\/\/www.europesays.com\/fr\/wp-json\/wp\/v2\/categories?post=156339"},{"taxonomy":"post_tag","embeddable":true,"href":"https:\/\/www.europesays.com\/fr\/wp-json\/wp\/v2\/tags?post=156339"}],"curies":[{"name":"wp","href":"https:\/\/api.w.org\/{rel}","templated":true}]}}