{"id":156345,"date":"2025-06-06T11:08:08","date_gmt":"2025-06-06T11:08:08","guid":{"rendered":"https:\/\/www.europesays.com\/fr\/156345\/"},"modified":"2025-06-06T11:08:08","modified_gmt":"2025-06-06T11:08:08","slug":"notre-selection-dactivites-coups-de-coeur-a-paris-et-en-petite-couronne","status":"publish","type":"post","link":"https:\/\/www.europesays.com\/fr\/156345\/","title":{"rendered":"notre s\u00e9lection d&rsquo;activit\u00e9s coups de c\u0153ur \u00e0 Paris et en petite couronne"},"content":{"rendered":"<p>            Par<br \/>\n        <strong><br \/>\n            <a href=\"https:\/\/actu.fr\/auteur\/dorinegoth\" title=\"Consulter tous les articles de Dorine Goth\" target=\"_blank\" rel=\"noopener\">Dorine Goth<\/a><br \/>\n        <\/strong><\/p>\n<p>        Publi\u00e9 le<\/p>\n<p>            6 juin 2025 \u00e0 12h06        <\/p>\n<p>C\u2019est l\u2019occasion de fl\u00e2ner dans les rues de Paris jusqu\u2019\u00e0 l\u2019aube. Samedi 7\u00a0juin 2025, la <strong><a href=\"https:\/\/actu.fr\/tag\/nuit-blanche\" target=\"_blank\" rel=\"noopener\">Nuit Blanche<\/a> <\/strong>revient \u00e0 <strong>Paris<\/strong> pour une nouvelle \u00e9dition avec la r\u00e9alisatrice et actrice <a href=\"https:\/\/actu.fr\/normandie\/saint-aubin-sur-mer_14562\/cinema-valerie-donzelli-presente-lamour-et-les-forets-sur-la-cote-de-nacre_59983396.html\" target=\"_blank\" rel=\"noopener\">Val\u00e9rie Donzelli<\/a> \u00e0 la direction. \u00c0 l\u2019image de sa directrice, c\u2019est le cin\u00e9ma qui est mis \u00e0 l\u2019honneur, avec notamment la participation du r\u00e9alisateur <a href=\"https:\/\/actu.fr\/auvergne-rhone-alpes\/annecy_74010\/ce-realisateur-connu-mondialement-sera-l-invite-d-honneur-du-festival-du-film-d-animation-d-annecy_62127394.html\" target=\"_blank\" rel=\"noopener\">Michel Gondry<\/a>. Et alors que le programme propose des rendez-vous partout \u00e0 Paris et en petite couronne, voici une s\u00e9lection des <strong>coups de c\u0153ur<\/strong> de la r\u00e9daction d\u2019actu Paris.<\/p>\n<p>Paris<\/p>\n<p class=\" wall-content\"><strong>Le film et la berceuse de Michel Gondry<\/strong><\/p>\n<p class=\" wall-content\">De Montparnasse \u00e0 Stalingrad, les \u0153uvres de Michel Gondry apporteront de la po\u00e9sie dans la nuit. Au sud, le film Quel Nuit Blanche\u2009! cr\u00e9\u00e9 pour l\u2019\u00e9v\u00e9nement sera diffus\u00e9 sur le parvis de la gare Montparnasse, tandis qu\u2019au nord, une bo\u00eete \u00e0 musique monumentale diffusera la musique du film.<\/p>\n<p><strong>Infos pratiques<\/strong><br \/>Quelle Nuit Blanche, place Raoul Dautry, de 19\u00a0heures \u00e0 2\u00a0heures<br \/>Bo\u00eete \u00e0 musique, place de la Bataille de Stalingrad, de 19\u00a0heures \u00e0 2\u00a0heures<\/p>\n<p class=\" wall-content\"><strong>Une boum phosphorescente mobile<\/strong><\/p>\n<p class=\" wall-content\">Le long du canal Saint-Martin, un soundsystem ambulant animera le bassin avec son \u0153uvre lumineuse. Musique et lumi\u00e8re seront articul\u00e9es en symbiose avec une pause toutes les heures pour \u00ab\u2009le quart d\u2019heure am\u00e9ricain\u2009\u00bb. L\u00e0, une boule \u00e0 facettes surgira pour projeter ses reflets sur les fa\u00e7ades des immeubles.<\/p>\n<p><strong>Infos pratiques<br \/><\/strong>B.P.M, quai de Valmy, quai de Jemmapes, de 19\u00a0heures \u00e0 2\u00a0heures<\/p>\n<p class=\" wall-content\"><strong>Transymphonique<\/strong><\/p>\n<p class=\" wall-content\">Au c\u0153ur du marais, dans la Halle des Blancs Manteaux, la soir\u00e9e va monter crescendo. Le concert symphonique du d\u00e9but de soir\u00e9e laissera place progressivement en f\u00eate collective techno-trance-latino.<\/p>\n<p><strong>Infos pratiques<br \/><\/strong>Transymphonique, 48 rue Vieille du Temple, de 20\u00a0heures \u00e0 00h30<\/p>\n<p class=\" wall-content\"><strong>\u00c2mes Sentinelles<\/strong>\u2009: pour la premi\u00e8re fois, les Catacombes de Paris ouvrent leur porte \u00e0 la Nuit Blanche. Pour cette exp\u00e9rience in\u00e9dite, le festival propose un parcours sonore de 900\u00a0m\u00e8tres au milieu des galeries jusqu\u2019\u00e0 l\u2019ossuaire.<\/p>\n<p><strong>Infos pratiques<br \/><\/strong>\u00c2mes Sentinelles (Quoi, L\u2019\u00c9ternit\u00e9), 1, avenue du Colonel Henri Rol Tanguy, de 21\u00a0heures \u00e0 1h30<\/p>\n<p class=\" wall-content\"><strong>Orbe<\/strong><\/p>\n<p class=\" wall-content\">Ambiance immersive monumentale au gymnase Bidassoa o\u00f9 Ranki_K3at fait interagir formes, lumi\u00e8re et son avec une sph\u00e8re lumineuse g\u00e9ante de 7\u00a0m\u00e8tres de diam\u00e8tre.<\/p>\n<p><strong>Infos pratiques<br \/><\/strong>Orbe, 25 rue de la Bidassoa, de 21\u00a0heures \u00e0 4\u00a0heures<\/p>\n<p class=\" wall-content\"><strong>Bonus<\/strong><\/p>\n<p class=\" wall-content\">Les enfants ont aussi le droit \u00e0 leur Nuit Blanche sur le parvis de la mairie du 18e. Le collectif Airfono proposera une d\u00e9ambulation festive avec boum, concert dessin\u00e9, installations et DJ sets.<\/p>\n<p><strong>Infos pratiques<br \/><\/strong>Nuit Blanche des enfants, 1, place Jules Joffrin, de 19\u00a0heures \u00e0 23\u00a0heures<\/p>\n<p>Banlieue<\/p>\n<p class=\" wall-content\"><strong>L\u2019usine de films amateurs<\/strong><\/p>\n<p class=\" wall-content\">Michel Gondry passe le p\u00e9riph\u00e9rique et installe \u00e0 Villejuif son Usine de Films Amateurs. Le dispositif participatif, gratuit et accessible \u00e0 toutes et tous est inspir\u00e9 de son film Soyez sympas, rembobinez.<\/p>\n<p><strong>Infos pratiques<br \/><\/strong>L\u2019Usine de Films Amateurs, 56, avenue de Paris \u00e0 Villejuif, de 11\u00a0heures \u00e0 1 heure<\/p>\n<p class=\" wall-content\"><strong>Drive-in au Wonder<\/strong><\/p>\n<p class=\" wall-content\">Le Wonder transforme son toit-terrasse de 600 m\u00b2 en drive-in monumental, se r\u00e9appropriant les codes du cin\u00e9ma en plein air. Le spectacle alliera marionnettes monumentales, musique exp\u00e9rimentale, performances, exp\u00e9riences culinaires de Solo Chaud et cr\u00e9ations in situ des artistes r\u00e9sidents.<\/p>\n<p><strong>Infos pratiques<br \/><\/strong>Drive-in au Wonder, 109, rue de Paris \u00e0 Bobigny, de 18\u00a0heures \u00e0 2\u00a0heures<\/p>\n<p class=\" wall-content\"><strong>Ballet collectif<\/strong><\/p>\n<p class=\" wall-content\">La Ville dans\u00e9e revient \u00e0 Saint-Ouen avec un ballet sur la musique de Philipp Glass chor\u00e9graphi\u00e9 par Jamar Roberts, Dimitri Chamblas, Pam Tanowitz, Benjamin Millipied et Emmanuelle Huynh.<\/p>\n<p><strong>Infos pratiques<br \/><\/strong>La Ville dans\u00e9e 2025, 23, avenue du Capitaine Glarner \u00e0 Saint-Ouen, de 19\u00a0heures \u00e0 23\u00a0heures<\/p>\n<p class=\" wall-content\"><strong>Voyage lunaire au Hangar Y<\/strong><\/p>\n<p class=\" wall-content\">Pour la troisi\u00e8me ann\u00e9e cons\u00e9cutive, le Hangar Y ouvre ses portes \u00e0 la Nuit Blanche. Cette ann\u00e9e, l\u2019ancien hangar \u00e0 dirigeable met le cap vers l\u2019espace et la lune. Au programme, un spectacle acrobatique, une improvisation au piano puis la diffusion du film de M\u00e9li\u00e8s, Le Voyage dans la Lune, suivi de\u00a0Proxima.<\/p>\n<p><strong>Infos pratiques<br \/><\/strong>Voyage Lunaire, 9 avenue de Trivaux \u00e0 Meudon, de 19\u00a0heures \u00e0 minuit<\/p>\n<p class=\" wall-content\">Et bonne nouvelle, pour pouvoir profiter au maximum du programme et se d\u00e9placer d\u2019un point \u00e0 l\u2019autre, les V\u00e9lib\u2019 sont gratuits toute la soir\u00e9e avec le code MGP2025.<\/p>\n<p class=\" wall-content\">Suivez toute l\u2019actualit\u00e9 de vos villes et m\u00e9dias favoris en vous inscrivant \u00e0 <a href=\"https:\/\/moncompte.actu.fr\" title=\"D\u00e9couvez Mon Actu\" rel=\"nofollow noopener\" data-trk=\"{&quot;cta&quot;:{&quot;action&quot;:&quot;https:\\\/\\\/moncompte.actu.fr&quot;,&quot;category&quot;:&quot;mon compte&quot;,&quot;from&quot;:&quot;article footer&quot;,&quot;name&quot;:&quot;Mon actu&quot;,&quot;type&quot;:&quot;cta&quot;}}\" target=\"_blank\">Mon Actu<\/a>.<\/p>\n","protected":false},"excerpt":{"rendered":"Par Dorine Goth Publi\u00e9 le 6 juin 2025 \u00e0 12h06 C\u2019est l\u2019occasion de fl\u00e2ner dans les rues de&hellip;\n","protected":false},"author":2,"featured_media":156346,"comment_status":"","ping_status":"","sticky":false,"template":"","format":"standard","meta":{"footnotes":""},"categories":[1888],"tags":[1111,1928,11,1927,650,1777,674,1011,27,1652,12,1926,14156,626,1925,25],"class_list":{"0":"post-156345","1":"post","2":"type-post","3":"status-publish","4":"format-standard","5":"has-post-thumbnail","7":"category-paris","8":"tag-actu","9":"tag-actu-paris","10":"tag-actualites","11":"tag-actualites-paris","12":"tag-cinema","13":"tag-eu","14":"tag-europe","15":"tag-fr","16":"tag-france","17":"tag-loisirs-culture","18":"tag-news","19":"tag-news-paris","20":"tag-nuit-blanche","21":"tag-paris","22":"tag-paris-news","23":"tag-republique-francaise"},"share_on_mastodon":{"url":"https:\/\/pubeurope.com\/@fr\/114636108789059529","error":""},"_links":{"self":[{"href":"https:\/\/www.europesays.com\/fr\/wp-json\/wp\/v2\/posts\/156345","targetHints":{"allow":["GET"]}}],"collection":[{"href":"https:\/\/www.europesays.com\/fr\/wp-json\/wp\/v2\/posts"}],"about":[{"href":"https:\/\/www.europesays.com\/fr\/wp-json\/wp\/v2\/types\/post"}],"author":[{"embeddable":true,"href":"https:\/\/www.europesays.com\/fr\/wp-json\/wp\/v2\/users\/2"}],"replies":[{"embeddable":true,"href":"https:\/\/www.europesays.com\/fr\/wp-json\/wp\/v2\/comments?post=156345"}],"version-history":[{"count":0,"href":"https:\/\/www.europesays.com\/fr\/wp-json\/wp\/v2\/posts\/156345\/revisions"}],"wp:featuredmedia":[{"embeddable":true,"href":"https:\/\/www.europesays.com\/fr\/wp-json\/wp\/v2\/media\/156346"}],"wp:attachment":[{"href":"https:\/\/www.europesays.com\/fr\/wp-json\/wp\/v2\/media?parent=156345"}],"wp:term":[{"taxonomy":"category","embeddable":true,"href":"https:\/\/www.europesays.com\/fr\/wp-json\/wp\/v2\/categories?post=156345"},{"taxonomy":"post_tag","embeddable":true,"href":"https:\/\/www.europesays.com\/fr\/wp-json\/wp\/v2\/tags?post=156345"}],"curies":[{"name":"wp","href":"https:\/\/api.w.org\/{rel}","templated":true}]}}