{"id":156360,"date":"2025-06-06T11:16:10","date_gmt":"2025-06-06T11:16:10","guid":{"rendered":"https:\/\/www.europesays.com\/fr\/156360\/"},"modified":"2025-06-06T11:16:10","modified_gmt":"2025-06-06T11:16:10","slug":"lallemagne-risque-encore-deux-ans-de-recession-en-cas-descalade-lexpress","status":"publish","type":"post","link":"https:\/\/www.europesays.com\/fr\/156360\/","title":{"rendered":"l&rsquo;Allemagne risque encore deux ans de r\u00e9cession en cas d&rsquo;escalade \u2013 L&rsquo;Express"},"content":{"rendered":"<p class=\"paragraph article-body-paragraph article__item   article-body-paragraph--first \">Si les <a href=\"https:\/\/i\" target=\"_self\" rel=\"nofollow\" title=\"https:\/\/i\">droits de douane<\/a> annonc\u00e9s par le pr\u00e9sident am\u00e9ricain <a href=\"https:\/\/www.lexpress.fr\/monde\/amerique\/donald-trump-et-elon-musk-se-dechirent-en-public-le-recit-dun-clash-spectaculaire-KSMPWY2SDBDWVNTUMNLWMVJJNY\/\" target=\"_self\" rel=\"nofollow noopener\" title=\"https:\/\/www.lexpress.fr\/monde\/amerique\/donald-trump-et-elon-musk-se-dechirent-en-public-le-recit-dun-clash-spectaculaire-KSMPWY2SDBDWVNTUMNLWMVJJNY\/\">Donald Trump<\/a> \u00e9taient pleinement appliqu\u00e9s d\u00e8s juillet, sans exemptions sectorielles, avec des mesures de r\u00e9torsion \u00e9quivalentes de la part de l&rsquo;UE, le produit int\u00e9rieur brut (PIB) allemand reculerait de 0,5\u00a0% cette ann\u00e9e et de 0,2\u00a0% en 2026, selon les pr\u00e9visions publi\u00e9es par la banque centrale allemande (Bundesbank). La croissance serait alors de retour en 2027, avec un rebond de 1\u00a0%.\u00a0<\/p>\n<p class=\"paragraph article-body-paragraph article__item   \">Ce choc tarifaire mondial viendrait donc accro\u00eetre la pression sur une \u00e9conomie allemande d\u00e9j\u00e0 affaiblie <a href=\"https:\/\/www.lexpress.fr\/monde\/europe\/allemagne-derriere-le-ralentissement-de-linflation-le-spectre-de-la-recession-OZIFVX5ZDBHIJBJG6QNK2SGX4U\/\" target=\"_self\" rel=\"nofollow noopener\" title=\"https:\/\/www.lexpress.fr\/monde\/europe\/allemagne-derriere-le-ralentissement-de-linflation-le-spectre-de-la-recession-OZIFVX5ZDBHIJBJG6QNK2SGX4U\/\">apr\u00e8s deux ann\u00e9es de r\u00e9cession<\/a>, en 2023 et 2024, li\u00e9es \u00e0 une faible demande int\u00e9rieure et \u00e0 une perte de comp\u00e9titivit\u00e9 du secteur industriel fortement exportateur, notamment l&rsquo;automobile et la chimie.<\/p>\n<p>Des pertes de croissance li\u00e9es \u00e0 l&rsquo;incertitude \u00e9conomique<\/p>\n<p class=\"paragraph article-body-paragraph article__item   \">En cas de guerre commerciale tous azimuts, \u00ab\u00a0les pertes de croissance du PIB r\u00e9el s&rsquo;accumuleraient d&rsquo;ici 2027 pour un peu plus de 1,5 point de pourcentage par rapport au sc\u00e9nario de r\u00e9f\u00e9rence\u00a0\u00bb, explique l&rsquo;institut mon\u00e9taire. L&rsquo;annonce en avril 2025 par le pr\u00e9sident am\u00e9ricain de fortes hausses tarifaires a surpris les march\u00e9s, d\u00e9passant largement les attentes, rappelle la \u00ab\u00a0Buba\u00a0\u00bb.\u00a0En cas d&rsquo;\u00e9chec des n\u00e9gociations commerciales en cours, Donald Trump appliquerait une hausse de 20 points des droits de douane sur la majorit\u00e9 des importations europ\u00e9ennes, tandis que les produits chinois subiraient des surtaxes pouvant d\u00e9passer 100\u00a0%.\u00a0Ces annonces, m\u00eame avant leur mise en \u0153uvre, ont un moment \u00e9branl\u00e9 les march\u00e9s financiers et provoqu\u00e9 un net affaiblissement du dollar. L&rsquo;incertitude \u00e9conomique et financi\u00e8re resterait \u00e9lev\u00e9e sur toute la p\u00e9riode \u00e9tudi\u00e9e, selon le sc\u00e9nario \u00e0 risque. <\/p>\n<p class=\"paragraph article-body-paragraph article__item   \">L&rsquo;Allemagne paierait un lourd tribut via le d\u00e9clin des exportations, en raison de la chute de la demande mondiale, et le recul de l&rsquo;investissement dans un climat persistant d&rsquo;incertitude, selon cette variante la plus pessimiste.<\/p>\n<p><strong class=\"article-body-link-list__item text-gray-800 article-body-link-list__item--one-item\">LIRE AUSSI : <a class=\"article-body-link-list__item-link\" href=\"https:\/\/www.lexpress.fr\/monde\/europe\/en-allemagne-cette-revolution-economique-qui-se-prepare-par-eric-chol-CWZPTMNLYVA55IEOHHKIMAM5ZY\/\" target=\"_blank\" rel=\"noreferrer nofollow noopener\">En Allemagne, cette r\u00e9volution \u00e9conomique qui se pr\u00e9pare, par Eric Chol<\/a><\/strong><\/p>\n<p class=\"paragraph article-body-paragraph article__item   \">La Bundesbank a \u00e9galement publi\u00e9 un sc\u00e9nario de r\u00e9f\u00e9rence moins dramatique, dans lequel la politique commerciale am\u00e9ricaine p\u00e8se aussi sur la croissance allemande, mais plus mod\u00e9r\u00e9ment, tandis que les d\u00e9penses budg\u00e9taires massives, d\u00e9cid\u00e9es par le nouveau gouvernement du chancelier Friedrich Merz, vont soutenir en particulier les domaines des infrastructures et de la d\u00e9fense. Le PIB allemand devrait dans ce cas stagner cette ann\u00e9e, avant de rebondir de 0,7\u202f% en 2026 puis 1,2\u202f% en 2027.\u00a0<\/p>\n<p class=\"paragraph article-body-paragraph article__item    article__text__endpicto\">Ces pr\u00e9visions marquent une r\u00e9vision \u00e0 la baisse pour 2025 et 2026 par rapport \u00e0 celles de d\u00e9cembre, tandis que celle pour 2027 est l\u00e9g\u00e8rement relev\u00e9e.<\/p>\n","protected":false},"excerpt":{"rendered":"Si les droits de douane annonc\u00e9s par le pr\u00e9sident am\u00e9ricain Donald Trump \u00e9taient pleinement appliqu\u00e9s d\u00e8s juillet, sans&hellip;\n","protected":false},"author":2,"featured_media":156361,"comment_status":"","ping_status":"","sticky":false,"template":"","format":"standard","meta":{"footnotes":""},"categories":[1587],"tags":[11,672,1804,1805,1803,33,1777,674,1801,74,12,9130,1802],"class_list":{"0":"post-156360","1":"post","2":"type-post","3":"status-publish","4":"format-standard","5":"has-post-thumbnail","7":"category-allemagne","8":"tag-actualites","9":"tag-allemagne","10":"tag-bundesrepublik-deutschland","11":"tag-de","12":"tag-deutschland","13":"tag-economie","14":"tag-eu","15":"tag-europe","16":"tag-germany","17":"tag-monde","18":"tag-news","19":"tag-politique-economique","20":"tag-republique-federale-dallemagne"},"share_on_mastodon":{"url":"https:\/\/pubeurope.com\/@fr\/114636140322105288","error":""},"_links":{"self":[{"href":"https:\/\/www.europesays.com\/fr\/wp-json\/wp\/v2\/posts\/156360","targetHints":{"allow":["GET"]}}],"collection":[{"href":"https:\/\/www.europesays.com\/fr\/wp-json\/wp\/v2\/posts"}],"about":[{"href":"https:\/\/www.europesays.com\/fr\/wp-json\/wp\/v2\/types\/post"}],"author":[{"embeddable":true,"href":"https:\/\/www.europesays.com\/fr\/wp-json\/wp\/v2\/users\/2"}],"replies":[{"embeddable":true,"href":"https:\/\/www.europesays.com\/fr\/wp-json\/wp\/v2\/comments?post=156360"}],"version-history":[{"count":0,"href":"https:\/\/www.europesays.com\/fr\/wp-json\/wp\/v2\/posts\/156360\/revisions"}],"wp:featuredmedia":[{"embeddable":true,"href":"https:\/\/www.europesays.com\/fr\/wp-json\/wp\/v2\/media\/156361"}],"wp:attachment":[{"href":"https:\/\/www.europesays.com\/fr\/wp-json\/wp\/v2\/media?parent=156360"}],"wp:term":[{"taxonomy":"category","embeddable":true,"href":"https:\/\/www.europesays.com\/fr\/wp-json\/wp\/v2\/categories?post=156360"},{"taxonomy":"post_tag","embeddable":true,"href":"https:\/\/www.europesays.com\/fr\/wp-json\/wp\/v2\/tags?post=156360"}],"curies":[{"name":"wp","href":"https:\/\/api.w.org\/{rel}","templated":true}]}}