{"id":156368,"date":"2025-06-06T11:20:10","date_gmt":"2025-06-06T11:20:10","guid":{"rendered":"https:\/\/www.europesays.com\/fr\/156368\/"},"modified":"2025-06-06T11:20:10","modified_gmt":"2025-06-06T11:20:10","slug":"le-parquet-antiterroriste-ouvre-une-enquete-pour-complicite-de-genocide-dans-le-blocage-de-laide-humanitaire-liberation","status":"publish","type":"post","link":"https:\/\/www.europesays.com\/fr\/156368\/","title":{"rendered":"le parquet antiterroriste ouvre une enqu\u00eate pour complicit\u00e9 de g\u00e9nocide dans le blocage de l\u2019aide humanitaire \u2013 Lib\u00e9ration"},"content":{"rendered":"<p class=\"sc-ksZaOG ehjQrN text-element\">La justice fran\u00e7aise en ordre de marche pour Gaza. Le parquet national antiterroriste a ouvert une information judiciaire pour complicit\u00e9 de g\u00e9nocide, incitation au g\u00e9nocide et complicit\u00e9 de crimes contre l\u2019humanit\u00e9 contre des Franco-Isra\u00e9liens, a appris le parquet vendredi 6 juin. Ces derniers sont soup\u00e7onn\u00e9s d\u2019avoir particip\u00e9 \u00e0 des actions de <a href=\"https:\/\/www.liberation.fr\/checknews\/aide-humanitaire-a-gaza-que-sait-on-des-nouveaux-tirs-israeliens-sur-des-sites-de-distribution-alimentaire-20250603_3NYWJGGONRG3JHVIQLAXEXVCMU\/\" target=\"_blank\" rel=\"nofollow noopener\" title=\"https:\/\/www.liberation.fr\/checknews\/aide-humanitaire-a-gaza-que-sait-on-des-nouveaux-tirs-israeliens-sur-des-sites-de-distribution-alimentaire-20250603_3NYWJGGONRG3JHVIQLAXEXVCMU\/\">blocage de l\u2019aide humanitaire<\/a> \u00e0 Gaza entre janvier et mai 2024.<\/p>\n<p class=\"sc-ksZaOG ehjQrN text-element\">L\u2019ouverture de cette enqu\u00eate fait suite \u00e0 une plainte avec constitution de partie civile d\u00e9pos\u00e9e en novembre 2024 par l\u2019Union juive fran\u00e7aise pour la paix (UFJP) et une victime franco-palestinienne qui d\u00e9non\u00e7ait \u00abl\u2019organisation, la participation et l\u2019appel \u00e0 participer \u00e0 des actions concr\u00e8tes de blocage de l\u2019aide humanitaire \u00e0 destination du territoire occup\u00e9 de Gaza, notamment en emp\u00eachant physiquement le passage des camions aux postes fronti\u00e8res contr\u00f4l\u00e9s par l\u2019arm\u00e9e isra\u00e9lienne\u00bb.<\/p>\n<p class=\"sc-ksZaOG ehjQrN text-element\">\u00abNous sommes tr\u00e8s satisfaites de cette d\u00e9cision parfaitement coh\u00e9rente avec la d\u00e9monstration factuelle et juridique et les preuves objectives apport\u00e9es par les parties civiles et attendons de voir si la suite de l\u2019instruction sera tout aussi coh\u00e9rente\u00bb, ont r\u00e9agi les avocates des plaignants, Damia Taharraoui et Marion Lafouge. \u00abLa p\u00e9riode de pr\u00e9vention\u00bb, c\u2019est-\u00e0-dire la p\u00e9riode \u00e0 laquelle se sont d\u00e9roul\u00e9s les faits vis\u00e9s par l\u2019enqu\u00eate, \u00abremonte \u00e0 janvier 2024, \u00e0 un moment o\u00f9 personne ne voulait entendre parler de g\u00e9nocide\u00bb, ont-elles soulign\u00e9.<\/p>\n<p class=\"sc-ksZaOG ehjQrN text-element\">Leur plainte avec constitution de partie civile pour complicit\u00e9 de g\u00e9nocide et incitation \u00e0 la commission d\u2019un g\u00e9nocide vise des figures d\u2019\u00abIsra\u00ebl is forever\u00bb et \u00abTzav-9\u00bb, des associations pro-Isra\u00ebl, pr\u00e9sent\u00e9es comme ayant la nationalit\u00e9 fran\u00e7aise. Selon une source proche du dossier, le r\u00e9quisitoire introductif du parquet national antiterroriste (Pnat) date du 21 mai, et vise des faits qui se seraient d\u00e9roul\u00e9s aux postes fronti\u00e8res de Nitzana et Kerem Shalom.<\/p>\n<p class=\"sc-ksZaOG ehjQrN text-element\"><b>Mise \u00e0 jour \u00e0 11h59 <\/b>avec des \u00e9l\u00e9ments sur les motivations de la plainte.<\/p>\n","protected":false},"excerpt":{"rendered":"La justice fran\u00e7aise en ordre de marche pour Gaza. Le parquet national antiterroriste a ouvert une information judiciaire&hellip;\n","protected":false},"author":2,"featured_media":156369,"comment_status":"","ping_status":"","sticky":false,"template":"","format":"standard","meta":{"footnotes":""},"categories":[2],"tags":[11,1011,27,3522,664,12,25],"class_list":{"0":"post-156368","1":"post","2":"type-post","3":"status-publish","4":"format-standard","5":"has-post-thumbnail","7":"category-actualites","8":"tag-actualites","9":"tag-fr","10":"tag-france","11":"tag-guerre-hamas-israel","12":"tag-israel","13":"tag-news","14":"tag-republique-francaise"},"share_on_mastodon":{"url":"https:\/\/pubeurope.com\/@fr\/114636156079752434","error":""},"_links":{"self":[{"href":"https:\/\/www.europesays.com\/fr\/wp-json\/wp\/v2\/posts\/156368","targetHints":{"allow":["GET"]}}],"collection":[{"href":"https:\/\/www.europesays.com\/fr\/wp-json\/wp\/v2\/posts"}],"about":[{"href":"https:\/\/www.europesays.com\/fr\/wp-json\/wp\/v2\/types\/post"}],"author":[{"embeddable":true,"href":"https:\/\/www.europesays.com\/fr\/wp-json\/wp\/v2\/users\/2"}],"replies":[{"embeddable":true,"href":"https:\/\/www.europesays.com\/fr\/wp-json\/wp\/v2\/comments?post=156368"}],"version-history":[{"count":0,"href":"https:\/\/www.europesays.com\/fr\/wp-json\/wp\/v2\/posts\/156368\/revisions"}],"wp:featuredmedia":[{"embeddable":true,"href":"https:\/\/www.europesays.com\/fr\/wp-json\/wp\/v2\/media\/156369"}],"wp:attachment":[{"href":"https:\/\/www.europesays.com\/fr\/wp-json\/wp\/v2\/media?parent=156368"}],"wp:term":[{"taxonomy":"category","embeddable":true,"href":"https:\/\/www.europesays.com\/fr\/wp-json\/wp\/v2\/categories?post=156368"},{"taxonomy":"post_tag","embeddable":true,"href":"https:\/\/www.europesays.com\/fr\/wp-json\/wp\/v2\/tags?post=156368"}],"curies":[{"name":"wp","href":"https:\/\/api.w.org\/{rel}","templated":true}]}}