{"id":156372,"date":"2025-06-06T11:23:09","date_gmt":"2025-06-06T11:23:09","guid":{"rendered":"https:\/\/www.europesays.com\/fr\/156372\/"},"modified":"2025-06-06T11:23:09","modified_gmt":"2025-06-06T11:23:09","slug":"victoire-des-bleues-face-a-la-belgique-en-ligue-des-nations-a-pekin-sous-les-yeux-de-victor-wembanyama-lequipe","status":"publish","type":"post","link":"https:\/\/www.europesays.com\/fr\/156372\/","title":{"rendered":"Victoire des Bleues face \u00e0 la Belgique en Ligue des nations \u00e0 P\u00e9kin, sous les yeux de Victor Wembanyama &#8211; L&#039;\u00c9quipe"},"content":{"rendered":"<ol>\n<li><a href=\"https:\/\/news.google.com\/rss\/articles\/CBMi7AFBVV95cUxPMm5wSkFUS3d4VnlEVi0xUkhfUThkdjQ2RkJPeS15d0hDS2dPUW5MNUZkdVQxbmlFVlBBb3ZQZzZNQWRPRjJDVzlfVW1PWWxxUTNEemdEUVZINFc1aWVfU3E3N1ZZbURVUEh2ZG41RnpLYjJHSjBMUWlHcFNSY1NaU0VjdjJWaVFMbnVDZk51MGQ5eVhpVWh0TU1wOXRYVEFHdHNOYU5Kek15cEFKY3JQSElZQTV1UTRZMDh4OU9aeXhDYjh6dGtlYVBnQU1YMTJvRTdXdG9pdEFOeU53UUQyLU8zT19HZmdJTEZpXw?oc=5\" target=\"_blank\" rel=\"nofollow noopener\">Victoire des Bleues face \u00e0 la Belgique en Ligue des nations \u00e0 P\u00e9kin, sous les yeux de Victor Wembanyama<\/a>&nbsp;&nbsp;L&rsquo;\u00c9quipe<\/li>\n<li><a href=\"https:\/\/news.google.com\/rss\/articles\/CBMi9wFBVV95cUxNTnNfQm5ybzhNa3BYeV96akNoRjVteXFhVHd6N0ZMd01vTzBVRGllYmU3eWg0SUxSQ2tFQTh4VUQ1cU1WbUU5VDdxRUVPOXZhNWRGLUxyQl9uY0N5SWhxODhQbXZRM25adlplckM1c2gtMm5DYUhoeWE3aXJKT2hyWTg0QTN6b3I0Q20zWHJ0TGpoSVNnNXJLNU1HeXczRi1kLXd2N2lnUmtUMWRGTWlFMVlhSkZqUnB3bHhuenpCQTdoNThqOWltY2FoUmdaMVdVSERVRDBzY1N0c05CLW02Y0t3ZE5uXzR2Sm1rd3BUNXB6V0NscDZz?oc=5\" target=\"_blank\" rel=\"nofollow noopener\">Ligue des nations f\u00e9minine. En ma\u00eetrise, la France s\u2019impose face \u00e0 la Belgique<\/a>&nbsp;&nbsp;Ouest-France<\/li>\n<li><a href=\"https:\/\/news.google.com\/rss\/articles\/CBMizgFBVV95cUxOZ1Z4NVJiVFBHQkptaTdkZ3RvYThaQkpEcUo5dm43eWNDSW9teG1pZnk5M3FzMXR6YzJUQ3FGdG5vRGFZdDI2ODdtcU4zTzB4MEY5d1ZuUnlVUm5FZVZwUTVEamFNXzJzV0VzVGZoUjRoY3JlcURVT19GdmVsOE9IVGd6REpTS19fLUVPS2drS2Rad2lhZ1B5YnFQU1V3ZjQ1YUxQOWFFZ3FLQlpPTWJQbDdSM1N4VDRpcS1Pd2dlMmJyWEJYN0tCclBXQ0pZZw?oc=5\" target=\"_blank\" rel=\"nofollow noopener\">Volley : les Bleues ouvrent leur compteur contre la Belgique en Ligue des nations<\/a>&nbsp;&nbsp;Le Figaro<\/li>\n<li><a href=\"https:\/\/news.google.com\/rss\/articles\/CBMiugFBVV95cUxQQTI4R0pTVzY3cTJhTVRTRXpMSVJFQk5jN19OVkh2LVBWVFhJcXJPT0R2Q0swelVJT2Z5RXBiTGJ4NE1Rb2lFd3EtMHRzWWthZGQ4cFRCS2ZvUU8zeDhuLVBlSlVnS0tzcDBkVkVwSHVHdzZLSlVXcU9uTTFjcFllR2pLSEJUUWx1SldKOUlmb1FXdnRORzZzUWsxTDMxcm5lTWxGbDd3RldvR3RhcVk5VDlwWGpMUVd0ZGfSAbgBQVVfeXFMTmtSTmk4dVc1ZmlKTkpwX0tibnZoQjNvang4bm5jYldGM2hMVnNXbDFEeTVnUzkyWF9UcVZ0c1V1TWw3TDJ4OXp5NExYQmNZdTFiR1BVdFI0My1MbUdGN3JybV9yZEpPeDU1S2JxdWw2SVRCY3R0cmRiSVNMdDMya3FiUzc2eWVJdFdwaWJVYjFVal9mdXc3UUNUVmttN19EWG5JeFBzdHJjNVUtalRSTTBfb1RTT0lfUA?oc=5\" target=\"_blank\" rel=\"nofollow noopener\">Ligue des nations (F) : La France battue par la Turquie<\/a>&nbsp;&nbsp;Orange Actualit\u00e9s | Sports<\/li>\n<li><a href=\"https:\/\/news.google.com\/rss\/articles\/CBMi4wFBVV95cUxOQW9Gb094SFpfQVViZmZkVUM2enpHSEFHMVZQR3N6Mm5lSXFzMGdqbjAwem03WnEwdTVTQm5hTFk4TFdkM1NtYjc1M0NreGJTVTVZY3MwN08xRUJzeWlVX3pDenFYMDN1bkY2SnF6TVhfYU5Cd3doZkxITTZoT0lsbTkzVFY4WEJ1YWU1Q1lSQVh2bDgxV3BUaWdyaDFOeWo2OWxJQ29QdlFDNVd3UHo2WGEtVlhNdDkxbFljWVZERGxwdzN3elVTa1FFYzJ0YnlFZ25lVE9pclJ5OGE2SV82RTFiUQ?oc=5\" target=\"_blank\" rel=\"nofollow noopener\">France &#8211; Belgique. \u00c0 quelle heure et o\u00f9 suivre le match de Ligue des nations de volley . Sport<\/a>&nbsp;&nbsp;MaVille.com &#8211; Rennes<\/li>\n<\/ol>\n","protected":false},"excerpt":{"rendered":"Victoire des Bleues face \u00e0 la Belgique en Ligue des nations \u00e0 P\u00e9kin, sous les yeux de Victor&hellip;\n","protected":false},"author":2,"featured_media":156373,"comment_status":"","ping_status":"","sticky":false,"template":"","format":"standard","meta":{"footnotes":""},"categories":[1417],"tags":[1011,27,60,1470,1469],"class_list":{"0":"post-156372","1":"post","2":"type-post","3":"status-publish","4":"format-standard","5":"has-post-thumbnail","7":"category-volley","8":"tag-fr","9":"tag-france","10":"tag-sports","11":"tag-volley","12":"tag-volleyball"},"share_on_mastodon":{"url":"https:\/\/pubeurope.com\/@fr\/114636167835122205","error":""},"_links":{"self":[{"href":"https:\/\/www.europesays.com\/fr\/wp-json\/wp\/v2\/posts\/156372","targetHints":{"allow":["GET"]}}],"collection":[{"href":"https:\/\/www.europesays.com\/fr\/wp-json\/wp\/v2\/posts"}],"about":[{"href":"https:\/\/www.europesays.com\/fr\/wp-json\/wp\/v2\/types\/post"}],"author":[{"embeddable":true,"href":"https:\/\/www.europesays.com\/fr\/wp-json\/wp\/v2\/users\/2"}],"replies":[{"embeddable":true,"href":"https:\/\/www.europesays.com\/fr\/wp-json\/wp\/v2\/comments?post=156372"}],"version-history":[{"count":0,"href":"https:\/\/www.europesays.com\/fr\/wp-json\/wp\/v2\/posts\/156372\/revisions"}],"wp:featuredmedia":[{"embeddable":true,"href":"https:\/\/www.europesays.com\/fr\/wp-json\/wp\/v2\/media\/156373"}],"wp:attachment":[{"href":"https:\/\/www.europesays.com\/fr\/wp-json\/wp\/v2\/media?parent=156372"}],"wp:term":[{"taxonomy":"category","embeddable":true,"href":"https:\/\/www.europesays.com\/fr\/wp-json\/wp\/v2\/categories?post=156372"},{"taxonomy":"post_tag","embeddable":true,"href":"https:\/\/www.europesays.com\/fr\/wp-json\/wp\/v2\/tags?post=156372"}],"curies":[{"name":"wp","href":"https:\/\/api.w.org\/{rel}","templated":true}]}}