{"id":156376,"date":"2025-06-06T11:25:09","date_gmt":"2025-06-06T11:25:09","guid":{"rendered":"https:\/\/www.europesays.com\/fr\/156376\/"},"modified":"2025-06-06T11:25:09","modified_gmt":"2025-06-06T11:25:09","slug":"richard-gasquet-totalement-pris-de-court-marion-bartoli-fond-litteralement-en-larmes-a-cause-de-lui","status":"publish","type":"post","link":"https:\/\/www.europesays.com\/fr\/156376\/","title":{"rendered":"Richard Gasquet totalement pris de court, Marion Bartoli fond litt\u00e9ralement en larmes \u00e0 cause de lui"},"content":{"rendered":"<p><a href=\"https:\/\/www.closermag.fr\/people\/ce-nest-pas-un-regime-marion-bartoli-ancienne-anorexique-cette-diete-specifique-quelle-promeut-3481042\" rel=\"nofollow noopener\" target=\"_blank\"><br \/>\nMarion Bartoli<\/a>, ancienne joueuse de tennis fran\u00e7aise, s\u2019est<br \/>\ndistingu\u00e9e par un style unique et une d\u00e9termination \u00e0 toute<br \/>\n\u00e9preuve. Connue pour son engagement total sur le terrain et son<br \/>\ncaract\u00e8re attachant, elle a rapidement conquis le c\u0153ur des<br \/>\nfans.<\/p>\n<p>Son parcours exceptionnel a culmin\u00e9 avec une victoire<br \/>\ninoubliable \u00e0 Wimbledon. Depuis sa retraite, Marion continue de<br \/>\nfaire parler d\u2019elle, m\u00ealant passion pour le sport et nouvelles<br \/>\naventures professionnelles.<\/p>\n<blockquote class=\"twitter-tweet\"><p><a class=\"twitter-link\" rel=\"noindex, nofollow noopener\" href=\"https:\/\/twitter.com\/PVSportFR\/status\/1930329031934632369\" target=\"_blank\"><\/p><\/blockquote>\n<p>Le joueur se confie sur sa relation avec la joueuse de<br \/>\ntennis<\/p>\n<p>Richard Gasquet raconte : \u00ab\u00a0C&rsquo;est vrai qu\u2019on a d\u00e9but\u00e9<br \/>\n<strong>tous les deux \u00e0 12 ans<\/strong>, Marion, je la voyais<br \/>\nsouvent avec son p\u00e8re, moi aussi j\u2019\u00e9tais avec le mien. On s\u2019est<br \/>\ntoujours suivis, forc\u00e9ment\u00a0\u00bb. \u00c0 propos de celle qui a li\u00e9 une<br \/>\namiti\u00e9 avec <a href=\"https:\/\/www.closermag.fr\/people\/cannes-2025-tom-cruise-debarque-dans-lindifference-generale-ana-de-armas-se-fait-desirer-3544890\" rel=\"nofollow noopener\" target=\"_blank\"><br \/>\nTom Cruise<\/a>, il a salu\u00e9 son parcours : \u00ab\u00a0Elle a accompli une<br \/>\ncarri\u00e8re extraordinaire. Si on m\u2019avait dit qu\u2019elle allait remporter<br \/>\nWimbledon, je ne l\u2019aurais pas cru !\u00a0\u00bb.<\/p>\n<p>Reconnaissant les d\u00e9fis qu\u2019elle a d\u00fb surmonter, il a ajout\u00e9 :<br \/>\n\u00ab\u00a0Elle a fourni \u00e9norm\u00e9ment <strong>d\u2019efforts<\/strong>. \u00c7a a<br \/>\ntoujours \u00e9t\u00e9 un plaisir de partager le circuit avec elle. Jouer un<br \/>\ndouble mixte ensemble \u00e0 Perth, en Australie, c\u2019\u00e9tait top. Elle a<br \/>\nremport\u00e9 Wimbledon, ce qui est un exploit fantastique dans une<br \/>\ncarri\u00e8re, et elle m\u00e9rite vraiment toutes les<br \/>\nf\u00e9licitations\u00a0\u00bb.<\/p>\n<p>Marion Bartoli en larmes, elle adresse<br \/>\nun tendre message \u00e0 Richard Gasquet<\/p>\n<p>Pour l\u2019\u00e9v\u00e9nement, la sc\u00e8ne dirig\u00e9e par Thibault Le Rol<br \/>\nressemblait \u00e0 une v\u00e9ritable r\u00e9union de famille. Marion Bartoli,<br \/>\nJo-Wilfried Tsonga, Fabrice Santoro et <a href=\"https:\/\/www.closermag.fr\/people\/lucas-pouille-comment-sa-fille-l-a-sorti-de-la-depression-je-ne-dormais-plus-1725790#item=1\" rel=\"nofollow noopener\" target=\"_blank\"><br \/>\nLucas Pouille<\/a> \u00e9taient pr\u00e9sents aux c\u00f4t\u00e9s de l\u2019ancien talent du<br \/>\ntennis fran\u00e7ais. Ensemble, ils ont partag\u00e9 un moment empreint de<br \/>\ncomplicit\u00e9 et de souvenirs.\u00a0 Marion Bartoli, d\u00e9sormais<br \/>\nconsultante pour Amazon, n\u2019a pas cach\u00e9 son \u00e9motion en \u00e9voquant leur<br \/>\npremi\u00e8re rencontre : \u00ab\u00a0Je n\u2019ai m\u00eame <strong>pas de question pour<br \/>\ntoi<\/strong> Richard. C\u2019est simplement des souvenirs que l\u2019on a<br \/>\npartag\u00e9s ensemble depuis notre plus tendre enfance\u00a0\u00bb.<\/p>\n<p>L\u2019ancienne championne de Wimbledon a salu\u00e9 le talent et la<br \/>\npassion de son ami : \u00ab\u00a0J\u2019avais l\u2019impression qu\u2019avec toi, je ne<br \/>\npouvais pas perdre. J\u2019avais l\u2019impression que quand je te regardais,<br \/>\nle tennis c\u2019\u00e9tait facile. Toi c\u2019\u00e9tait d\u2019un naturel qui m\u2019a toujours<br \/>\n<strong>fascin\u00e9<\/strong>\u00ab\u00a0. Submerg\u00e9e par l\u2019\u00e9motion, Marion<br \/>\nBartoli a conclu en f\u00e9licitant Richard pour sa carri\u00e8re :<br \/>\n\u00ab\u00a0Merci pour ces moments qu\u2019on a pass\u00e9s ensemble. <strong>Je<br \/>\nsuis \u00e9mue, pardon<\/strong>\u00ab\u00a0, avant de fondre en larmes et de<br \/>\npasser le micro.<\/p>\n<p><script async src=\"https:\/\/platform.twitter.com\/widgets.js\" charset=\"utf-8\"><\/script><\/p>\n","protected":false},"excerpt":{"rendered":"Marion Bartoli, ancienne joueuse de tennis fran\u00e7aise, s\u2019est distingu\u00e9e par un style unique et une d\u00e9termination \u00e0 toute&hellip;\n","protected":false},"author":2,"featured_media":156377,"comment_status":"","ping_status":"","sticky":false,"template":"","format":"standard","meta":{"footnotes":""},"categories":[1415],"tags":[548,1011,27,28724,6432,60,1467],"class_list":{"0":"post-156376","1":"post","2":"type-post","3":"status-publish","4":"format-standard","5":"has-post-thumbnail","7":"category-tennis","8":"tag-article-simple","9":"tag-fr","10":"tag-france","11":"tag-marion-bartoli","12":"tag-richard-gasquet","13":"tag-sports","14":"tag-tennis"},"share_on_mastodon":{"url":"https:\/\/pubeurope.com\/@fr\/114636175726548275","error":""},"_links":{"self":[{"href":"https:\/\/www.europesays.com\/fr\/wp-json\/wp\/v2\/posts\/156376","targetHints":{"allow":["GET"]}}],"collection":[{"href":"https:\/\/www.europesays.com\/fr\/wp-json\/wp\/v2\/posts"}],"about":[{"href":"https:\/\/www.europesays.com\/fr\/wp-json\/wp\/v2\/types\/post"}],"author":[{"embeddable":true,"href":"https:\/\/www.europesays.com\/fr\/wp-json\/wp\/v2\/users\/2"}],"replies":[{"embeddable":true,"href":"https:\/\/www.europesays.com\/fr\/wp-json\/wp\/v2\/comments?post=156376"}],"version-history":[{"count":0,"href":"https:\/\/www.europesays.com\/fr\/wp-json\/wp\/v2\/posts\/156376\/revisions"}],"wp:featuredmedia":[{"embeddable":true,"href":"https:\/\/www.europesays.com\/fr\/wp-json\/wp\/v2\/media\/156377"}],"wp:attachment":[{"href":"https:\/\/www.europesays.com\/fr\/wp-json\/wp\/v2\/media?parent=156376"}],"wp:term":[{"taxonomy":"category","embeddable":true,"href":"https:\/\/www.europesays.com\/fr\/wp-json\/wp\/v2\/categories?post=156376"},{"taxonomy":"post_tag","embeddable":true,"href":"https:\/\/www.europesays.com\/fr\/wp-json\/wp\/v2\/tags?post=156376"}],"curies":[{"name":"wp","href":"https:\/\/api.w.org\/{rel}","templated":true}]}}