{"id":156386,"date":"2025-06-06T11:31:10","date_gmt":"2025-06-06T11:31:10","guid":{"rendered":"https:\/\/www.europesays.com\/fr\/156386\/"},"modified":"2025-06-06T11:31:10","modified_gmt":"2025-06-06T11:31:10","slug":"je-suis-super-content-david-hallyday-annonce-un-heureux-evenement-ses-filles-et-sa-soeur-laura-aux-anges","status":"publish","type":"post","link":"https:\/\/www.europesays.com\/fr\/156386\/","title":{"rendered":"\u00ab\u00a0Je suis super content\u00a0\u00bb, David Hallyday annonce un heureux \u00e9v\u00e9nement, ses filles et sa s\u0153ur Laura aux anges"},"content":{"rendered":"<p>C&rsquo;est <strong>un incroyable cadeau <\/strong>que propose David Hallyday aux fans de son p\u00e8re Johnny depuis plusieurs mois. En effet, <a href=\"https:\/\/www.public.fr\/david-hallyday-la-grande-annonce-la-famille-sagrandit\" target=\"_blank\" rel=\"noopener\">le fils unique du Taulier<\/a> a r\u00e9cemment donn\u00e9 le <strong>coup d&rsquo;envoi d&rsquo;une tourn\u00e9e pas comme les autres.<\/strong> Une tourn\u00e9e intitul\u00e9e Requiem pour un fou en r\u00e9f\u00e9rence au c\u00e9l\u00e8bre tube de son p\u00e8re. Et ce n&rsquo;est, \u00e9videmment, <strong>pas anodin <\/strong>puisqu&rsquo;\u00e0 l&rsquo;occasion de ce concert unique, <a href=\"https:\/\/www.public.fr\/david-hallyday-aneanti-en-laissant-ses-enfants-a-un-autre-homme-apres-sa-rupture-avec-estelle-lefebure\" target=\"_blank\" rel=\"noopener\">l&rsquo;artiste de 58 ans<\/a> a d\u00e9cid\u00e9 de <strong>r\u00e9arranger et r\u00e9interpr\u00e9ter<\/strong> les plus grandes chansons de Johnny.<\/p>\n<p>Toutefois, apr\u00e8s avoir donn\u00e9 une nouvelle s\u00e9rie de concerts en avril dernier, <a href=\"https:\/\/www.public.fr\/une-famille-qui-nous-a-manque-julian-bugier-surprend-david-hallyday-au-jt-de-13h-estelle-lefebure-completement-sous-le-charme\" target=\"_blank\" rel=\"noopener\">le grand-p\u00e8re d&rsquo;Harrison <\/a><strong>s\u2019octroie une petite pause<\/strong> et ne retrouvera son public qu&rsquo;<strong>en novembre prochain<\/strong>, passant par Paris le 12\u00a0novembre. Une tourn\u00e9e qui s&rsquo;ach\u00e8vera le 2\u00a0avril 2026 \u00e0 \u00c9pernay (Marne). Toutefois, d&rsquo;ici l\u00e0, <a href=\"https:\/\/www.public.fr\/david-hallyday-et-laura-smet-vivent-un-moment-magique-une-toute-autre-ambiance-cote-californie\" target=\"_blank\" rel=\"noopener\">le fr\u00e8re de Laura Smet <\/a>n&rsquo;a pas d\u00e9cid\u00e9 de ch\u00f4mer et a d&rsquo;ailleurs fait <strong>une grande annonce sur Instagram.<\/strong><\/p>\n<p>En effet, ce 5\u00a0juin, <a href=\"https:\/\/www.public.fr\/bizarre-david-hallyday-ce-quil-pense-vraiment-des-adieux-de-sa-mere-sylvie-vartan\" target=\"_blank\" rel=\"noopener\">le fils de Sylvie Vartan<\/a> s&rsquo;est film\u00e9 face cam\u00e9ra afin de d\u00e9voiler son projet \u00e0 venir. Une nouvelle qui ne manquera pas de ravir ses fans. En plus de la sc\u00e8ne, ils pourront le retrouver sur le petit \u00e9cran. \u00ab\u00a0<strong>Je voulais partager une info avec vous<\/strong>\u00ab\u00a0, a lanc\u00e9 <a href=\"https:\/\/www.public.fr\/diaporamas\/david-hallyday-sa-tournee-requiem-pour-un-fou-inquietee-par-des-militantes-feministes\" target=\"_blank\" rel=\"noopener\">l&rsquo;interpr\u00e8te de Tu ne m&rsquo;as pas laiss\u00e9 le temps<\/a> \u00e0 ses abonn\u00e9s.<\/p>\n<p>David Hallyday\u00a0: de retour sur les \u00e9crans<\/p>\n<p>C&rsquo;est alors qu&rsquo;il a ajout\u00e9\u00a0: \u00ab\u00a0J&rsquo;ai la chance <strong>de pouvoir retourner avec Jos\u00e9e Dayan<\/strong> aux commandes d&rsquo;une nouvelle s\u00e9rie qui va s&rsquo;appeler Ardennes pour France T\u00e9l\u00e9visions, France 2 plus pr\u00e9cis\u00e9ment\u00a0\u00bb. \u00ab\u00a0J&rsquo;avais d\u00e9j\u00e0 eu l&rsquo;opportunit\u00e9 de bosser avec elle sur un des \u00e9pisodes de Capitaine Marleau\u00a0\u00bb, a pr\u00e9cis\u00e9 <a href=\"https:\/\/www.google.com\/url?sa=t&amp;source=web&amp;rct=j&amp;opi=89978449&amp;url=https:\/\/vsd.fr\/64544-david-hallyday-se-livre-sur-sa-famille-de-dingues\/&amp;ved=2ahUKEwiLrZj8utyNAxWVVqQEHTawCz8QFnoECB4QAQ&amp;usg=AOvVaw1A0iIp3XRsRRKrIj_P0kdx\" target=\"_blank\" rel=\"noopener\">le com\u00e9dien<\/a> qui, en effet, avait incarn\u00e9 le personnage de Gr\u00e9goire Lan\u00e7on en 2015. \u00ab\u00a0Et voil\u00e0, c<strong>&lsquo;est un tout nouveau projet que l&rsquo;on fait ensemble<\/strong><strong>\u00ab\u00a0<\/strong>, a-t-il conclu ravi. Ravies, <strong>ses filles Emma et Ilona<\/strong> le sont \u00e9galement tout comme <strong><a href=\"https:\/\/www.google.com\/url?sa=t&amp;source=web&amp;rct=j&amp;opi=89978449&amp;url=https:\/\/vsd.fr\/66358-devenir-maman-ma-apporte-laura-smet-fait-de-rares-confidences-sur-son-fils\/&amp;ved=2ahUKEwiUudSTvNyNAxUqdqQEHQnkEUgQFnoECBsQAQ&amp;usg=AOvVaw1ajhYpPu5KRJRm5SdXzOF3\" target=\"_blank\" rel=\"noopener\">sa s\u0153ur Laura<\/a><\/strong>. <\/p>\n<p><strong>Les r\u00f4les semblent d&rsquo;ailleurs s&rsquo;inverser<\/strong> puisqu&rsquo;il y a une semaine, <a href=\"https:\/\/www.google.com\/url?sa=t&amp;source=web&amp;rct=j&amp;opi=89978449&amp;url=https:\/\/vsd.fr\/73036-jetais-amoureuse-de-mon-pere-laura-smet-se-livre-comme-jamais-sur-la-relation-quelle-avait-avec-johnny-hallyday\/&amp;ved=2ahUKEwiUudSTvNyNAxUqdqQEHQnkEUgQFnoECBwQAQ&amp;usg=AOvVaw0gkW6rgNBRto3BIBXHfSyk\" target=\"_blank\" rel=\"noopener\">la fille de Nathalie Baye<\/a> est <a href=\"https:\/\/www.google.com\/url?sa=t&amp;source=web&amp;rct=j&amp;opi=89978449&amp;url=https:\/\/vsd.fr\/64112-ce-nest-pas-mon-pere-laura-smet-en-etat-de-choc-devant-la-depouille-du-taulier\/&amp;ved=2ahUKEwiUudSTvNyNAxUqdqQEHQnkEUgQFnoECDkQAQ&amp;usg=AOvVaw0kh228ni1XcFvGJX7NPzEK\" target=\"_blank\" rel=\"noopener\">com\u00e9dienne <\/a>mais a retrouv\u00e9 le chemin des studios d&rsquo;enregistrement. En effet, sur Instagram, elle a d\u00e9voil\u00e9 son dernier projet musical. Un <strong>single intitul\u00e9 Over-sensitivity<\/strong> en collaboration avec le groupe The Penelopes. Preuve en est que chez les Hallyday, on n&rsquo;est pas chanteur, com\u00e9dien, compositeur ou interpr\u00e8te. Non, <strong>les Hallyday ce sont des \u00ab\u00a0artistes\u00a0\u00bb, tout simplement.<\/strong><\/p>\n<p>      Mentionn\u00e9s dans cet article<\/p>\n<p>\u00c0 lire aussi<\/p>\n","protected":false},"excerpt":{"rendered":"C&rsquo;est un incroyable cadeau que propose David Hallyday aux fans de son p\u00e8re Johnny depuis plusieurs mois. En&hellip;\n","protected":false},"author":2,"featured_media":156387,"comment_status":"","ping_status":"","sticky":false,"template":"","format":"standard","meta":{"footnotes":""},"categories":[1359],"tags":[1696,1300,58,59,1011,27,2400,594,28726,15910,973,17398,12809],"class_list":{"0":"post-156386","1":"post","2":"type-post","3":"status-publish","4":"format-standard","5":"has-post-thumbnail","7":"category-people","8":"tag-chanteur","9":"tag-david-hallyday","10":"tag-divertissement","11":"tag-entertainment","12":"tag-fr","13":"tag-france","14":"tag-france-televisions","15":"tag-france-2","16":"tag-gerald-dahan","17":"tag-laura-smet","18":"tag-people","19":"tag-serie-televisee","20":"tag-telefilm"},"share_on_mastodon":{"url":"https:\/\/pubeurope.com\/@fr\/114636199352933866","error":""},"_links":{"self":[{"href":"https:\/\/www.europesays.com\/fr\/wp-json\/wp\/v2\/posts\/156386","targetHints":{"allow":["GET"]}}],"collection":[{"href":"https:\/\/www.europesays.com\/fr\/wp-json\/wp\/v2\/posts"}],"about":[{"href":"https:\/\/www.europesays.com\/fr\/wp-json\/wp\/v2\/types\/post"}],"author":[{"embeddable":true,"href":"https:\/\/www.europesays.com\/fr\/wp-json\/wp\/v2\/users\/2"}],"replies":[{"embeddable":true,"href":"https:\/\/www.europesays.com\/fr\/wp-json\/wp\/v2\/comments?post=156386"}],"version-history":[{"count":0,"href":"https:\/\/www.europesays.com\/fr\/wp-json\/wp\/v2\/posts\/156386\/revisions"}],"wp:featuredmedia":[{"embeddable":true,"href":"https:\/\/www.europesays.com\/fr\/wp-json\/wp\/v2\/media\/156387"}],"wp:attachment":[{"href":"https:\/\/www.europesays.com\/fr\/wp-json\/wp\/v2\/media?parent=156386"}],"wp:term":[{"taxonomy":"category","embeddable":true,"href":"https:\/\/www.europesays.com\/fr\/wp-json\/wp\/v2\/categories?post=156386"},{"taxonomy":"post_tag","embeddable":true,"href":"https:\/\/www.europesays.com\/fr\/wp-json\/wp\/v2\/tags?post=156386"}],"curies":[{"name":"wp","href":"https:\/\/api.w.org\/{rel}","templated":true}]}}