{"id":156407,"date":"2025-06-06T11:42:10","date_gmt":"2025-06-06T11:42:10","guid":{"rendered":"https:\/\/www.europesays.com\/fr\/156407\/"},"modified":"2025-06-06T11:42:10","modified_gmt":"2025-06-06T11:42:10","slug":"premiere-claque-judiciaire-pour-donald-trump-et-linterdiction-des-etudiants-etrangers-a-harvard","status":"publish","type":"post","link":"https:\/\/www.europesays.com\/fr\/156407\/","title":{"rendered":"Premi\u00e8re claque judiciaire pour Donald Trump et l\u2019interdiction des \u00e9tudiants \u00e9trangers \u00e0 Harvard"},"content":{"rendered":"<p>        <img decoding=\"async\" loading=\"lazy\" src=\"https:\/\/www.europesays.com\/fr\/wp-content\/uploads\/2025\/06\/a0df310_sirius-fs-upload-1-dbawc9tusk4g-1749196468175-063-2210108685.jpg\"  width=\"728\" height=\"410\" alt=\"L\u2019universit\u00e9 Harvard se refl\u00e8te dans la vitrine d\u2019un magasin de souvenirs situ\u00e9 en face du campus, le 17\u00a0avril 2025, \u00e0 Cambridge, dans le Massachusetts, aux Etats-Unis.\"\/>  <\/p>\n<p>SOPHIE PARK \/ Getty Images via AFP<\/p>\n<p>L\u2019universit\u00e9 Harvard se refl\u00e8te dans la vitrine d\u2019un magasin de souvenirs situ\u00e9 en face du campus, le 17\u00a0avril 2025, \u00e0 Cambridge, dans le Massachusetts, aux Etats-Unis.<\/p>\n<p class=\"asset asset-text\">\u00c9TATS-UNIS &#8211; Un vrai revers pour Donald Trump. La justice am\u00e9ricaine a suspendu ce jeudi 5\u00a0juin <a href=\"https:\/\/www.huffingtonpost.fr\/international\/article\/harvard-donald-trump-suspend-l-entree-des-etudiants-etrangers-columbia-dans-son-viseur_250952.html\" target=\"_blank\" rel=\"noopener\">la mesure du pr\u00e9sident am\u00e9ricain<\/a> visant \u00e0 interdire l\u2019entr\u00e9e aux \u00c9tats-Unis de nouveaux \u00e9tudiants internationaux venus suivre les cours de <a href=\"https:\/\/www.huffingtonpost.fr\/international\/article\/sous-trump-l-universite-harvard-desormais-interdite-d-accueillir-des-etudiants-etrangers_250412.html\" target=\"_blank\" rel=\"noopener\">l\u2019universit\u00e9 de Harvard<\/a>, estimant que l\u2019institution risquait \u00ab\u00a0un pr\u00e9judice imm\u00e9diat et irr\u00e9parable\u00a0\u00bb avant m\u00eame de pouvoir \u00eatre entendue.<\/p>\n<p class=\"asset asset-text\">En pleine guerre contre des universit\u00e9s qu\u2019il consid\u00e8re \u00eatre des incubateurs du \u00ab\u00a0wokisme\u00a0\u00bb, Donald Trump a annonc\u00e9 ce mercredi soir qu\u2019il \u00e9tait \u00ab\u00a0n\u00e9cessaire de restreindre l\u2019entr\u00e9e aux ressortissants \u00e9trangers qui cherchent \u00e0 venir aux \u00c9tats-Unis pour participer, exclusivement ou en grande partie, \u00e0 un programme d\u2019\u00e9tudes de l\u2019universit\u00e9\u00a0Harvard\u00a0\u00bb.<\/p>\n<p class=\"asset asset-text\">Cette mesure devait s\u2019appliquer imm\u00e9diatement \u00e0 l\u2019encontre des \u00ab\u00a0\u00e9trangers qui entrent ou tentent d\u2019entrer aux \u00c9tats-Unis pour commencer \u00e0 participer\u00a0\u00bb \u00e0 des programmes de l\u2019universit\u00e9. Elle devait rester en vigueur pour six mois, sauf en cas de prolongement, selon le pr\u00e9sident am\u00e9ricain.<\/p>\n<p class=\"asset asset-text\">Mais ce jeudi, Harvard\u00a0a contest\u00e9 devant les tribunaux cette mesure de l\u2019administration Trump qui fait partie, selon elle, \u00ab\u00a0d\u2019une campagne concert\u00e9e, allant crescendo, de repr\u00e9sailles\u00a0\u00bb contre cette universit\u00e9 qui \u00ab\u00a0refuse\u00a0\u00bb de c\u00e9der aux pressions du gouvernement.<\/p>\n<p>                     Un pr\u00e9judice \u00ab\u00a0imm\u00e9diat et irr\u00e9parable\u00a0\u00bb    <\/p>\n<p class=\"asset asset-text\">Consid\u00e9rant que l\u2019universit\u00e9 de renom risquait de subir \u00ab\u00a0un pr\u00e9judice imm\u00e9diat et irr\u00e9parable avant que toutes les parties aient eu la possibilit\u00e9 d\u2019\u00eatre entendues\u00a0\u00bb, la juge Allison D. Burroughs a suspendu ce jeudi la mesure de Donald Trump, d\u2019apr\u00e8s un document judiciaire consult\u00e9 par l\u2019AFP.<\/p>\n<p class=\"asset asset-text\">Fin mai, le gouvernement avait d\u00e9j\u00e0 tent\u00e9 d\u2019interdire \u00e0\u00a0Harvard\u00a0d\u2019accueillir des \u00e9tudiants \u00e9trangers, en retirant \u00e0 cette universit\u00e9 sa certification SEVIS (Student and Exchange Visitor), le principal syst\u00e8me par lequel les \u00e9tudiants \u00e9trangers sont autoris\u00e9s \u00e0 \u00e9tudier aux \u00c9tats-Unis. Cette annonce avait provoqu\u00e9 beaucoup de stress pour les \u00e9tudiants, avant qu\u2019un tribunal f\u00e9d\u00e9ral du Massachusetts, \u00c9tat o\u00f9 est situ\u00e9\u00a0Harvard, ne leur accorde un sursis en bloquant temporairement cette mesure.<\/p>\n<p class=\"asset asset-text\">Mais Donald Trump est donc bien revenu \u00e0 la charge ce mercredi soir. Selon la mesure qu\u2019il a annonc\u00e9e, ceux qui sont actuellement inscrits \u00e0\u00a0Harvard, l\u2019universit\u00e9 la plus ancienne des \u00c9tats-Unis et l\u2019une des mieux class\u00e9es au monde, devaient faire l\u2019objet d\u2019un examen et s\u2019exposaient \u00e0 la r\u00e9vocation de leurs visas.<\/p>\n<p>                     \u00ab\u00a0Des pions dans la prise de pouvoir d\u2019un dictateur\u00a0\u00bb    <\/p>\n<p class=\"asset asset-text\">Harvard\u00a0est sur la ligne de front de la guerre que m\u00e8ne Donald Trump contre l\u2019enseignement sup\u00e9rieur, l\u2019universit\u00e9 ayant entre autres refus\u00e9 de se soumettre \u00e0 un contr\u00f4le de ses programmes acad\u00e9miques, de son personnel ou de ses \u00e9tudiants pour maintenir des subventions f\u00e9d\u00e9rales. Washington a d\u00e9j\u00e0 amput\u00e9 d\u2019environ 3\u00a0milliards de dollars les subventions de l\u2019universit\u00e9, qui a qualifi\u00e9 mercredi de \u00ab\u00a0repr\u00e9sailles\u00a0\u00bb les nouvelles mesures du gouvernement \u00e0 son \u00e9gard.<\/p>\n<p class=\"asset asset-text\">\u00ab\u00a0Je savais que l\u2019\u00e9t\u00e9 s\u2019annon\u00e7ait long\u00a0\u00bb, r\u00e9sumait \u00e0 l\u2019AFP un \u00e9tudiant indien de\u00a0Harvard\u00a0refusant la publication de son nom par crainte de mesures de r\u00e9torsion du gouvernement \u00e0 son encontre. \u00ab\u00a0Qu\u2019en est-il des \u00e9tudiants rentr\u00e9s chez eux pour l\u2019\u00e9t\u00e9\u00a0? Ils risquent de ne pas pouvoir revenir\u00a0\u00bb, d\u00e9clarait un autre \u00e9tudiant international, avant la suspension d\u00e9cid\u00e9e par la justice, alors qu\u2019il cherchait \u00e0 renouveler son visa.<\/p>\n<p class=\"asset asset-text\">Olivia Data, \u00e9tudiante en 4e ann\u00e9e en sciences politiques \u00e0\u00a0Harvard, comptant plusieurs amis \u00e9tudiants \u00e9trangers, d\u00e9crivait une nouvelle \u00ab\u00a0d\u00e9chirante et effrayante\u00a0\u00bb. \u00ab\u00a0Nos amis et camarades de classe sont utilis\u00e9s comme des pions dans la prise de pouvoir d\u2019un dictateur\u00a0\u00bb, alertait-elle. \u00ab\u00a0Aucun d\u2019entre nous ne sait o\u00f9 cela m\u00e8nera, ni si notre universit\u00e9 pourra prot\u00e9ger ses \u00e9tudiants dans le syst\u00e8me politique actuel\u00a0\u00bb.<\/p>\n","protected":false},"excerpt":{"rendered":"SOPHIE PARK \/ Getty Images via AFP L\u2019universit\u00e9 Harvard se refl\u00e8te dans la vitrine d\u2019un magasin de souvenirs&hellip;\n","protected":false},"author":2,"featured_media":156408,"comment_status":"","ping_status":"","sticky":false,"template":"","format":"standard","meta":{"footnotes":""},"categories":[5],"tags":[11,75,73,1011,27,666,14,12,28],"class_list":{"0":"post-156407","1":"post","2":"type-post","3":"status-publish","4":"format-standard","5":"has-post-thumbnail","7":"category-international","8":"tag-actualites","9":"tag-donald-trump","10":"tag-etats-unis","11":"tag-fr","12":"tag-france","13":"tag-harvard","14":"tag-international","15":"tag-news","16":"tag-world"},"share_on_mastodon":{"url":"https:\/\/pubeurope.com\/@fr\/114636242568626575","error":""},"_links":{"self":[{"href":"https:\/\/www.europesays.com\/fr\/wp-json\/wp\/v2\/posts\/156407","targetHints":{"allow":["GET"]}}],"collection":[{"href":"https:\/\/www.europesays.com\/fr\/wp-json\/wp\/v2\/posts"}],"about":[{"href":"https:\/\/www.europesays.com\/fr\/wp-json\/wp\/v2\/types\/post"}],"author":[{"embeddable":true,"href":"https:\/\/www.europesays.com\/fr\/wp-json\/wp\/v2\/users\/2"}],"replies":[{"embeddable":true,"href":"https:\/\/www.europesays.com\/fr\/wp-json\/wp\/v2\/comments?post=156407"}],"version-history":[{"count":0,"href":"https:\/\/www.europesays.com\/fr\/wp-json\/wp\/v2\/posts\/156407\/revisions"}],"wp:featuredmedia":[{"embeddable":true,"href":"https:\/\/www.europesays.com\/fr\/wp-json\/wp\/v2\/media\/156408"}],"wp:attachment":[{"href":"https:\/\/www.europesays.com\/fr\/wp-json\/wp\/v2\/media?parent=156407"}],"wp:term":[{"taxonomy":"category","embeddable":true,"href":"https:\/\/www.europesays.com\/fr\/wp-json\/wp\/v2\/categories?post=156407"},{"taxonomy":"post_tag","embeddable":true,"href":"https:\/\/www.europesays.com\/fr\/wp-json\/wp\/v2\/tags?post=156407"}],"curies":[{"name":"wp","href":"https:\/\/api.w.org\/{rel}","templated":true}]}}