{"id":15641,"date":"2025-04-10T18:51:10","date_gmt":"2025-04-10T18:51:10","guid":{"rendered":"https:\/\/www.europesays.com\/fr\/15641\/"},"modified":"2025-04-10T18:51:10","modified_gmt":"2025-04-10T18:51:10","slug":"bon-plan-pres-lille-nike-vans-kickers-plus-de-5-000-paires-de-chaussures-vendues-a-prix-casses","status":"publish","type":"post","link":"https:\/\/www.europesays.com\/fr\/15641\/","title":{"rendered":"Bon plan pr\u00e8s Lille. Nike, Vans, Kickers&#8230; plus de 5 000 paires de chaussures vendues \u00e0 prix cass\u00e9s"},"content":{"rendered":"<p>            Par<br \/>\n        <strong><br \/>\n            <a href=\"https:\/\/actu.fr\/auteur\/hervine-mahaud\" title=\"Consulter tous les articles de Hervine Mahaud\" target=\"_blank\" rel=\"noopener\">Hervine Mahaud<\/a><br \/>\n        <\/strong><\/p>\n<p>        Publi\u00e9 le<\/p>\n<p>            9 avr. 2025 \u00e0 13h00        <\/p>\n<p>C\u2019est un <b>bon plan<\/b> comme on les aime\u2009: des <b>chaussures<\/b>, <b>baskets<\/b> et <b>sandales<\/b>, principalement pour les <b>enfants<\/b>, vendues \u00e0 de tout <b>petits prix<\/b>. C\u2019est du c\u00f4t\u00e9 de <b>Wasquehal<\/b>, pr\u00e8s de <b>Lille<\/b>, que \u00e7a se passe, du 9 au 18\u00a0avril 2025. Au total, <b>plus de 5\u2009000 paires<\/b> seront propos\u00e9es.<\/p>\n<p>Des prix jusqu\u2019\u00e0 \u2013 70\u2009%<\/p>\n<p class=\" wall-content\">Cette grande vente est une nouvelle fois propos\u00e9e par <b>L\u2019\u00c9ph\u00e9m\u00e8re de Wasquehal<\/b>, un grand <b>site de ventes priv\u00e9es de 300m\u00b2<\/b> situ\u00e9 dans la m\u00e9tropole lilloise. L\u2019entreprise propose durant 8\u00a0jours \u00ab\u2009une grande vente exclusive de <b>chaussures, baskets, ballerines, sandales pour b\u00e9b\u00e9, fille et gar\u00e7on<\/b>, de <b>grandes marques<\/b> <b>du 19 au 45<\/b>. Un stock de folie avec <b>plus de 5\u2009000 paires<\/b> propos\u00e9es.\u2009\u00bb<\/p>\n<p class=\" wall-content\">Toutes les paires mises en vente sont issues de collections de grandes marques de baskets comme <b>Puma, Nike, New Balance, Vans<\/b>\u2026 On retrouve aussi des chaussures ou sandales confortables des c\u00e9l\u00e8bres marques <b>Kickers, Unisa, Ma\u00e0, Mod 8<\/b>\u2026<\/p>\n<p class=\" wall-content\"><a href=\"https:\/\/www.instagram.com\/p\/DIB3NIFoJyu\/embed\" title=\"Ouvrir le lien sur Instagram\" target=\"_blank\" rel=\"noopener\">Visualiser le contenu sur Instagram<\/a><\/p>\n<p class=\" wall-content\">C\u00f4t\u00e9 prix, ils d\u00e9buteront \u00e0 <b>10\u00a0\u20ac<\/b> et certaines paires afficheront un <b>rabais de \u2013 70\u2009% par rapport au tarif d\u2019origine<\/b>. De quoi refaire un stock de chaussures pour l\u2019arriv\u00e9e des beaux jours.<\/p>\n<p>Du mercredi\u00a09 au vendredi 18\u00a0avril 2025, de 10\u2009h \u00e0 19\u2009h. L\u2019\u00c9ph\u00e9m\u00e8re de Wasquehal, 410 rue Albert Bailly \u00e0 Wasquehal. Plus d\u2019infos sur <a href=\"https:\/\/www.facebook.com\/events\/3053240964880767\" target=\"_blank\" rel=\"noopener\">la page Facebook de l\u2019\u00e9v\u00e9nement<\/a>.Vid\u00e9os : en ce moment sur Actu<\/p>\n<p class=\" wall-content\">Suivez toute l\u2019actualit\u00e9 de vos villes et m\u00e9dias favoris en vous inscrivant \u00e0 <a href=\"https:\/\/moncompte.actu.fr\" title=\"D\u00e9couvez Mon Actu\" rel=\"nofollow noopener\" data-trk=\"{&quot;cta&quot;:{&quot;action&quot;:&quot;https:\\\/\\\/moncompte.actu.fr&quot;,&quot;category&quot;:&quot;mon compte&quot;,&quot;from&quot;:&quot;article footer&quot;,&quot;name&quot;:&quot;Mon actu&quot;,&quot;type&quot;:&quot;cta&quot;}}\" target=\"_blank\">Mon Actu<\/a>.<\/p>\n<p>                    <script async src=\"\/\/www.instagram.com\/embed.js\"><\/script><\/p>\n","protected":false},"excerpt":{"rendered":"Par Hervine Mahaud Publi\u00e9 le 9 avr. 2025 \u00e0 13h00 C\u2019est un bon plan comme on les aime\u2009:&hellip;\n","protected":false},"author":2,"featured_media":15642,"comment_status":"","ping_status":"","sticky":false,"template":"","format":"standard","meta":{"footnotes":""},"categories":[2815],"tags":[1111,11,6557,1777,674,1011,27,811,1307,12,25,104],"class_list":{"0":"post-15641","1":"post","2":"type-post","3":"status-publish","4":"format-standard","5":"has-post-thumbnail","7":"category-lille","8":"tag-actu","9":"tag-actualites","10":"tag-bon-plan-a-lille","11":"tag-eu","12":"tag-europe","13":"tag-fr","14":"tag-france","15":"tag-hauts-de-france","16":"tag-lille","17":"tag-news","18":"tag-republique-francaise","19":"tag-societe"},"share_on_mastodon":{"url":"https:\/\/pubeurope.com\/@fr\/114315177708981824","error":""},"_links":{"self":[{"href":"https:\/\/www.europesays.com\/fr\/wp-json\/wp\/v2\/posts\/15641","targetHints":{"allow":["GET"]}}],"collection":[{"href":"https:\/\/www.europesays.com\/fr\/wp-json\/wp\/v2\/posts"}],"about":[{"href":"https:\/\/www.europesays.com\/fr\/wp-json\/wp\/v2\/types\/post"}],"author":[{"embeddable":true,"href":"https:\/\/www.europesays.com\/fr\/wp-json\/wp\/v2\/users\/2"}],"replies":[{"embeddable":true,"href":"https:\/\/www.europesays.com\/fr\/wp-json\/wp\/v2\/comments?post=15641"}],"version-history":[{"count":0,"href":"https:\/\/www.europesays.com\/fr\/wp-json\/wp\/v2\/posts\/15641\/revisions"}],"wp:featuredmedia":[{"embeddable":true,"href":"https:\/\/www.europesays.com\/fr\/wp-json\/wp\/v2\/media\/15642"}],"wp:attachment":[{"href":"https:\/\/www.europesays.com\/fr\/wp-json\/wp\/v2\/media?parent=15641"}],"wp:term":[{"taxonomy":"category","embeddable":true,"href":"https:\/\/www.europesays.com\/fr\/wp-json\/wp\/v2\/categories?post=15641"},{"taxonomy":"post_tag","embeddable":true,"href":"https:\/\/www.europesays.com\/fr\/wp-json\/wp\/v2\/tags?post=15641"}],"curies":[{"name":"wp","href":"https:\/\/api.w.org\/{rel}","templated":true}]}}